{"id":519264,"date":"2025-11-07T22:58:12","date_gmt":"2025-11-07T22:58:12","guid":{"rendered":"https:\/\/www.europesays.com\/fr\/519264\/"},"modified":"2025-11-07T22:58:12","modified_gmt":"2025-11-07T22:58:12","slug":"finalement-la-plateforme-chinoise-echappe-a-la-suspension","status":"publish","type":"post","link":"https:\/\/www.europesays.com\/fr\/519264\/","title":{"rendered":"Finalement, la plateforme chinoise \u00e9chappe \u00e0 la suspension"},"content":{"rendered":"<p>Sous la menace d\u2019une suspension de son activit\u00e9, la plateforme de vente en ligne <a href=\"https:\/\/www.20minutes.fr\/monde\/shein\/\" target=\"_blank\" class=\"c-link c-link--is-underlined\" rel=\"noopener\">Shein<\/a> a finalement \u00e9chapp\u00e9 \u00e0 une sanction imm\u00e9diate en France. Apr\u00e8s un ultimatum de 48 heures impos\u00e9 par les autorit\u00e9s, le gouvernement a annonc\u00e9 vendredi avoir obtenu la suppression de \u00ab\u00a0tous les produits illicites vendus sur sa plateforme\u00a0\u00bb, tout en maintenant l\u2019entreprise \u00ab\u00a0sous surveillance rapproch\u00e9e des services de l\u2019Etat\u00a0\u00bb.<\/p>\n<p>Cette d\u00e9cision intervient apr\u00e8s la d\u00e9couverte, sur le site du g\u00e9ant chinois, de <a href=\"https:\/\/www.20minutes.fr\/societe\/4183869-20251105-suspension-ligne-ouverture-paris-nouveau-scandale-folle-journee-shein\" target=\"_blank\" class=\"c-link c-link--is-underlined\" rel=\"noopener\">poup\u00e9es sexuelles \u00e0 apparence enfantine et d\u2019armes de cat\u00e9gorie A<\/a>. Face \u00e0 cette situation jug\u00e9e intol\u00e9rable, le gouvernement avait exig\u00e9 une mise en conformit\u00e9 urgente. Dans un communiqu\u00e9, il se f\u00e9licite d\u00e9sormais d\u2019une \u00ab\u00a0victoire fondamentale\u00a0\u00bb pour la protection des consommateurs et l\u2019ordre public.<\/p>\n<p>\u00ab\u00a0Plus aucun produit illicite en vente sur Shein\u00a0\u00bb<\/p>\n<p>Selon la Direction g\u00e9n\u00e9rale de la concurrence, de la consommation et de la r\u00e9pression des fraudes (<a href=\"https:\/\/www.20minutes.fr\/dossier\/dgccrf\" target=\"_blank\" class=\"c-link c-link--is-underlined\" rel=\"noopener\">DGCCRF<\/a>), \u00ab\u00a0il n\u2019y a plus aucun produit illicite (objets \u00e0 caract\u00e8re p\u00e9dopornographique, armes blanches, m\u00e9dicaments,\u00a0etc.) en vente sur Shein\u00a0\u00bb. Cette mise en conformit\u00e9 d\u00e9coule de la d\u00e9cision de la plateforme de suspendre sa \u00ab\u00a0marketplace\u00a0\u00bb, espace de vente r\u00e9serv\u00e9 aux vendeurs tiers.<\/p>\n<\/p>\n<p>Mais l\u2019affaire est loin d\u2019\u00eatre close. Le gouvernement pr\u00e9cise que \u00ab\u00a0les proc\u00e9dures judiciaires \u00e0 l\u2019encontre de Shein continuent\u00a0\u00bb et qu\u2019un nouveau point de situation aura lieu la semaine prochaine \u00e0 la demande du Premier ministre S\u00e9bastien Lecornu. Le minist\u00e8re de l\u2019Int\u00e9rieur a par ailleurs saisi le tribunal judiciaire de Paris \u00ab\u00a0pour faire cesser les graves dommages \u00e0 l\u2019ordre public caus\u00e9s par les d\u00e9faillances r\u00e9p\u00e9t\u00e9es de Shein\u00a0\u00bb.<\/p>\n<p>Des enqu\u00eates en cours sur quatre plateformes<\/p>\n<p>Quatre enqu\u00eates distinctes concernant Shein, AliExpress, Temu et Wish, confi\u00e9es \u00e0 l\u2019Office des mineurs du parquet de Paris, sont en cours concernant la mise en vente de produits \u00e0 caract\u00e8re p\u00e9dopornographique. La France a \u00e9galement sollicit\u00e9 la <a href=\"https:\/\/www.20minutes.fr\/dossier\/commission_europeenne\" target=\"_blank\" class=\"c-link c-link--is-underlined\" rel=\"noopener\">Commission europ\u00e9enne<\/a>, qui a \u00ab\u00a0reconnu la gravit\u00e9 de la situation\u00a0\u00bb et ouvert une enqu\u00eate.<\/p>\n<p><a href=\"https:\/\/www.20minutes.fr\/monde\/shein\/\" target=\"_blank\" class=\"c-link c-btn c-btn--primary\" rel=\"noopener\">Notre dossier sur Shein<\/a><\/p>\n<p>Dans le m\u00eame temps, l\u2019ex\u00e9cutif promet de \u00ab\u00a0prendre toutes les mesures n\u00e9cessaires pour emp\u00eacher la commercialisation de tout produit illicite\u00a0\u00bb, tout en avertissant que d\u2019autres plateformes en ligne feront prochainement l\u2019objet de proc\u00e9dures similaires. Celles-ci n\u2019ont pas \u00e9t\u00e9 nomm\u00e9es \u00e0 ce stade. Sollicit\u00e9e par l\u2019AFP, Shein n\u2019a pas r\u00e9agi dans l\u2019imm\u00e9diat.<\/p>\n","protected":false},"excerpt":{"rendered":"Sous la menace d\u2019une suspension de son activit\u00e9, la plateforme de vente en ligne Shein a finalement \u00e9chapp\u00e9&hellip;\n","protected":false},"author":2,"featured_media":519265,"comment_status":"","ping_status":"","sticky":false,"template":"","format":"standard","meta":{"footnotes":""},"categories":[4],"tags":[47,11,2196,26525,1011,27,310,12,25,1104,104,1105],"class_list":{"0":"post-519264","1":"post","2":"type-post","3":"status-publish","4":"format-standard","5":"has-post-thumbnail","7":"category-france","8":"tag-actualite","9":"tag-actualites","10":"tag-commission-europeenne","11":"tag-dgccrf","12":"tag-fr","13":"tag-france","14":"tag-internet","15":"tag-news","16":"tag-republique-francaise","17":"tag-shein","18":"tag-societe","19":"tag-temu"},"share_on_mastodon":{"url":"https:\/\/pubeurope.com\/@fr\/115510896725076804","error":""},"_links":{"self":[{"href":"https:\/\/www.europesays.com\/fr\/wp-json\/wp\/v2\/posts\/519264","targetHints":{"allow":["GET"]}}],"collection":[{"href":"https:\/\/www.europesays.com\/fr\/wp-json\/wp\/v2\/posts"}],"about":[{"href":"https:\/\/www.europesays.com\/fr\/wp-json\/wp\/v2\/types\/post"}],"author":[{"embeddable":true,"href":"https:\/\/www.europesays.com\/fr\/wp-json\/wp\/v2\/users\/2"}],"replies":[{"embeddable":true,"href":"https:\/\/www.europesays.com\/fr\/wp-json\/wp\/v2\/comments?post=519264"}],"version-history":[{"count":0,"href":"https:\/\/www.europesays.com\/fr\/wp-json\/wp\/v2\/posts\/519264\/revisions"}],"wp:featuredmedia":[{"embeddable":true,"href":"https:\/\/www.europesays.com\/fr\/wp-json\/wp\/v2\/media\/519265"}],"wp:attachment":[{"href":"https:\/\/www.europesays.com\/fr\/wp-json\/wp\/v2\/media?parent=519264"}],"wp:term":[{"taxonomy":"category","embeddable":true,"href":"https:\/\/www.europesays.com\/fr\/wp-json\/wp\/v2\/categories?post=519264"},{"taxonomy":"post_tag","embeddable":true,"href":"https:\/\/www.europesays.com\/fr\/wp-json\/wp\/v2\/tags?post=519264"}],"curies":[{"name":"wp","href":"https:\/\/api.w.org\/{rel}","templated":true}]}}