{"id":519268,"date":"2025-11-07T23:01:38","date_gmt":"2025-11-07T23:01:38","guid":{"rendered":"https:\/\/www.europesays.com\/fr\/519268\/"},"modified":"2025-11-07T23:01:38","modified_gmt":"2025-11-07T23:01:38","slug":"saint-chamond-la-vie-de-leur-ami-a-bascule-ils-creent-une-association-pour-lui-venir-en-aide","status":"publish","type":"post","link":"https:\/\/www.europesays.com\/fr\/519268\/","title":{"rendered":"Saint-Chamond. La vie de leur ami a bascul\u00e9, ils cr\u00e9ent une association pour lui venir en aide"},"content":{"rendered":"<p>Ils se sont connus il y a 35 ans. Ils ont d\u00e9but\u00e9 ensemble leur vie professionnelle au sein de la SCEMM (Soci\u00e9t\u00e9 de construction et d\u2019exploitation de mat\u00e9riels et moteurs), un fleuron de la m\u00e9canique st\u00e9phanoise \u00e0 cette \u00e9poque. De cette p\u00e9riode, une amiti\u00e9 solide et ind\u00e9fectible s\u2019est forg\u00e9e. Pascal Charroin, Jean-Marc Fauvet, Philippe Mounier, Christophe Fraisse, Patrick Smajdor et Pascal Thivillier sont unis comme les cinq doigts d\u2019une main.<\/p>\n<p>Ils ont en commun des souvenirs ind\u00e9l\u00e9biles comme ces vir\u00e9es dans les gorges de l\u2019Ard\u00e8che ou ces s\u00e9jours sur les planches dans la poudreuse dans un chalet, lou\u00e9 via le comit\u00e9 d\u2019entreprise. Soud\u00e9s,<\/p>\n<p>Ils se sont tap\u00e9 des barres dans la grosse rigolade. Chacun a fait sa vie. La plupart ont quitt\u00e9 la SCEMM pour faire carri\u00e8re dans des entreprises publiques.<\/p>\n<p>Victi&#8230;                        <\/p>\n","protected":false},"excerpt":{"rendered":"Ils se sont connus il y a 35 ans. Ils ont d\u00e9but\u00e9 ensemble leur vie professionnelle au sein&hellip;\n","protected":false},"author":2,"featured_media":519269,"comment_status":"","ping_status":"","sticky":false,"template":"","format":"standard","meta":{"footnotes":""},"categories":[9653],"tags":[1111,11,2430,7539,1777,674,1011,27,1943,12,25,9669,9670,4001,104,1631],"class_list":{"0":"post-519268","1":"post","2":"type-post","3":"status-publish","4":"format-standard","5":"has-post-thumbnail","7":"category-saint-etienne","8":"tag-actu","9":"tag-actualites","10":"tag-auvergne-rhone-alpes","11":"tag-edition-loire-sud","12":"tag-eu","13":"tag-europe","14":"tag-fr","15":"tag-france","16":"tag-handicap","17":"tag-news","18":"tag-republique-francaise","19":"tag-saint-chamond","20":"tag-saint-chamond-ville","21":"tag-saint-etienne","22":"tag-societe","23":"tag-vie-associative"},"share_on_mastodon":{"url":"https:\/\/pubeurope.com\/@fr\/115510908267620783","error":""},"_links":{"self":[{"href":"https:\/\/www.europesays.com\/fr\/wp-json\/wp\/v2\/posts\/519268","targetHints":{"allow":["GET"]}}],"collection":[{"href":"https:\/\/www.europesays.com\/fr\/wp-json\/wp\/v2\/posts"}],"about":[{"href":"https:\/\/www.europesays.com\/fr\/wp-json\/wp\/v2\/types\/post"}],"author":[{"embeddable":true,"href":"https:\/\/www.europesays.com\/fr\/wp-json\/wp\/v2\/users\/2"}],"replies":[{"embeddable":true,"href":"https:\/\/www.europesays.com\/fr\/wp-json\/wp\/v2\/comments?post=519268"}],"version-history":[{"count":0,"href":"https:\/\/www.europesays.com\/fr\/wp-json\/wp\/v2\/posts\/519268\/revisions"}],"wp:featuredmedia":[{"embeddable":true,"href":"https:\/\/www.europesays.com\/fr\/wp-json\/wp\/v2\/media\/519269"}],"wp:attachment":[{"href":"https:\/\/www.europesays.com\/fr\/wp-json\/wp\/v2\/media?parent=519268"}],"wp:term":[{"taxonomy":"category","embeddable":true,"href":"https:\/\/www.europesays.com\/fr\/wp-json\/wp\/v2\/categories?post=519268"},{"taxonomy":"post_tag","embeddable":true,"href":"https:\/\/www.europesays.com\/fr\/wp-json\/wp\/v2\/tags?post=519268"}],"curies":[{"name":"wp","href":"https:\/\/api.w.org\/{rel}","templated":true}]}}