{"id":519270,"date":"2025-11-07T23:04:14","date_gmt":"2025-11-07T23:04:14","guid":{"rendered":"https:\/\/www.europesays.com\/fr\/519270\/"},"modified":"2025-11-07T23:04:14","modified_gmt":"2025-11-07T23:04:14","slug":"il-ne-faut-pas-fuir-ses-responsabilites-je-suis-responsable","status":"publish","type":"post","link":"https:\/\/www.europesays.com\/fr\/519270\/","title":{"rendered":"Il ne faut pas fuir ses responsabilit\u00e9s, je suis responsable"},"content":{"rendered":"<p data-start=\"196\" data-end=\"708\">Eirik Horneland va-t-il disputer son dernier match ce samedi (20h) sur le banc de Saint \u00c9tienne ? La question est l\u00e9gitime alors que l&rsquo;avenir du Norv\u00e9gien dans le Forez est assez incertain. D&rsquo;autant plus que le d\u00e9placement sur la pelouse de Troyes, leader de Ligue 2, est tr\u00e8s p\u00e9rilleux. Le coach des Verts est au centre de nombreuses critiques ces derni\u00e8res semaines. Les performances en dents de scie de son \u00e9quipe, malgr\u00e9 un recrutement XXL (25 millions d&rsquo;euros d\u00e9pens\u00e9s) r\u00e9alis\u00e9 lors du dernier mercato estival, ont fragilis\u00e9 son statut.<\/p>\n<p data-start=\"710\" data-end=\"868\">En conf\u00e9rence de presse, l&rsquo;ancien entra\u00eeneur de Brann (Norv\u00e8ge) n&rsquo;a pas fait dans la langue de bois au moment d&rsquo;\u00e9voquer les derniers matchs des St\u00e9phanois : \u00ab\u00a0Dans ma position, je suis le premier \u00e0 devoir me justifier de ces prestations. C\u2019est toujours difficile quand vous \u00eates dans une mauvaise passe, mais je ne me cacherai pas et je vais faire en sorte que tout le monde prenne conscience des responsabilit\u00e9s que nous avons afin de retrouver une situation plus normale.\u00a0\u00bb<\/p>\n<p>\u00ab\u00a0Parler avec les dirigeants, ce n\u2019est pas mon sujet du moment.\u00a0\u00bb<\/p>\n<p data-start=\"1257\" data-end=\"1621\">Forc\u00e9ment, le technicien de 50 ans a \u00e9t\u00e9 interrog\u00e9 sur son avenir \u00e0 la t\u00eate de l&rsquo;ASSE. Pour lui un d\u00e9part n&rsquo;est pas envisag\u00e9 : \u00ab\u00a0Parler avec les dirigeants, ce n\u2019est pas mon sujet du moment. Ma responsabilit\u00e9 est de tirer le meilleur de cette \u00e9quipe. Je suis concentr\u00e9 sur cette t\u00e2che. C\u2019est ce que je fais chaque jour depuis mon arriv\u00e9e, du matin jusqu\u2019au soir.\u00a0\u00bb<\/p>\n<p data-start=\"1623\" data-end=\"1820\">Malgr\u00e9 ces propos, l&rsquo;ancien d\u00e9fenseur a tenu \u00e0 assumer ses responsabilit\u00e9s, notamment apr\u00e8s la d\u00e9faite le week-end dernier face au Red Star (2-1), un concurrent direct pour la mont\u00e9e en Ligue 1 : \u00ab\u00a0Face \u00e0 cette situation, il ne faut pas fuir ses responsabilit\u00e9s : je suis responsable. \u00c9videmment, les joueurs aussi en ont. Il faut que l\u2019on se montre ensemble \u00e0 la hauteur des challenges qui sont les n\u00f4tres. On ne doit pas se cacher, \u00e7a vaut pour tout le monde, moi, le staff, les joueurs. Nous avons conscience de notre situation, on mesure la t\u00e2che qui nous attend.\u00a0\u00bb<\/p>\n<p data-start=\"2197\" data-end=\"2484\">Ce match sur la pelouse du Stade de l&rsquo;Aube contre le leader troyen est le meilleur moyen de relancer la saison du club du Forez. Mais une nouvelle d\u00e9faite mettrait les Verts \u00e0 8 points de leur adversaire du jour et l&rsquo;avenir d&rsquo;Eirik Horneland sur le banc st\u00e9phanois serait fortement incertain.<\/p>\n<p>Partagez cette info avec vos amis et vos proches en cliquant ici<br \/>Eirik Horneland (Saint Etienne) : \u00ab\u00a0il ne faut pas fuir ses responsabilit\u00e9s : je suis responsable\u00a0\u00bb<\/p>\n<p>Eirik Horneland, sous pression apr\u00e8s des r\u00e9sultats en dents de scie avec Saint-\u00c9tienne, affronte Troyes samedi. En cas de d\u00e9faite, l&rsquo;avenir du Norv\u00e9gien sur le banc st\u00e9phanois, d\u00e9j\u00e0 incertain, pourrait \u00eatre compromis.<\/p>\n<p> <img decoding=\"async\" width=\"76\" height=\"76\" loading=\"lazy\" src=\"https:\/\/static.wui.fr\/images_v3\/avatar-footnational.png\" alt=\"Clement Fradique\"\/><\/p>\n","protected":false},"excerpt":{"rendered":"Eirik Horneland va-t-il disputer son dernier match ce samedi (20h) sur le banc de Saint \u00c9tienne ? La&hellip;\n","protected":false},"author":2,"featured_media":519271,"comment_status":"","ping_status":"","sticky":false,"template":"","format":"standard","meta":{"footnotes":""},"categories":[9653],"tags":[1111,11,2430,1777,674,1011,27,59995,12,25,4001],"class_list":{"0":"post-519270","1":"post","2":"type-post","3":"status-publish","4":"format-standard","5":"has-post-thumbnail","7":"category-saint-etienne","8":"tag-actu","9":"tag-actualites","10":"tag-auvergne-rhone-alpes","11":"tag-eu","12":"tag-europe","13":"tag-fr","14":"tag-france","15":"tag-ligue-2-actus","16":"tag-news","17":"tag-republique-francaise","18":"tag-saint-etienne"},"share_on_mastodon":{"url":"https:\/\/pubeurope.com\/@fr\/115510920769105723","error":""},"_links":{"self":[{"href":"https:\/\/www.europesays.com\/fr\/wp-json\/wp\/v2\/posts\/519270","targetHints":{"allow":["GET"]}}],"collection":[{"href":"https:\/\/www.europesays.com\/fr\/wp-json\/wp\/v2\/posts"}],"about":[{"href":"https:\/\/www.europesays.com\/fr\/wp-json\/wp\/v2\/types\/post"}],"author":[{"embeddable":true,"href":"https:\/\/www.europesays.com\/fr\/wp-json\/wp\/v2\/users\/2"}],"replies":[{"embeddable":true,"href":"https:\/\/www.europesays.com\/fr\/wp-json\/wp\/v2\/comments?post=519270"}],"version-history":[{"count":0,"href":"https:\/\/www.europesays.com\/fr\/wp-json\/wp\/v2\/posts\/519270\/revisions"}],"wp:featuredmedia":[{"embeddable":true,"href":"https:\/\/www.europesays.com\/fr\/wp-json\/wp\/v2\/media\/519271"}],"wp:attachment":[{"href":"https:\/\/www.europesays.com\/fr\/wp-json\/wp\/v2\/media?parent=519270"}],"wp:term":[{"taxonomy":"category","embeddable":true,"href":"https:\/\/www.europesays.com\/fr\/wp-json\/wp\/v2\/categories?post=519270"},{"taxonomy":"post_tag","embeddable":true,"href":"https:\/\/www.europesays.com\/fr\/wp-json\/wp\/v2\/tags?post=519270"}],"curies":[{"name":"wp","href":"https:\/\/api.w.org\/{rel}","templated":true}]}}