{"id":519272,"date":"2025-11-07T23:05:37","date_gmt":"2025-11-07T23:05:37","guid":{"rendered":"https:\/\/www.europesays.com\/fr\/519272\/"},"modified":"2025-11-07T23:05:37","modified_gmt":"2025-11-07T23:05:37","slug":"une-patinoire-en-glace-naturelle-va-faire-son-retour-voici-ou","status":"publish","type":"post","link":"https:\/\/www.europesays.com\/fr\/519272\/","title":{"rendered":"une patinoire en glace naturelle va faire son retour, voici o\u00f9"},"content":{"rendered":"<p>            Par<br \/>\n        <strong><br \/>\n            <a href=\"https:\/\/actu.fr\/auteur\/amandine-mehl\" title=\"Consulter tous les articles de Amandine Mehl\" target=\"_blank\" rel=\"noopener\">Amandine Mehl<\/a><br \/>\n        <\/strong><\/p>\n<p>        Publi\u00e9 le<\/p>\n<p>            7 nov. 2025 \u00e0 17h28        <\/p>\n<p>Vendredi 21 novembre 2025, les F\u00eates de <a href=\"https:\/\/actu.fr\/tag\/saint-nicolas\" target=\"_blank\" rel=\"noopener\">Saint-Nicolas<\/a> seront lanc\u00e9es \u00e0 <strong>Nancy<\/strong>. Outre le <a href=\"https:\/\/actu.fr\/grand-est\/nancy_54395\/fetes-de-saint-nicolas-a-nancy-dates-theme-nouveautes-voici-tout-ce-que-l-on-sait-deja-de-l-edition-2025_63173235.html\" target=\"_blank\" rel=\"noopener\">d\u00e9fil\u00e9<\/a> tant attendu, les diff\u00e9rents <a href=\"https:\/\/actu.fr\/grand-est\/nancy_54395\/grand-village-de-saint-nicolas-a-nancy-de-nouveaux-horaires-annonces-pour-2025_63395946.html\" target=\"_blank\" rel=\"noopener\">villages<\/a> ou encore les <strong>spectacles<\/strong>, le public pourra retrouver la <strong>patinoire<\/strong> place de la Carri\u00e8re.\u00a0<\/p>\n<p class=\" wall-content\">Avec, contrairement aux ann\u00e9es pr\u00e9c\u00e9dentes, une <strong>diff\u00e9rence de taille<\/strong> : le retour de la <strong>glace naturelle<\/strong>.<\/p>\n<p>Une patinoire avec de la glace naturelle place de la Carri\u00e8re<\/p>\n<p class=\" wall-content\">La nouvelle ravira certainement les patineurs, qui pour beaucoup ont \u00e9t\u00e9 d\u00e9\u00e7us de la <a href=\"https:\/\/actu.fr\/grand-est\/nancy_54395\/fetes-de-saint-nicolas-a-nancy-pourquoi-n-y-a-t-il-presque-jamais-personne-a-la-patinoire-cette-annee_55594549.html\" target=\"_blank\" rel=\"noopener\">patinoire<\/a> synth\u00e9tique. Durant plusieurs semaines, il leur sera possible de profiter d\u2019une <strong>v\u00e9ritable patinoire de 50 m\u00e8tres sur 10 m\u00e8tres<\/strong>.<\/p>\n<p class=\" wall-content\">Un retour qualifi\u00e9 de <strong>raisonn\u00e9<\/strong> par l\u2019adjoint d\u00e9l\u00e9gu\u00e9 au territoire centre, aux mobilit\u00e9s et au stationnement, au domaine public, \u00e0 la foire attractive et aux grandes manifestations, <strong>Thomas Souverain<\/strong>.<\/p>\n<blockquote class=\"ac-article-quote wall-content\">\n<p>Une patinoire, c&rsquo;est \u00e9videmment de l&rsquo;eau qui se transforme en glace et des dispositifs qui permettent de maintenir la glace \u00e0 l&rsquo;\u00e9tat de glace. Ces quatre derni\u00e8res ann\u00e9es, les technologies ont \u00e9volu\u00e9 et elles ont aujourd&rsquo;hui un impact environnemental plus mesur\u00e9, plus raisonnable. Concernant l&rsquo;eau, nous r\u00e9cup\u00e9rons celle des bassins de la plage des Deux Rives.<\/p>\n<p>    <strong>Thomas Souverain<\/strong><br \/>\n        Adjoint d\u00e9l\u00e9gu\u00e9 au territoire centre, aux mobilit\u00e9s et au stationnement, au domaine public, \u00e0 la foire attractive et aux grandes manifestations    <\/p><\/blockquote>\n<p class=\" wall-content\">Une <strong>r\u00e9cup\u00e9ration de l\u2019eau<\/strong> et <strong>des dispositifs \u00ab\u00a0moins \u00e9nergivores\u00a0\u00bb<\/strong> donc, qui ont incit\u00e9 la Ville \u00e0 renouer avec la glace naturelle.<\/p>\n<p class=\" wall-content\">Personnalisez votre actualit\u00e9 en ajoutant vos villes et m\u00e9dias en favori avec <a href=\"https:\/\/moncompte.actu.fr\" title=\"D\u00e9couvez Mon Actu\" rel=\"nofollow noopener\" data-trk=\"{&quot;cta&quot;:{&quot;action&quot;:&quot;https:\\\/\\\/moncompte.actu.fr&quot;,&quot;category&quot;:&quot;mon compte&quot;,&quot;from&quot;:&quot;article footer&quot;,&quot;name&quot;:&quot;Mon actu&quot;,&quot;type&quot;:&quot;cta&quot;}}\" target=\"_blank\">Mon Actu<\/a>.<\/p>\n","protected":false},"excerpt":{"rendered":"Par Amandine Mehl Publi\u00e9 le 7 nov. 2025 \u00e0 17h28 Vendredi 21 novembre 2025, les F\u00eates de Saint-Nicolas&hellip;\n","protected":false},"author":2,"featured_media":519273,"comment_status":"","ping_status":"","sticky":false,"template":"","format":"standard","meta":{"footnotes":""},"categories":[9635],"tags":[1111,11,1777,674,1011,27,775,1702,12,25,14334,104],"class_list":{"0":"post-519272","1":"post","2":"type-post","3":"status-publish","4":"format-standard","5":"has-post-thumbnail","7":"category-nancy","8":"tag-actu","9":"tag-actualites","10":"tag-eu","11":"tag-europe","12":"tag-fr","13":"tag-france","14":"tag-grand-est","15":"tag-nancy","16":"tag-news","17":"tag-republique-francaise","18":"tag-saint-nicolas","19":"tag-societe"},"share_on_mastodon":{"url":"https:\/\/pubeurope.com\/@fr\/115510924057861424","error":""},"_links":{"self":[{"href":"https:\/\/www.europesays.com\/fr\/wp-json\/wp\/v2\/posts\/519272","targetHints":{"allow":["GET"]}}],"collection":[{"href":"https:\/\/www.europesays.com\/fr\/wp-json\/wp\/v2\/posts"}],"about":[{"href":"https:\/\/www.europesays.com\/fr\/wp-json\/wp\/v2\/types\/post"}],"author":[{"embeddable":true,"href":"https:\/\/www.europesays.com\/fr\/wp-json\/wp\/v2\/users\/2"}],"replies":[{"embeddable":true,"href":"https:\/\/www.europesays.com\/fr\/wp-json\/wp\/v2\/comments?post=519272"}],"version-history":[{"count":0,"href":"https:\/\/www.europesays.com\/fr\/wp-json\/wp\/v2\/posts\/519272\/revisions"}],"wp:featuredmedia":[{"embeddable":true,"href":"https:\/\/www.europesays.com\/fr\/wp-json\/wp\/v2\/media\/519273"}],"wp:attachment":[{"href":"https:\/\/www.europesays.com\/fr\/wp-json\/wp\/v2\/media?parent=519272"}],"wp:term":[{"taxonomy":"category","embeddable":true,"href":"https:\/\/www.europesays.com\/fr\/wp-json\/wp\/v2\/categories?post=519272"},{"taxonomy":"post_tag","embeddable":true,"href":"https:\/\/www.europesays.com\/fr\/wp-json\/wp\/v2\/tags?post=519272"}],"curies":[{"name":"wp","href":"https:\/\/api.w.org\/{rel}","templated":true}]}}