{"id":519274,"date":"2025-11-07T23:06:36","date_gmt":"2025-11-07T23:06:36","guid":{"rendered":"https:\/\/www.europesays.com\/fr\/519274\/"},"modified":"2025-11-07T23:06:36","modified_gmt":"2025-11-07T23:06:36","slug":"laval-se-releve-a-nancy-montpellier-solide-clermont-renversant","status":"publish","type":"post","link":"https:\/\/www.europesays.com\/fr\/519274\/","title":{"rendered":"Laval se rel\u00e8ve \u00e0 Nancy, Montpellier solide, Clermont renversant\u2026"},"content":{"rendered":"<p>Une soir\u00e9e attendue, pour le dernier week-end avant l\u2019entr\u00e9e en lice des formations de l\u2019antichambre de l\u2019\u00e9lite fran\u00e7aise au septi\u00e8me tour de la Coupe de France. Ce vendredi 7 novembre marquait effectivement le quatorzi\u00e8me multiplex de Ligue 2 de la saison. \u00c0 cette occasion, six matchs se disputent en simultan\u00e9. Pour notre plus grand bonheur, aucun score nul et vierge n\u2019a \u00e9t\u00e9 \u00e0 d\u00e9plorer, tandis que quinze buts ont \u00e9t\u00e9 inscrits. En haut de tableau, Montpellier s\u2019est appuy\u00e9 sur un coup-franc exceptionnel de T\u00e9ji Savanier pour s\u2019imposer face au FC Annecy et ainsi prendre provisoirement la troisi\u00e8me place du classement \u00e0 l\u2019ASSE.\u00a0<\/p>\n<p>Victorieux ce soir, l\u2019USL Dunkerque et le Stade de Reims se placent en embuscade. En bas de tableau, le gros coup est \u00e0 mettre \u00e0 l\u2019honneur du Stade Lavallois, qui est parti s\u2019imposer sur le score de deux buts \u00e0 z\u00e9ro sur la pelouse de l\u2019AS Nancy-Lorraine. Pour sa part, l&rsquo;US Boulogne CO est parvenu \u00e0 arracher le point du match nul face \u00e0 Dunkerque. Clermont a renvers\u00e9 Amiens dans le temps additionnel, gr\u00e2ce \u00e0 deux penaltys obtenus et transform\u00e9s par Kader Bamba. Enfin, Grenoble a rapidement fait le n\u00e9cessaire contre Rodez et passe devant son adversaire du soir. Sans plus tarder, d\u00e9couvrez les r\u00e9sultats du quatorzi\u00e8me multiplex de Ligue 2.\u00a0<\/p>\n<p>Les r\u00e9sultats<\/p>\n<ul>\n<li>Dunkerque 1 &#8211; 1 Boulogne<\/li>\n<li>Clermont 2 &#8211; 1 Amiens<\/li>\n<li>Bastia 1 &#8211; 3 Reims<\/li>\n<li>Grenoble 2 &#8211; 1 Rodez<\/li>\n<li>Montpellier 1 &#8211; 0 Annecy<\/li>\n<li>Nancy 0 &#8211; 2 Laval<\/li>\n<\/ul>\n<p><a href=\"https:\/\/www.foot-national.com\/data\/classement-ligue2.html\" rel=\"nofollow noopener\" target=\"_blank\">Classement complet Ligue 2<\/a><\/p>\n<p>Partagez cette info avec vos amis et vos proches en cliquant ici<br \/>Pour r\u00e9sumer<\/p>\n<p>Une soir\u00e9e attendue, pour le dernier week-end avant l\u2019entr\u00e9e en lice des formations de l\u2019antichambre de l\u2019\u00e9lite fran\u00e7aise au septi\u00e8me tour de la Coupe de France. Ce vendredi 7 novembre marquait effectivement le quatorzi\u00e8me multiplex de Ligue 2 de la saison.<\/p>\n<p> <img decoding=\"async\" width=\"76\" height=\"76\" loading=\"lazy\" src=\"https:\/\/static.wui.fr\/images_v3\/avatar-footnational.png\" alt=\"Youcef Ghalaza-Boudra\"\/><\/p>\n","protected":false},"excerpt":{"rendered":"Une soir\u00e9e attendue, pour le dernier week-end avant l\u2019entr\u00e9e en lice des formations de l\u2019antichambre de l\u2019\u00e9lite fran\u00e7aise&hellip;\n","protected":false},"author":2,"featured_media":519275,"comment_status":"","ping_status":"","sticky":false,"template":"","format":"standard","meta":{"footnotes":""},"categories":[9635],"tags":[1111,11,1777,674,1011,27,775,59995,1702,12,25],"class_list":{"0":"post-519274","1":"post","2":"type-post","3":"status-publish","4":"format-standard","5":"has-post-thumbnail","7":"category-nancy","8":"tag-actu","9":"tag-actualites","10":"tag-eu","11":"tag-europe","12":"tag-fr","13":"tag-france","14":"tag-grand-est","15":"tag-ligue-2-actus","16":"tag-nancy","17":"tag-news","18":"tag-republique-francaise"},"share_on_mastodon":{"url":"https:\/\/pubeurope.com\/@fr\/115510928514362041","error":""},"_links":{"self":[{"href":"https:\/\/www.europesays.com\/fr\/wp-json\/wp\/v2\/posts\/519274","targetHints":{"allow":["GET"]}}],"collection":[{"href":"https:\/\/www.europesays.com\/fr\/wp-json\/wp\/v2\/posts"}],"about":[{"href":"https:\/\/www.europesays.com\/fr\/wp-json\/wp\/v2\/types\/post"}],"author":[{"embeddable":true,"href":"https:\/\/www.europesays.com\/fr\/wp-json\/wp\/v2\/users\/2"}],"replies":[{"embeddable":true,"href":"https:\/\/www.europesays.com\/fr\/wp-json\/wp\/v2\/comments?post=519274"}],"version-history":[{"count":0,"href":"https:\/\/www.europesays.com\/fr\/wp-json\/wp\/v2\/posts\/519274\/revisions"}],"wp:featuredmedia":[{"embeddable":true,"href":"https:\/\/www.europesays.com\/fr\/wp-json\/wp\/v2\/media\/519275"}],"wp:attachment":[{"href":"https:\/\/www.europesays.com\/fr\/wp-json\/wp\/v2\/media?parent=519274"}],"wp:term":[{"taxonomy":"category","embeddable":true,"href":"https:\/\/www.europesays.com\/fr\/wp-json\/wp\/v2\/categories?post=519274"},{"taxonomy":"post_tag","embeddable":true,"href":"https:\/\/www.europesays.com\/fr\/wp-json\/wp\/v2\/tags?post=519274"}],"curies":[{"name":"wp","href":"https:\/\/api.w.org\/{rel}","templated":true}]}}