{"id":519276,"date":"2025-11-07T23:08:12","date_gmt":"2025-11-07T23:08:12","guid":{"rendered":"https:\/\/www.europesays.com\/fr\/519276\/"},"modified":"2025-11-07T23:08:12","modified_gmt":"2025-11-07T23:08:12","slug":"national-2-labfc-ne-veut-pas-rester-en-rade-a-toulon","status":"publish","type":"post","link":"https:\/\/www.europesays.com\/fr\/519276\/","title":{"rendered":"National 2. L\u2019ABFC ne veut pas rester en rade \u00e0 Toulon"},"content":{"rendered":"<p> Toulon &#8211; Andr\u00e9zieux Ce samedi \u00e0 18 heures, au stade Bon Rencontre <\/p>\n<p>La rencontre face \u00e0 Fr\u00e9jus-Saint-Rapha\u00ebl a laiss\u00e9 pas mal de regrets dans les rangs andr\u00e9ziens. Compte tenu de leur domination et leur emprise sur le match au cours de la premi\u00e8re p\u00e9riode, les joueurs de Roland Vieira pouvaient, incontestablement, aspirer \u00e0 la victoire, m\u00eame si, sur l\u2019ensemble du match, le r\u00e9sultat nul ne para\u00eet pas illogique. \u00ab\u00a0Nous n\u2019avons pas r\u00e9ussi \u00e0 nous mettre \u00e0 l\u2019abri en&#8230;<\/p>\n","protected":false},"excerpt":{"rendered":"Toulon &#8211; Andr\u00e9zieux Ce samedi \u00e0 18 heures, au stade Bon Rencontre La rencontre face \u00e0 Fr\u00e9jus-Saint-Rapha\u00ebl a&hellip;\n","protected":false},"author":2,"featured_media":519277,"comment_status":"","ping_status":"","sticky":false,"template":"","format":"standard","meta":{"footnotes":""},"categories":[9619],"tags":[1111,11,17136,7359,1777,674,63,1011,27,12,882,25,17137,517,2310],"class_list":{"0":"post-519276","1":"post","2":"type-post","3":"status-publish","4":"format-standard","5":"has-post-thumbnail","7":"category-toulon","8":"tag-actu","9":"tag-actualites","10":"tag-andrezieux-boutheon","11":"tag-edition-loire-centre","12":"tag-eu","13":"tag-europe","14":"tag-football","15":"tag-fr","16":"tag-france","17":"tag-news","18":"tag-provence-alpes-cote-dazur","19":"tag-republique-francaise","20":"tag-saint-galmier-bassin","21":"tag-sport","22":"tag-toulon"},"share_on_mastodon":{"url":"https:\/\/pubeurope.com\/@fr\/115510935826745637","error":""},"_links":{"self":[{"href":"https:\/\/www.europesays.com\/fr\/wp-json\/wp\/v2\/posts\/519276","targetHints":{"allow":["GET"]}}],"collection":[{"href":"https:\/\/www.europesays.com\/fr\/wp-json\/wp\/v2\/posts"}],"about":[{"href":"https:\/\/www.europesays.com\/fr\/wp-json\/wp\/v2\/types\/post"}],"author":[{"embeddable":true,"href":"https:\/\/www.europesays.com\/fr\/wp-json\/wp\/v2\/users\/2"}],"replies":[{"embeddable":true,"href":"https:\/\/www.europesays.com\/fr\/wp-json\/wp\/v2\/comments?post=519276"}],"version-history":[{"count":0,"href":"https:\/\/www.europesays.com\/fr\/wp-json\/wp\/v2\/posts\/519276\/revisions"}],"wp:featuredmedia":[{"embeddable":true,"href":"https:\/\/www.europesays.com\/fr\/wp-json\/wp\/v2\/media\/519277"}],"wp:attachment":[{"href":"https:\/\/www.europesays.com\/fr\/wp-json\/wp\/v2\/media?parent=519276"}],"wp:term":[{"taxonomy":"category","embeddable":true,"href":"https:\/\/www.europesays.com\/fr\/wp-json\/wp\/v2\/categories?post=519276"},{"taxonomy":"post_tag","embeddable":true,"href":"https:\/\/www.europesays.com\/fr\/wp-json\/wp\/v2\/tags?post=519276"}],"curies":[{"name":"wp","href":"https:\/\/api.w.org\/{rel}","templated":true}]}}