{"id":519282,"date":"2025-11-07T23:12:13","date_gmt":"2025-11-07T23:12:13","guid":{"rendered":"https:\/\/www.europesays.com\/fr\/519282\/"},"modified":"2025-11-07T23:12:13","modified_gmt":"2025-11-07T23:12:13","slug":"le-poitiers-basket-confirme-face-a-rouen","status":"publish","type":"post","link":"https:\/\/www.europesays.com\/fr\/519282\/","title":{"rendered":"le Poitiers Basket confirme face \u00e0 Rouen"},"content":{"rendered":"<p><strong>Poitiers\u00a0&#8211; Rouen\u00a0: 96-86<\/strong><\/p>\n<p>La belle embellie se poursuit pour le Poitiers Basket 86. Apr\u00e8s avoir d\u00e9livr\u00e9 une merveille collective la semaine derni\u00e8re \u00e0 l\u2019Arena face au <a target=\"_self\" href=\"https:\/\/www.lanouvellerepublique.fr\/poitiers\/elite-2-le-chef-d-oeuvre-collectif-du-poitiers-basket-large-vainqueur-de-la-rochelle-1761951634\" rel=\"noopener\">Stade Rochelais (95-64)<\/a>, l&rsquo;\u00e9quipe d\u2019Andy Thornton-Jones a encha\u00een\u00e9 par un nouveau succ\u00e8s, cette fois face \u00e0 Rouen, et, pour la premi\u00e8re fois de la saison, pr\u00e9sente un bilan victoires-d\u00e9faites \u00e0 l\u2019\u00e9quilibre. \u00ab\u00a0C\u2019est tr\u00e8s positif mais ce n\u2019est pas une fin en soi, il reste \u00e9norm\u00e9ment de matchs\u00a0\u00bb, temp\u00e9rait Andy Thornton-Jones, <a target=\"_self\" href=\"https:\/\/www.lanouvellerepublique.fr\/poitiers\/elite-2-le-poitiers-basket-86-prolonge-son-entraineur-jusqu-en-2028-1762340101\" rel=\"noopener\">reconduit cette semaine jusqu\u2019en 2028<\/a>&#8230;. <\/p>\n<p>    Cet article a \u00e9t\u00e9 tronqu\u00e9. Abonnez-vous pour lire l&rsquo;article complet sur notre site.<\/p>\n<p style=\"margin: 0 !important; padding: 0 !important; font-size: 12px !important;\">Cet article a \u00e9t\u00e9 tronqu\u00e9. Abonnez-vous pour lire l&rsquo;article complet.<\/p>\n<p>    <a href=\"https:\/\/www.lanouvellerepublique.fr\/abonnements\" style=\"display: inline-block; margin-top: 5px !important; padding: 6px 12px !important; background: #cb1c27; color: white; text-decoration: none; border-radius: 4px; font-size: 12px !important;\" target=\"_blank\" rel=\"noopener\"><br \/>\n      S&rsquo;abonner<br \/>\n    <\/a><\/p>\n","protected":false},"excerpt":{"rendered":"Poitiers\u00a0&#8211; Rouen\u00a0: 96-86 La belle embellie se poursuit pour le Poitiers Basket 86. Apr\u00e8s avoir d\u00e9livr\u00e9 une merveille&hellip;\n","protected":false},"author":2,"featured_media":519283,"comment_status":"","ping_status":"","sticky":false,"template":"","format":"standard","meta":{"footnotes":""},"categories":[9587],"tags":[1392,1111,11,1465,7944,1777,674,1011,27,12,5161,1653,13224,25,9590,60,1584],"class_list":{"0":"post-519282","1":"post","2":"type-post","3":"status-publish","4":"format-standard","5":"has-post-thumbnail","7":"category-rouen","8":"tag-a-la-une-local","9":"tag-actu","10":"tag-actualites","11":"tag-basket","12":"tag-elite-2","13":"tag-eu","14":"tag-europe","15":"tag-fr","16":"tag-france","17":"tag-news","18":"tag-normandie","19":"tag-poitiers","20":"tag-poitiers-basket-86","21":"tag-republique-francaise","22":"tag-rouen","23":"tag-sports","24":"tag-vienne"},"share_on_mastodon":{"url":"https:\/\/pubeurope.com\/@fr\/115510951542901672","error":""},"_links":{"self":[{"href":"https:\/\/www.europesays.com\/fr\/wp-json\/wp\/v2\/posts\/519282","targetHints":{"allow":["GET"]}}],"collection":[{"href":"https:\/\/www.europesays.com\/fr\/wp-json\/wp\/v2\/posts"}],"about":[{"href":"https:\/\/www.europesays.com\/fr\/wp-json\/wp\/v2\/types\/post"}],"author":[{"embeddable":true,"href":"https:\/\/www.europesays.com\/fr\/wp-json\/wp\/v2\/users\/2"}],"replies":[{"embeddable":true,"href":"https:\/\/www.europesays.com\/fr\/wp-json\/wp\/v2\/comments?post=519282"}],"version-history":[{"count":0,"href":"https:\/\/www.europesays.com\/fr\/wp-json\/wp\/v2\/posts\/519282\/revisions"}],"wp:featuredmedia":[{"embeddable":true,"href":"https:\/\/www.europesays.com\/fr\/wp-json\/wp\/v2\/media\/519283"}],"wp:attachment":[{"href":"https:\/\/www.europesays.com\/fr\/wp-json\/wp\/v2\/media?parent=519282"}],"wp:term":[{"taxonomy":"category","embeddable":true,"href":"https:\/\/www.europesays.com\/fr\/wp-json\/wp\/v2\/categories?post=519282"},{"taxonomy":"post_tag","embeddable":true,"href":"https:\/\/www.europesays.com\/fr\/wp-json\/wp\/v2\/tags?post=519282"}],"curies":[{"name":"wp","href":"https:\/\/api.w.org\/{rel}","templated":true}]}}