{"id":519288,"date":"2025-11-07T23:15:12","date_gmt":"2025-11-07T23:15:12","guid":{"rendered":"https:\/\/www.europesays.com\/fr\/519288\/"},"modified":"2025-11-07T23:15:12","modified_gmt":"2025-11-07T23:15:12","slug":"des-pointures-du-blues-bientot-reunies-pres-de-rennes","status":"publish","type":"post","link":"https:\/\/www.europesays.com\/fr\/519288\/","title":{"rendered":"Des pointures du blues bient\u00f4t r\u00e9unies pr\u00e8s de Rennes"},"content":{"rendered":"<p>C\u2019est devenu le festival signature de la ville\u2026 Le Montfort blues festival est port\u00e9 par l\u2019association Roazhon blues, en partenariat avec la Ville.<\/p>\n<p>\u00a0Un partenariat gagnant gagnant qui nous permet de porter cette dix-septi\u00e8me \u00e9dition\u00a0\u00bb, assure C\u00e9dric Cobret, aux manettes depuis la naissance du festival, au c\u00f4t\u00e9 du pr\u00e9sident, Nicolas Sturma.<\/p>\n<p>\u00ab\u00a0Nous avons souhait\u00e9 aller plus loin\u00a0\u00bb<\/p>\n<p>Au fil des ann\u00e9es, l\u2019association a su se structurer et a aujourd\u2019hui les reins solides malgr\u00e9 un contexte compliqu\u00e9. \u00a0Nous avons en effet perdu 60\u00a0% de nos subventions, notamment celle du D\u00e9partement,explique-t-il. Par chance, la Ville et Montfort communaut\u00e9 ont maintenu leur soutien et nous sommes \u00e9galement riches de plus d\u2019une quarantaine de sponsors.\u00a0<\/p>\n<p>Roazhon blues parvient aussi \u00e0 faire face gr\u00e2ce \u00e0 son implication estivale \u00e0 la guinguette et, surtout, gr\u00e2ce \u00e0 ses b\u00e9n\u00e9voles qui eux aussi se structurent. \u00a0Nous avons un noyau dur d\u2019une vingtaine de b\u00e9n\u00e9voles actifs au quotidien et une quarantaine par soir lors du festival, souligne C\u00e9dric Cobret. Nous avons souhait\u00e9 aller plus loin en structurant l\u2019association par p\u00f4les afin d\u2019inscrire chaque b\u00e9n\u00e9vole dans le projet.\u00a0<\/p>\n<p>\u00ab\u00a0Un des plus grands guitaristes de blues italiens\u00a0\u00bb<\/p>\n<p>C\u2019est ainsi que le blues va une fois de plus rayonner dans la ville avec deux soir\u00e9es de concerts et trois concerts off, gratuits. \u00a0Nous retrouverons notre partenaire historique Le Galop\u20191 et une troisi\u00e8me ann\u00e9e de partenariat avec la galerie Quinconce. Un concert est aussi programm\u00e9 avec le nouveau caf\u00e9 \u00d4 Coin de la rue.\u00a0<\/p>\n<p>Parmi les groupes\u00a0: The Electric dukes, Shake the disease et Little legs, de 12\u00a0h \u00e0 17\u00a0h, dans ces diff\u00e9rents lieux.<\/p>\n<p>Montfort blues festival c\u2019est surtout des pointures du blues et une touche italienne qui va marquer cette \u00e9dition. \u00a0Nous aurons effectivement Mike Sponza le vendredi, il est l\u2019un des plus grands guitaristes de blues italiens. Puis, le samedi, nous recevrons Egidio Jukes Ingala and the Jacknives. Ils proposent un blues urbain et moderne dans le style de Chicago.\u00a0<\/p>\n<p>\u00ab\u00a0Elle a jou\u00e9 avec les plus grands\u00a0\u00bb<\/p>\n<p>Pour ouvrir le bal de ce festival, la formation rennaise Lazy buddies f\u00eatera ses 20\u00a0ans. \u00a0C\u2019est notre groupe fil rouge depuis la cr\u00e9ation puisqu\u2019il fait partie des racines de l\u2019association.\u00a0 Il sera suivi de Peter Karp, r\u00e9put\u00e9 pour ses solos de guitare.<\/p>\n<p>Samedi, apr\u00e8s une ouverture avec le One man band nantais, Philippe Menard, place \u00e0 l\u2019Am\u00e9ricaine Tia Carroll (USA). \u00a0Elle a jou\u00e9 avec les plus grands et fait elle-m\u00eame partie des plus grandes. C\u2019est un immense plaisir de la recevoir.\u00a0<\/p>\n<p><strong>Vendredi\u00a014 et samedi 15\u00a0novembre 2025, <\/strong>au Confluent, billetterie@montfort-sur-meu.bzh. Contact\u00a0: t\u00e9l. 07\u00a068\u00a067\u00a016\u00a026.<\/p>\n<p>\u00a0<\/p>\n","protected":false},"excerpt":{"rendered":"C\u2019est devenu le festival signature de la ville\u2026 Le Montfort blues festival est port\u00e9 par l\u2019association Roazhon blues,&hellip;\n","protected":false},"author":2,"featured_media":519289,"comment_status":"","ping_status":"","sticky":false,"template":"","format":"standard","meta":{"footnotes":""},"categories":[2821],"tags":[1111,11,10334,19271,829,1777,674,1011,27,12,64028,3762,584,25,35809],"class_list":{"0":"post-519288","1":"post","2":"type-post","3":"status-publish","4":"format-standard","5":"has-post-thumbnail","7":"category-rennes","8":"tag-actu","9":"tag-actualites","10":"tag-bientot","11":"tag-blues","12":"tag-bretagne","13":"tag-eu","14":"tag-europe","15":"tag-fr","16":"tag-france","17":"tag-news","18":"tag-pointures","19":"tag-pres","20":"tag-rennes","21":"tag-republique-francaise","22":"tag-reunies"},"share_on_mastodon":{"url":"https:\/\/pubeurope.com\/@fr\/115510963445847893","error":""},"_links":{"self":[{"href":"https:\/\/www.europesays.com\/fr\/wp-json\/wp\/v2\/posts\/519288","targetHints":{"allow":["GET"]}}],"collection":[{"href":"https:\/\/www.europesays.com\/fr\/wp-json\/wp\/v2\/posts"}],"about":[{"href":"https:\/\/www.europesays.com\/fr\/wp-json\/wp\/v2\/types\/post"}],"author":[{"embeddable":true,"href":"https:\/\/www.europesays.com\/fr\/wp-json\/wp\/v2\/users\/2"}],"replies":[{"embeddable":true,"href":"https:\/\/www.europesays.com\/fr\/wp-json\/wp\/v2\/comments?post=519288"}],"version-history":[{"count":0,"href":"https:\/\/www.europesays.com\/fr\/wp-json\/wp\/v2\/posts\/519288\/revisions"}],"wp:featuredmedia":[{"embeddable":true,"href":"https:\/\/www.europesays.com\/fr\/wp-json\/wp\/v2\/media\/519289"}],"wp:attachment":[{"href":"https:\/\/www.europesays.com\/fr\/wp-json\/wp\/v2\/media?parent=519288"}],"wp:term":[{"taxonomy":"category","embeddable":true,"href":"https:\/\/www.europesays.com\/fr\/wp-json\/wp\/v2\/categories?post=519288"},{"taxonomy":"post_tag","embeddable":true,"href":"https:\/\/www.europesays.com\/fr\/wp-json\/wp\/v2\/tags?post=519288"}],"curies":[{"name":"wp","href":"https:\/\/api.w.org\/{rel}","templated":true}]}}