{"id":519291,"date":"2025-11-07T23:17:38","date_gmt":"2025-11-07T23:17:38","guid":{"rendered":"https:\/\/www.europesays.com\/fr\/519291\/"},"modified":"2025-11-07T23:17:38","modified_gmt":"2025-11-07T23:17:38","slug":"un-banquet-de-noel-avec-le-lac-des-cygnes-dans-une-eglise","status":"publish","type":"post","link":"https:\/\/www.europesays.com\/fr\/519291\/","title":{"rendered":"un banquet de No\u00ebl avec \u00ab Le Lac des Cygnes \u00bb dans une \u00e9glise"},"content":{"rendered":"<p>    <img loading=\"lazy\" width=\"1800\" height=\"900\" src=\"https:\/\/www.europesays.com\/fr\/wp-content\/uploads\/2025\/11\/jeanne-callthepolice.jpg\" class=\"attachment-full size-full\" alt=\"\" id=\"imageLove\" decoding=\"async\"  \/><\/p>\n<p id=\"breadcrumbs\"><a href=\"https:\/\/pokaa.fr\/\" target=\"_blank\" rel=\"noopener\">Accueil<\/a> \/ <a href=\"https:\/\/pokaa.fr\/categories\/ses-sorties\/\" target=\"_blank\" rel=\"noopener\">Sorties<\/a> \/ Bient\u00f4t \u00e0 Strasbourg : un banquet de No\u00ebl avec \u00ab Le Lac des Cygnes \u00bb dans une \u00e9glise<\/p>\n<p>                    Sorties<\/p>\n<p><strong>\u00c0 Strasbourg, on conna\u00eet d\u00e9sormais bien l\u2019\u00e9glise Saint-Guillaume pour sa programmation culturelle insolite. Op\u00e9ras, nuits blanches ou encore spectacles de pole dance : dans ce d\u00e9cor, Passions Crois\u00e9es a d\u00e9j\u00e0 organis\u00e9 de de nombreux \u00e9v\u00e9nements. Et c\u2019est loin d\u2019\u00eatre fini. Pour No\u00ebl, les banquets font leur grand retour. Au programme ? Ballet et menu gastronomique, dans une atmosph\u00e8re f\u00e9\u00e9rique. On vous d\u00e9taille tout \u00e7a.<\/strong><\/p>\n<p>Envie de se mettre dans l\u2019ambiance de No\u00ebl en passant un moment hors du temps\u00a0? <strong>Le 5 d\u00e9cembre, de 19h \u00e0 23h, Passions Crois\u00e9es organise la troisi\u00e8me \u00e9dition de son banquet de No\u00ebl.<\/strong> Cette ann\u00e9e, c\u2019est le ballet <strong>Le Lac des Cygnes<\/strong> qui viendra r\u00e9galer nos mirettes, entre chaque <strong>service d\u2019un d\u00eener en cinq temps. <\/strong><\/p>\n<p>Les danseurs\/ses <strong>Elodie Allary<\/strong> et <strong>Vassiliy Evlachev <\/strong>seront respectivement dans la peau d\u2019Odette et du prince Siegfried. Le duo sera accompagn\u00e9 de la violoniste <strong>Iris Scialom<\/strong>, nomm\u00e9e dans la cat\u00e9gorie \u00ab r\u00e9v\u00e9lation instrumentale \u00bb aux Victoires de la Musique 2025, ainsi que <strong>du pianiste et metteur en sc\u00e8ne Guillem Aubry<\/strong>. Le tout dans <strong>un magnifique d\u00e9cor sign\u00e9 Cyril Pallaud.<\/strong><\/p>\n<p>                <img width=\"400\" height=\"500\" src=\"https:\/\/www.europesays.com\/fr\/wp-content\/uploads\/2025\/11\/casse-noisette-diner-de-noel-antonin-schnurr-4-400x500.jpg\" class=\"attachment-gallery size-gallery\" alt=\"Casse noisette d\u00eener de no\u00ebl antonin schnurr (4) saint guillaume\" data-full-url=\"https:\/\/pokaa.fr\/wp-content\/uploads\/2025\/11\/05\/casse-noisette-diner-de-noel-antonin-schnurr-4.jpg\" decoding=\"async\" loading=\"lazy\"  \/>            <\/p>\n<p>                <img width=\"401\" height=\"500\" src=\"https:\/\/www.europesays.com\/fr\/wp-content\/uploads\/2025\/11\/casse-noisette-diner-de-noel-antonin-schnurr-5-401x500.jpg\" class=\"attachment-gallery size-gallery\" alt=\"Casse noisette d\u00eener de no\u00ebl antonin schnurr (5) saint guillaume\" data-full-url=\"https:\/\/pokaa.fr\/wp-content\/uploads\/2025\/11\/05\/casse-noisette-diner-de-noel-antonin-schnurr-5.jpg\" decoding=\"async\" loading=\"lazy\"  \/>            <\/p>\n<p>                <img width=\"400\" height=\"500\" src=\"https:\/\/www.europesays.com\/fr\/wp-content\/uploads\/2025\/11\/casse-noisette-diner-de-noel-antonin-schnurr-1-400x500.jpg\" class=\"attachment-gallery size-gallery\" alt=\"Casse noisette d\u00eener de no\u00ebl antonin schnurr (1) saint guillaume\" data-full-url=\"https:\/\/pokaa.fr\/wp-content\/uploads\/2025\/11\/05\/casse-noisette-diner-de-noel-antonin-schnurr-1.jpg\" decoding=\"async\" loading=\"lazy\"  \/>            <\/p>\n<p>                <img width=\"400\" height=\"500\" src=\"https:\/\/www.europesays.com\/fr\/wp-content\/uploads\/2025\/11\/casse-noisette-diner-de-noel-antonin-schnurr-3-400x500.jpg\" class=\"attachment-gallery size-gallery\" alt=\"Casse noisette d\u00eener de no\u00ebl antonin schnurr (3) saint guillaume\" data-full-url=\"https:\/\/pokaa.fr\/wp-content\/uploads\/2025\/11\/05\/casse-noisette-diner-de-noel-antonin-schnurr-3.jpg\" decoding=\"async\" loading=\"lazy\"  \/>            <\/p>\n<p>                    \u00a9 Antonin Schnurr \/ Documents remis<\/p>\n<p>                <img width=\"375\" height=\"500\" src=\"https:\/\/www.europesays.com\/fr\/wp-content\/uploads\/2025\/08\/image00049-375x500.jpeg\" class=\"attachment-gallery size-gallery\" alt=\"\u00e9glise saint guillaume\" data-full-url=\"https:\/\/pokaa.fr\/wp-content\/uploads\/2025\/02\/21\/image00049.jpeg\" decoding=\"async\" loading=\"lazy\"  \/>            <\/p>\n<p>                <img width=\"333\" height=\"500\" src=\"https:\/\/www.europesays.com\/fr\/wp-content\/uploads\/2025\/09\/bi-a-saint-guillaume-alban-hefti-document-remis-4-333x500.jpg\" class=\"attachment-gallery size-gallery\" alt=\"BI + biblioth\u00e8ques id\u00e9ales + saint-guillaume\" data-full-url=\"https:\/\/pokaa.fr\/wp-content\/uploads\/2025\/09\/12\/bi-a-saint-guillaume-alban-hefti-document-remis-4.jpg\" decoding=\"async\" loading=\"lazy\"  \/>            <\/p>\n<p>                    1. \u00a9 Tiphaine Rabolt \/ Pokaa ; 2. \u00a9 Alban Hefti \/ Document remis<\/p>\n<p>Quatre heures de bonheur, entre ballet et mets \u00e0 tomber<\/p>\n<p>Ne l\u2019oublions pas : il s\u2019agit avant tout d\u2019un banquet, et il y aura de quoi se r\u00e9galer. <strong>Le spectacle se d\u00e9roulera entre les diff\u00e9rents services, assur\u00e9s par le restaurant La Casserole et son nouveau chef K\u00e9vin Stroh. <\/strong>Pour d\u00e9marrer les festivit\u00e9s, <strong>les champagnes Mo\u00ebt &amp; Chandon et Veuve Clicquot<\/strong> seront \u00e0 nouveau partenaires de l\u2019\u00e9v\u00e9nement pour son ap\u00e9ritif.<\/p>\n<p>Viendront ensuite des p\u00e9pites gustatives plus gourmandes les unes que les autres\u00a0: <strong>foie gras de canard, \u0153uf parfait ou encore carr\u00e9 de veau<\/strong> seront au rendez-vous, cuisin\u00e9s pour faire palpiter votre palais. En cas d\u2019allergies ou de r\u00e9gimes particuliers, pas de panique ! Le menu est adaptable sur demande, et le programme complet de la soir\u00e9e est disponible <a href=\"https:\/\/www.passions-croisees.com\/concert\/banquets-de-noel-le-lac-des-cygnes\/\" target=\"_blank\" rel=\"noopener\">en ligne.<\/a><\/p>\n<p>                <img width=\"334\" height=\"500\" src=\"https:\/\/www.europesays.com\/fr\/wp-content\/uploads\/2025\/11\/la-casserole-334x500.jpg\" class=\"attachment-gallery size-gallery\" alt=\"La casserole\" data-full-url=\"https:\/\/pokaa.fr\/wp-content\/uploads\/2025\/11\/05\/la-casserole.jpg\" decoding=\"async\" loading=\"lazy\"  \/>            <\/p>\n<p>                <img width=\"750\" height=\"500\" src=\"https:\/\/www.europesays.com\/fr\/wp-content\/uploads\/2025\/11\/la-casserole-3-750x500.jpg\" class=\"attachment-gallery size-gallery\" alt=\"La casserole (3)\" data-full-url=\"https:\/\/pokaa.fr\/wp-content\/uploads\/2025\/11\/05\/la-casserole-3.jpg\" decoding=\"async\" loading=\"lazy\"  \/>            <\/p>\n<p>                <img width=\"900\" height=\"340\" src=\"https:\/\/www.europesays.com\/fr\/wp-content\/uploads\/2025\/11\/la-casserole-2.jpg\" class=\"attachment-gallery size-gallery\" alt=\"La casserole (2)\" data-full-url=\"https:\/\/www.europesays.com\/fr\/wp-content\/uploads\/2025\/11\/la-casserole-2.jpg\" decoding=\"async\" loading=\"lazy\"  \/>            <\/p>\n<p>                <img width=\"750\" height=\"500\" src=\"https:\/\/www.europesays.com\/fr\/wp-content\/uploads\/2025\/11\/la-casserole-1-750x500.jpg\" class=\"attachment-gallery size-gallery\" alt=\"La casserole (1)\" data-full-url=\"https:\/\/pokaa.fr\/wp-content\/uploads\/2025\/11\/05\/la-casserole-1.jpg\" decoding=\"async\" loading=\"lazy\"  \/>            <\/p>\n<p>                    \u00a9 La Casserole \/ Documents remis<\/p>\n<p>    <img width=\"800\" height=\"533\" src=\"https:\/\/www.europesays.com\/fr\/wp-content\/uploads\/2025\/11\/25-saint-valentin-02-800x533.jpg\" class=\"attachment-image-size-L size-image-size-L\" alt=\"saint guillaume passions crois\u00e9es\" decoding=\"async\" loading=\"lazy\"  \/>         Le d\u00eener de la Saint-Valentin 2025. \u00a9 Passions Crois\u00e9es \/ Document remis <\/p>\n<p>Il est possible de r\u00e9server <strong>des tables pour deux \u00e0 huit personnes, pour le prix de 100\u20ac par personne, comprenant le spectacle, le d\u00eener et les boissons. \u00c0 cela s\u2019ajoute un don minimum de 95\u20ac par personne,<\/strong> qui ouvre droit \u00e0 une d\u00e9duction fiscale (c\u2019est important de le souligner).<\/p>\n<p>Assister \u00e0 la r\u00e9p\u00e9tition g\u00e9n\u00e9rale, c\u2019est possible<\/p>\n<p>Pour les plus petites bourses, ou celles et ceux qui veulent uniquement voir le ballet, <strong>il sera possible d\u2019assister \u00e0 la r\u00e9p\u00e9tition g\u00e9n\u00e9rale du 2 d\u00e9cembre \u00e0 20h, pour la somme de 20\u20ac<\/strong> (gratuit\u00e9 pour les membres). Toutes les informations concernant cette date sont <a href=\"https:\/\/www.passions-croisees.com\/concert\/banquets-de-noel-le-lac-des-cygnes-copy-copy\/\" target=\"_blank\" rel=\"noopener\">par ici.\u00a0<\/a><\/p>\n<p><strong>Les diff\u00e9rentes r\u00e9servations se font sur la <a href=\"https:\/\/www.passions-croisees.com\/billetterie\/\" target=\"_blank\" rel=\"noopener\">billetterie en ligne<\/a>, ou par <a href=\"http:\/\/pokaa.fr\/cdn-cgi\/l\/email-protection#84e7ebeaf0e5e7f0c4f4e5f7f7edebeaf7a9e7f6ebedf7e1e1f7aae7ebe9\" target=\"_blank\" rel=\"noopener\">courriel<\/a>. <\/strong>Attention, les places partent comme des petits pains\u00a0!<\/p>\n<p>            Banquet de No\u00ebl<\/p>\n<p>            Quoi ? <\/p>\n<p>Soir\u00e9e ballet et repas gastronomique<\/p>\n<p>                Quand ?<\/p>\n<p>Le 5 d\u00e9cembre, de 19h \u00e0 23h<\/p>\n<p>            o\u00f9 ?<\/p>\n<p>\u00c9glise Saint-Guillaume, 1 rue Munch, \u00e0 Strasbourg<\/p>\n<p>                Plus d&rsquo;infos ?<\/p>\n<p><a href=\"https:\/\/www.passions-croisees.com\/billetterie\/\" target=\"_blank\" rel=\"noopener\">Billetterie en ligne<\/a><br \/>Par courriel : <a href=\"http:\/\/pokaa.fr\/cdn-cgi\/l\/email-protection#096a66677d686a7d4979687a7a6066677a246a7b66607a6c6c7a276a6664\" target=\"_blank\" rel=\"noopener\">[email\u00a0protected]<\/a><\/p>\n<p>    <img width=\"800\" height=\"533\" src=\"https:\/\/www.europesays.com\/fr\/wp-content\/uploads\/2025\/11\/casse-noisette-diner-de-noel-antonin-schnurr-2-800x533.jpg\" class=\"attachment-image-size-L size-image-size-L\" alt=\"Casse noisette d\u00eener de no\u00ebl antonin schnurr (2) saint guillaume\" decoding=\"async\" loading=\"lazy\"  \/>         \u00a9 Antonin Schnurr \/ Document remis <\/p>\n","protected":false},"excerpt":{"rendered":"Accueil \/ Sorties \/ Bient\u00f4t \u00e0 Strasbourg : un banquet de No\u00ebl avec \u00ab Le Lac des Cygnes&hellip;\n","protected":false},"author":2,"featured_media":519292,"comment_status":"","ping_status":"","sticky":false,"template":"","format":"standard","meta":{"footnotes":""},"categories":[2820],"tags":[1111,11,64029,1777,674,1011,27,775,64030,12,15830,20789,25,20790,640],"class_list":{"0":"post-519291","1":"post","2":"type-post","3":"status-publish","4":"format-standard","5":"has-post-thumbnail","7":"category-strasbourg","8":"tag-actu","9":"tag-actualites","10":"tag-banquet-de-noel","11":"tag-eu","12":"tag-europe","13":"tag-fr","14":"tag-france","15":"tag-grand-est","16":"tag-lac-des-cygnes","17":"tag-news","18":"tag-noel","19":"tag-passions-croisees","20":"tag-republique-francaise","21":"tag-saint-guillaume","22":"tag-strasbourg"},"share_on_mastodon":{"url":"https:\/\/pubeurope.com\/@fr\/115510972775590251","error":""},"_links":{"self":[{"href":"https:\/\/www.europesays.com\/fr\/wp-json\/wp\/v2\/posts\/519291","targetHints":{"allow":["GET"]}}],"collection":[{"href":"https:\/\/www.europesays.com\/fr\/wp-json\/wp\/v2\/posts"}],"about":[{"href":"https:\/\/www.europesays.com\/fr\/wp-json\/wp\/v2\/types\/post"}],"author":[{"embeddable":true,"href":"https:\/\/www.europesays.com\/fr\/wp-json\/wp\/v2\/users\/2"}],"replies":[{"embeddable":true,"href":"https:\/\/www.europesays.com\/fr\/wp-json\/wp\/v2\/comments?post=519291"}],"version-history":[{"count":0,"href":"https:\/\/www.europesays.com\/fr\/wp-json\/wp\/v2\/posts\/519291\/revisions"}],"wp:featuredmedia":[{"embeddable":true,"href":"https:\/\/www.europesays.com\/fr\/wp-json\/wp\/v2\/media\/519292"}],"wp:attachment":[{"href":"https:\/\/www.europesays.com\/fr\/wp-json\/wp\/v2\/media?parent=519291"}],"wp:term":[{"taxonomy":"category","embeddable":true,"href":"https:\/\/www.europesays.com\/fr\/wp-json\/wp\/v2\/categories?post=519291"},{"taxonomy":"post_tag","embeddable":true,"href":"https:\/\/www.europesays.com\/fr\/wp-json\/wp\/v2\/tags?post=519291"}],"curies":[{"name":"wp","href":"https:\/\/api.w.org\/{rel}","templated":true}]}}