{"id":519293,"date":"2025-11-07T23:19:32","date_gmt":"2025-11-07T23:19:32","guid":{"rendered":"https:\/\/www.europesays.com\/fr\/519293\/"},"modified":"2025-11-07T23:19:32","modified_gmt":"2025-11-07T23:19:32","slug":"16-ateliers-pour-liberer-son-imagination-a-strasbourg","status":"publish","type":"post","link":"https:\/\/www.europesays.com\/fr\/519293\/","title":{"rendered":"16 ateliers pour lib\u00e9rer son imagination \u00e0 Strasbourg"},"content":{"rendered":"<p><b>Le sapin de la place Kl\u00e9ber a point\u00e9 le bout de sa branche, annon\u00e7ant avec lui l\u2019arriv\u00e9e prochaine du march\u00e9 de No\u00ebl de Strasbourg et de l\u2019hiver. Si le centre-ville sera rapidement aux mains des touristes, profitons des prochaines semaines pour nous r\u00e9fugier dans la qui\u00e9tude d\u2019ateliers cr\u00e9atifs et de saison. D\u00e9coration, bricolage ou gourmandise : et si on d\u00e9couvrait une nouvelle passion, pour pr\u00e9parer les f\u00eates ou notre imminente hibernation ?<\/b><\/p>\n<p>Dans leurs ateliers, ou au d\u00e9tour d\u2019une boutique, <b>des artisan(e)s se cachent aussi dans le centre-ville de Strasbourg et ses environs.\u00a0<\/b><\/p>\n<p>Pour aller \u00e0 la d\u00e9couverte de leur artisanat, soutenir leur activit\u00e9, et s\u2019essayer \u00e0 un nouveau hobby, nous avons s\u00e9lectionn\u00e9 quelques ateliers cr\u00e9atifs. De la <b>d<\/b><b>\u00e9coration de saison<\/b> \u00e0 des id\u00e9es cadeaux\u00a0: de quoi bien accueillir l\u2019hiver. Et pour nous mettre No\u00ebl \u00e0 la bouche, <b>des ateliers culinaires !<\/b><\/p>\n<p>    <img width=\"800\" height=\"639\" src=\"https:\/\/www.europesays.com\/fr\/wp-content\/uploads\/2025\/11\/bredele-2-800x639.jpg\" class=\"attachment-image-size-L size-image-size-L\" alt=\"bredele avec Sandrine\" decoding=\"async\" loading=\"lazy\"  \/>         Atelier bredele avec Sandrine. \u00a9 Site Wecandoo \/ Document remis <\/p>\n<p>Des ateliers de saison avec des cr\u00e9atrices locales<br \/>\nLa Petite Marchande de Fleurs\u00a0: fleurs de saison<\/p>\n<p>Non loin de la caserne des pompiers\/\u00e8res quai Finkwiller, <a href=\"https:\/\/www.lapetitemarchandedefleurs.fr\/agenda-des-ateliers\/\" target=\"_blank\" rel=\"noopener nofollow\"><b>La Petite Marchande de Fleurs<\/b><\/a>\u00a0a ouvert au printemps dernier sa petite \u00e9choppe. Tapis arc-en-ciel sur le perron, s\u00e9lection de fleurs locales sur le trottoir\u2026<\/p>\n<p>Dans cet atelier-boutique \u00e0 la d\u00e9coration soign\u00e9e et color\u00e9e, on peut rencontrer <b>P\u00e9n\u00e9lope, une fleuriste chaleureuse<\/b> qui participe au rayonnement du <b>quartier Finkwiller<\/b>.<\/p>\n<p>    <img width=\"487\" height=\"600\" src=\"https:\/\/www.europesays.com\/fr\/wp-content\/uploads\/2025\/11\/esprit-de-la-boutique-2-67bdfdb26421d-487x600.webp.webp\" class=\"attachment-image-size-M size-image-size-M\" alt=\"Petite marchande de fleurs\" decoding=\"async\" loading=\"lazy\"  \/>         \u00a9 Site web de La Petite Marchande de Fleurs \/ Document remis <\/p>\n<p>Si elle propose <b>des ateliers<\/b> \u00e0 l\u2019ann\u00e9e (pour les enfants comme les adultes), on en a rep\u00e9r\u00e9 quelques-uns de saison : elle pr\u00e9pare notamment<b> un \u00ab Cabinet de curiosit\u00e9s botaniques \u00bb<\/b> (en collaboration avec l\u2019artiste<b> Chair Sacr\u00e9e<\/b>, le 15 novembre). Et pour d\u00e9corer son chez-soi pour les f\u00eates, elle nous donne rendez-vous les 22, 28 et 29 novembre pour <b>confectionner sa couronne de l\u2019Avent<\/b>.<\/p>\n<p style=\"text-align: left;\">Quant \u00e0 d\u00e9cembre, il sera question de <b>cr\u00e9er son chandelier de bougies fleuries, ses tables de No\u00ebl ou du Nouvel An<\/b> ou de s\u2019essayer au <b>crochet de No\u00ebl <\/b>(avec Le Crochet de Kass).<\/p>\n<p>Les Cr\u00e9atives\u00a0: un bouillonnant atelier collectif<\/p>\n<p>Partons cette fois <b>quai des P\u00eacheurs<\/b>, o\u00f9 <b>Les Cr\u00e9atives <\/b>(atelier cr\u00e9\u00e9 par la cr\u00e9atrice Amillo by Amandine)<b> <\/b>organiseront <b>plusieurs ateliers<\/b> dans leur discret local. Au fond de la petite cour, on retrouvera par exemple une initiation \u00e0 la <a href=\"https:\/\/wecandoo.fr\/atelier\/strasbourg-pauline-textile-initiation-broderie\" target=\"_blank\" rel=\"noopener nofollow\"><b>broderie avec Brode.Ouais<\/b><\/a>, le 20 novembre ou le 4 d\u00e9cembre. <a href=\"https:\/\/justepunkt.com\/ateliers\/\" target=\"_blank\" rel=\"noopener nofollow\"><b>Un atelier collage<\/b>, le 12 novembre, avec <b>Atelier Punkt<\/b><\/a>.<\/p>\n<p>                <a href=\"https:\/\/pokaa.fr\/2025\/11\/06\/shopping-restos-et-jolies-vues-une-journee-pour-redecouvrir-strasbourg-le-long-des-quais\/\" rel=\"nofollow noopener\" target=\"_blank\"><br \/>\n                    <img width=\"450\" height=\"270\" src=\"https:\/\/www.europesays.com\/fr\/wp-content\/uploads\/2025\/11\/capture-decran-2025-11-06-a-173945-450x270.png\" class=\"attachment-card-horizontal--same-subject size-card-horizontal--same-subject wp-post-image\" alt=\"\" decoding=\"async\" loading=\"lazy\"\/>                <\/a><\/p>\n<p>                <img width=\"750\" height=\"500\" src=\"https:\/\/www.europesays.com\/fr\/wp-content\/uploads\/2025\/11\/les-creatives-750x500.jpg\" class=\"attachment-gallery size-gallery\" alt=\"les cr\u00e9atives\" data-full-url=\"https:\/\/pokaa.fr\/wp-content\/uploads\/2025\/10\/16\/les-creatives.jpg\" decoding=\"async\" loading=\"lazy\"  \/>            <\/p>\n<p>                <img width=\"750\" height=\"500\" src=\"https:\/\/www.europesays.com\/fr\/wp-content\/uploads\/2025\/11\/brodeouais-750x500.jpg\" class=\"attachment-gallery size-gallery\" alt=\"brode.ouais + les cr\u00e9atives\" data-full-url=\"https:\/\/pokaa.fr\/wp-content\/uploads\/2025\/10\/16\/brodeouais.jpg\" decoding=\"async\" loading=\"lazy\"  \/>            <\/p>\n<p>                <img width=\"750\" height=\"500\" src=\"https:\/\/www.europesays.com\/fr\/wp-content\/uploads\/2025\/11\/brodeouais-2-750x500.jpg\" class=\"attachment-gallery size-gallery\" alt=\"brode.ouais + les cr\u00e9atives\" data-full-url=\"https:\/\/pokaa.fr\/wp-content\/uploads\/2025\/10\/16\/brodeouais-2.jpg\" decoding=\"async\" loading=\"lazy\"  \/>            <\/p>\n<p>                    Atelier d&rsquo;initiation \u00e0 la broderie avec Brode.Ouais chez Les Cr\u00e9atives. \u00a9 David Lev\u00eaque \/ Documents remis<\/p>\n<p><b>Ou, de saison : les ateliers de la fleuriste<a href=\"https:\/\/linktr.ee\/tulipesauvage\" target=\"_blank\" rel=\"noopener nofollow\"> Tulipe Sauvage<\/a> <\/b>allant des <b>couronnes de l\u2019Avent <\/b>(les 22, 23 et 30 novembre) ou de porte (22 et 29 novembre) aux<b> boules de No\u00ebl en fleurs s\u00e9ch\u00e9es<\/b> (29 novembre et 20 d\u00e9cembre).<\/p>\n<p>Sans oublier ceux de <b>guirlandes et bouquets de fleurs s\u00e9ch\u00e9es<\/b>, \u00e0 retrouver \u00e0 l\u2019ann\u00e9e. Pour souffler un vent de douceur dans son chez-soi.<\/p>\n<p>                <img width=\"750\" height=\"500\" src=\"https:\/\/www.europesays.com\/fr\/wp-content\/uploads\/2025\/11\/tulipe-sauvage-3-750x500.jpg\" class=\"attachment-gallery size-gallery\" alt=\"tulipe sauvage + les cr\u00e9atives\" data-full-url=\"https:\/\/pokaa.fr\/wp-content\/uploads\/2025\/10\/16\/tulipe-sauvage-3.jpg\" decoding=\"async\" loading=\"lazy\"  \/>            <\/p>\n<p>                <img width=\"750\" height=\"500\" src=\"https:\/\/www.europesays.com\/fr\/wp-content\/uploads\/2025\/11\/tulipe-sauvage-750x500.jpg\" class=\"attachment-gallery size-gallery\" alt=\"tulipe sauvage + les cr\u00e9atives\" data-full-url=\"https:\/\/pokaa.fr\/wp-content\/uploads\/2025\/10\/16\/tulipe-sauvage.jpg\" decoding=\"async\" loading=\"lazy\"  \/>            <\/p>\n<p>                <img width=\"750\" height=\"500\" src=\"https:\/\/www.europesays.com\/fr\/wp-content\/uploads\/2025\/11\/tulipe-sauvage-2-750x500.jpg\" class=\"attachment-gallery size-gallery\" alt=\"tulipe sauvage + les cr\u00e9atives\" data-full-url=\"https:\/\/pokaa.fr\/wp-content\/uploads\/2025\/10\/16\/tulipe-sauvage-2.jpg\" decoding=\"async\" loading=\"lazy\"  \/>            <\/p>\n<p>                    Ateliers de fleurs et guirlandes s\u00e9ch\u00e9es avec Tulipe Sauvage \u00e0 l&rsquo;atelier Les Cr\u00e9atives (quai des P\u00eacheurs). \u00a9 David Lev\u00eaque \/ Documents remis<\/p>\n<p>Les cr\u00e9atrices de Berthel\u00a0: d\u00e9couvrir l&rsquo;upcycling pour No\u00ebl<\/p>\n<p align=\"LEFT\">Autre lieu r\u00e9unissant des cr\u00e9ateurs\/rices strasbourgeois(es) : <a href=\"https:\/\/berthel-upcycling.fr\/\" target=\"_blank\" rel=\"noopener nofollow\"><b>Berthel<\/b><\/a>, rue des Juifs. <b>Une boutique d\u00e9di\u00e9e \u00e0 l\u2019upcycling qui propose aussi des ateliers<\/b>. Initiation \u00e0 la couture, au crochet, \u00e0 la broderie, n\u2019h\u00e9site pas \u00e0 regarder les cours des prochaines semaines, car il y en a toute l\u2019ann\u00e9e.<\/p>\n<p>                <img width=\"749\" height=\"500\" src=\"https:\/\/www.europesays.com\/fr\/wp-content\/uploads\/2025\/11\/lu-papeterie-4-scaled-1-749x500.jpg\" class=\"attachment-gallery size-gallery\" alt=\"Lu + Berthel\" data-full-url=\"https:\/\/pokaa.fr\/wp-content\/uploads\/2025\/11\/07\/lu-papeterie-4-scaled-1.jpg\" decoding=\"async\" loading=\"lazy\"  \/>            <\/p>\n<p>                <img width=\"749\" height=\"500\" src=\"https:\/\/www.europesays.com\/fr\/wp-content\/uploads\/2025\/11\/lu-papeterie-3-scaled-1-749x500.jpg\" class=\"attachment-gallery size-gallery\" alt=\"Lu + Berthel\" data-full-url=\"https:\/\/pokaa.fr\/wp-content\/uploads\/2025\/11\/07\/lu-papeterie-3-scaled-1.jpg\" decoding=\"async\" loading=\"lazy\"  \/>            <\/p>\n<p>                    Atelier papeterie avec LU. \u00a9 Berthel \/ Documents remis<\/p>\n<p>Pour pr\u00e9parer les f\u00eates, on a rep\u00e9r\u00e9 celui de <a href=\"https:\/\/berthel-upcycling.fr\/ateliers\/atelier-lu-papeterie\/\" target=\"_blank\" rel=\"noopener nofollow\"><b>\u00ab Carterie de No\u00ebl upcycled \u00bb<\/b><\/a>, le 21 novembre, pour cr\u00e9er ta propre papeterie de recup\u2019 avec Luc\u00eda. Quant \u00e0 Julia \/ <b>MOP<\/b> \u2013 une autre cr\u00e9atrice de la boutique \u2013, elle organisera aux Compotes <a href=\"https:\/\/my.weezevent.com\/atelier-crochet-special-noel-1\" target=\"_blank\" rel=\"noopener nofollow\"><b>un atelier crochet de No\u00ebl<\/b><\/a> le 22 novembre.<\/p>\n<p>    <img width=\"800\" height=\"534\" src=\"https:\/\/www.europesays.com\/fr\/wp-content\/uploads\/2025\/11\/mop-atelier-tricot-13-800x534.jpg\" class=\"attachment-image-size-L size-image-size-L\" alt=\"MOP-atelier-tricot-13\" decoding=\"async\" loading=\"lazy\"  \/>         Atelier crochet avec MOP. \u00a9 Berthel \/ Document remis <\/p>\n<p>    <img width=\"800\" height=\"449\" src=\"https:\/\/www.europesays.com\/fr\/wp-content\/uploads\/2025\/11\/0a5f25e8-23a6-4b2f-9adb-8612bb89f7a511-800x449.jpeg\" class=\"attachment-image-size-L size-image-size-L\" alt=\"MOP\" decoding=\"async\" loading=\"lazy\"  \/>         Atelier crochet avec MOP. \u00a9 MOP \/ Document remis <\/p>\n<p>Des ateliers gourmands pour les f\u00eates<br \/>\nRevisiter le kouglof \u00e0 Kooma<\/p>\n<p align=\"LEFT\">Pour se pr\u00e9parer aux repas de f\u00eates, direction la Manufacture des Tabacs \u00e0 <b>Kooma<\/b> (\u00e0 la fois \u00e9picerie de producteurs\/rices, brasserie et pub), afin d\u2019y <a href=\"https:\/\/wecandoo.fr\/atelier\/strasbourg-sonia-design-culinaire-kouglopf-sale\" target=\"_blank\" rel=\"noopener nofollow\"><b>revisiter le kouglopf sal\u00e9 ou sucr\u00e9<\/b><\/a>.<\/p>\n<p align=\"LEFT\">P\u00e2tisserie embl\u00e9matique d\u2019Alsace, celle-ci sera d\u00e9poussi\u00e9r\u00e9e par <b>Sonia Verguet, experte en design culinaire <\/b>form\u00e9e aux Beaux-Arts de Dijon et aux Arts D\u00e9coratifs de Strasbourg et autrice de 100 Coolglofs (Keribus \u00e9ditions).<\/p>\n<p>    <img width=\"800\" height=\"450\" src=\"https:\/\/www.europesays.com\/fr\/wp-content\/uploads\/2025\/11\/kouglof-3-800x450.jpg\" class=\"attachment-image-size-L size-image-size-L\" alt=\"coolglof + sonia verguet\" decoding=\"async\" loading=\"lazy\"  \/>         Coolglof : kouglof revisit\u00e9 par Sonia Verguet. \u00a9 Site Wecandoo \/ Document remis <\/p>\n<p align=\"LEFT\">Cette derni\u00e8re reviendra sur <b>l\u2019histoire du kouglof<\/b>, \u00ab\u00a0de ses origines \u00e0 ses l\u00e9gendes et secrets de sa recette traditionnelle\u00a0\u00bb, avant de nous apprendre \u00e0 \u00ab\u00a0met[tre] du style dans [nos] assiettes\u00a0\u00bb.<\/p>\n<p align=\"LEFT\">L\u2019id\u00e9e ? <b>Concevoir sa propre version du <\/b><b>\u00ab\u00a0kouglof id\u00e9al\u00a0\u00bb<\/b>, entre option v\u00e9g\u00e9tarienne, \u00e0 la viande, au poisson, ou \u00e0 base de fromage et d\u2019\u00e9pices. \u00c0 retrouver les 15, 16, 22, 23 et 30 novembre, et sur de nombreuses dates en d\u00e9cembre.<\/p>\n<p>                <img width=\"500\" height=\"500\" src=\"https:\/\/www.europesays.com\/fr\/wp-content\/uploads\/2025\/11\/kouglof-4-500x500.jpg\" class=\"attachment-gallery size-gallery\" alt=\"coolglof + sonia verguet\" data-full-url=\"https:\/\/pokaa.fr\/wp-content\/uploads\/2025\/11\/07\/kouglof-4.jpg\" decoding=\"async\" loading=\"lazy\"  \/>            <\/p>\n<p>                <img width=\"750\" height=\"500\" src=\"https:\/\/www.europesays.com\/fr\/wp-content\/uploads\/2025\/11\/kouglof-750x500.jpg\" class=\"attachment-gallery size-gallery\" alt=\"coolglof + sonia verguet\" data-full-url=\"https:\/\/pokaa.fr\/wp-content\/uploads\/2025\/11\/07\/kouglof.jpg\" decoding=\"async\" loading=\"lazy\"  \/>            <\/p>\n<p>                <img width=\"500\" height=\"500\" src=\"https:\/\/www.europesays.com\/fr\/wp-content\/uploads\/2025\/11\/kouglof-2-500x500.jpg\" class=\"attachment-gallery size-gallery\" alt=\"coolglof + sonia verguet\" data-full-url=\"https:\/\/pokaa.fr\/wp-content\/uploads\/2025\/11\/07\/kouglof-2.jpg\" decoding=\"async\" loading=\"lazy\"  \/>            <\/p>\n<p>                    Coolglof : kouglofs revisit\u00e9s par Sonia Verguet. \u00a9 Sonia Verguet \/ Documents remis<\/p>\n<p>Mettre la main \u00e0 la p\u00e2te \u00e0 bredele<\/p>\n<p align=\"LEFT\">Autres gourmandises bient\u00f4t de saison\u00a0:<a href=\"https:\/\/wecandoo.fr\/atelier\/strasbourg-sandrine-patisserie-bredele\" target=\"_blank\" rel=\"noopener nofollow\"><b> les <\/b><b>bredele<\/b><b>, les traditionnels biscuits alsaciens<\/b><\/a> ! Si l\u2019on n\u2019a pas d\u00e9j\u00e0 ses recettes familiales, la p\u00e2tissi\u00e8re Sandrine nous ouvre les portes de sa cuisine.<\/p>\n<p align=\"LEFT\">Apr\u00e8s un petit tour d\u2019histoire, il sera temps de mettre la main \u00e0 la p\u00e2te. Au menu ? <b>Les <\/b><b>butterbredele<\/b>, les b\u00e2tonnets aux amandes, les losanges aux noix, les brunsli, les schwowebredele ou encore les noisettins.<\/p>\n<p>    <img width=\"800\" height=\"450\" src=\"https:\/\/www.europesays.com\/fr\/wp-content\/uploads\/2025\/11\/bredele-800x450.jpg\" class=\"attachment-image-size-L size-image-size-L\" alt=\"bredele avec Sandrine\" decoding=\"async\" loading=\"lazy\"  \/>         Atelier bredele avec Sandrine. \u00a9 Site Wecandoo \/ Document remis <\/p>\n<p align=\"LEFT\">Arm\u00e9(e) d\u2019emporte-pi\u00e8ces ou de poches \u00e0 douille, il sera question de fa\u00e7onner, glacer et d\u00e9corer ces douceurs, dans \u00ab\u00a0une ambiance gourmande rythm\u00e9e par des boissons chaudes de saison\u00a0\u00bb, nous dit-on. Un atelier qui se tiendra \u00e0 <b>Schiltigheim<\/b>, du 27 au 29 novembre, et sur plusieurs cr\u00e9neaux en d\u00e9cembre.<\/p>\n<p>                <img width=\"500\" height=\"500\" src=\"https:\/\/www.europesays.com\/fr\/wp-content\/uploads\/2025\/11\/bredele-4-500x500.jpg\" class=\"attachment-gallery size-gallery\" alt=\"bredele avec Sandrine\" data-full-url=\"https:\/\/pokaa.fr\/wp-content\/uploads\/2025\/11\/07\/bredele-4.jpg\" decoding=\"async\" loading=\"lazy\"  \/>            <\/p>\n<p>                <img width=\"500\" height=\"500\" src=\"https:\/\/www.europesays.com\/fr\/wp-content\/uploads\/2025\/11\/bredele-3-500x500.jpg\" class=\"attachment-gallery size-gallery\" alt=\"bredele avec Sandrine\" data-full-url=\"https:\/\/pokaa.fr\/wp-content\/uploads\/2025\/11\/07\/bredele-3.jpg\" decoding=\"async\" loading=\"lazy\"  \/>            <\/p>\n<p>                    Atelier bredele avec Sandrine. \u00a9 Site Wecandoo \/ Documents remis<\/p>\n<p align=\"LEFT\">Tu n\u2019as pas trouv\u00e9 ton bonheur\u00a0? On te conseille par ailleurs <a href=\"https:\/\/wecandoo.fr\/ateliers\/strasbourg\" target=\"_blank\" rel=\"noopener nofollow\"><b>le site Wecandoo<\/b><\/a> pour trouver <b>de nombreux autres ateliers<\/b>, \u00e0 (s\u2019)offrir, selon ses go\u00fbts, son \u00e2ge, son budget ou son emplacement.<\/p>\n<p align=\"LEFT\">De la d\u00e9couverte de la c\u00e9ramique \u00e0 la verrerie, passant par la maroquinerie et le tufting\u2026 Il y a vraiment de quoi faire. <strong>Et puis, c\u2019est une bonne id\u00e9e cadeau \u00e0 glisser au P\u00e8re No\u00ebl.<\/strong><\/p>\n","protected":false},"excerpt":{"rendered":"Le sapin de la place Kl\u00e9ber a point\u00e9 le bout de sa branche, annon\u00e7ant avec lui l\u2019arriv\u00e9e prochaine&hellip;\n","protected":false},"author":2,"featured_media":519294,"comment_status":"","ping_status":"","sticky":false,"template":"","format":"standard","meta":{"footnotes":""},"categories":[2820],"tags":[1111,11,3734,1477,4396,13632,23340,1777,674,652,1011,27,775,6736,12,15830,25,640,4064],"class_list":{"0":"post-519293","1":"post","2":"type-post","3":"status-publish","4":"format-standard","5":"has-post-thumbnail","7":"category-strasbourg","8":"tag-actu","9":"tag-actualites","10":"tag-art","11":"tag-artisanat","12":"tag-atelier","13":"tag-automne","14":"tag-creatif","15":"tag-eu","16":"tag-europe","17":"tag-famille","18":"tag-fr","19":"tag-france","20":"tag-grand-est","21":"tag-hiver","22":"tag-news","23":"tag-noel","24":"tag-republique-francaise","25":"tag-strasbourg","26":"tag-week-end"},"share_on_mastodon":{"url":"https:\/\/pubeurope.com\/@fr\/115510980715939176","error":""},"_links":{"self":[{"href":"https:\/\/www.europesays.com\/fr\/wp-json\/wp\/v2\/posts\/519293","targetHints":{"allow":["GET"]}}],"collection":[{"href":"https:\/\/www.europesays.com\/fr\/wp-json\/wp\/v2\/posts"}],"about":[{"href":"https:\/\/www.europesays.com\/fr\/wp-json\/wp\/v2\/types\/post"}],"author":[{"embeddable":true,"href":"https:\/\/www.europesays.com\/fr\/wp-json\/wp\/v2\/users\/2"}],"replies":[{"embeddable":true,"href":"https:\/\/www.europesays.com\/fr\/wp-json\/wp\/v2\/comments?post=519293"}],"version-history":[{"count":0,"href":"https:\/\/www.europesays.com\/fr\/wp-json\/wp\/v2\/posts\/519293\/revisions"}],"wp:featuredmedia":[{"embeddable":true,"href":"https:\/\/www.europesays.com\/fr\/wp-json\/wp\/v2\/media\/519294"}],"wp:attachment":[{"href":"https:\/\/www.europesays.com\/fr\/wp-json\/wp\/v2\/media?parent=519293"}],"wp:term":[{"taxonomy":"category","embeddable":true,"href":"https:\/\/www.europesays.com\/fr\/wp-json\/wp\/v2\/categories?post=519293"},{"taxonomy":"post_tag","embeddable":true,"href":"https:\/\/www.europesays.com\/fr\/wp-json\/wp\/v2\/tags?post=519293"}],"curies":[{"name":"wp","href":"https:\/\/api.w.org\/{rel}","templated":true}]}}