{"id":519310,"date":"2025-11-07T23:28:21","date_gmt":"2025-11-07T23:28:21","guid":{"rendered":"https:\/\/www.europesays.com\/fr\/519310\/"},"modified":"2025-11-07T23:28:21","modified_gmt":"2025-11-07T23:28:21","slug":"nouveaux-compteurs-mobilite-pourquoi-ces-petits-boitiers-apparaissent-sur-les-poteaux-a-roubaix","status":"publish","type":"post","link":"https:\/\/www.europesays.com\/fr\/519310\/","title":{"rendered":"Nouveaux compteurs \u00ab mobilit\u00e9 \u00bb : pourquoi ces petits bo\u00eetiers apparaissent sur les poteaux \u00e0 Roubaix ?"},"content":{"rendered":"<p class=\"introduction\">De petits bo\u00eetiers blancs apparaissent sur des poteaux \u00e0 Roubaix. Pi\u00e9tons, v\u00e9los, voitures\u2026 ces capteurs permettent de mieux comprendre les mobilit\u00e9s en ville afin de pr\u00e9parer les futurs am\u00e9nagements.<\/p>\n<p>Depuis cet automne, de petits bo\u00eetiers ont \u00e9t\u00e9 install\u00e9s dans le centre-ville de Roubaix. Ni radars, ni cam\u00e9ras de surveillance : il s\u2019agit de compteurs Telraam, d\u00e9ploy\u00e9s dans le cadre d\u2019un programme de connaissance et d\u2019observation des mobilit\u00e9s.<\/p>\n<p>Ces appareils mesurent les flux de d\u00e9placements qui passent devant eux : pi\u00e9tons, cyclistes, voitures, v\u00e9hicules lourds\u2026 et la vitesse moyenne de circulation. Aliment\u00e9s par un panneau solaire, ils filment uniquement pour transformer l\u2019image en donn\u00e9es, lesquelles sont ensuite analys\u00e9es sur un serveur.<\/p>\n<p>L\u2019objectif : mieux comprendre les usages de l\u2019espace public pour orienter et anticiper les politiques de mobilit\u00e9s. Ces donn\u00e9es peuvent \u00eatre mobilis\u00e9es par exemple lors d\u2019\u00e9tudes de pi\u00e9tonisation, de modification de sens uniques, de recalage de vitesses, ou encore lors de la cr\u00e9ation de nouvelles voies cyclables.<\/p>\n<p>Un dispositif qui respecte la vie priv\u00e9e<\/p>\n<p>Le dispositif a \u00e9t\u00e9 pens\u00e9 pour ne pas \u00eatre intrusif. Les images ne sont pas conserv\u00e9es. La r\u00e9solution est trop faible pour reconna\u00eetre un visage ou une plaque d\u2019immatriculation. Les images ne sont visibles qu\u2019au moment de l\u2019installation du bo\u00eetier, pendant un temps limit\u00e9, pour calibrer l\u2019orientation.<\/p>\n<p>Tous les r\u00e9sultats collect\u00e9es sont accessibles en open data, en direct, <a href=\"https:\/\/telraam.net\/#14\/50.6888\/3.1843\" target=\"_blank\" rel=\"noopener\">sur le site internet de Telraam\u00a0<\/a><\/p>\n","protected":false},"excerpt":{"rendered":"De petits bo\u00eetiers blancs apparaissent sur des poteaux \u00e0 Roubaix. Pi\u00e9tons, v\u00e9los, voitures\u2026 ces capteurs permettent de mieux&hellip;\n","protected":false},"author":2,"featured_media":519311,"comment_status":"","ping_status":"","sticky":false,"template":"","format":"standard","meta":{"footnotes":""},"categories":[2815],"tags":[1111,11,1777,674,1011,27,811,1307,8729,12,25],"class_list":{"0":"post-519310","1":"post","2":"type-post","3":"status-publish","4":"format-standard","5":"has-post-thumbnail","7":"category-lille","8":"tag-actu","9":"tag-actualites","10":"tag-eu","11":"tag-europe","12":"tag-fr","13":"tag-france","14":"tag-hauts-de-france","15":"tag-lille","16":"tag-mobilites","17":"tag-news","18":"tag-republique-francaise"},"share_on_mastodon":{"url":"https:\/\/pubeurope.com\/@fr\/115511014594577012","error":""},"_links":{"self":[{"href":"https:\/\/www.europesays.com\/fr\/wp-json\/wp\/v2\/posts\/519310","targetHints":{"allow":["GET"]}}],"collection":[{"href":"https:\/\/www.europesays.com\/fr\/wp-json\/wp\/v2\/posts"}],"about":[{"href":"https:\/\/www.europesays.com\/fr\/wp-json\/wp\/v2\/types\/post"}],"author":[{"embeddable":true,"href":"https:\/\/www.europesays.com\/fr\/wp-json\/wp\/v2\/users\/2"}],"replies":[{"embeddable":true,"href":"https:\/\/www.europesays.com\/fr\/wp-json\/wp\/v2\/comments?post=519310"}],"version-history":[{"count":0,"href":"https:\/\/www.europesays.com\/fr\/wp-json\/wp\/v2\/posts\/519310\/revisions"}],"wp:featuredmedia":[{"embeddable":true,"href":"https:\/\/www.europesays.com\/fr\/wp-json\/wp\/v2\/media\/519311"}],"wp:attachment":[{"href":"https:\/\/www.europesays.com\/fr\/wp-json\/wp\/v2\/media?parent=519310"}],"wp:term":[{"taxonomy":"category","embeddable":true,"href":"https:\/\/www.europesays.com\/fr\/wp-json\/wp\/v2\/categories?post=519310"},{"taxonomy":"post_tag","embeddable":true,"href":"https:\/\/www.europesays.com\/fr\/wp-json\/wp\/v2\/tags?post=519310"}],"curies":[{"name":"wp","href":"https:\/\/api.w.org\/{rel}","templated":true}]}}