{"id":519319,"date":"2025-11-07T23:33:14","date_gmt":"2025-11-07T23:33:14","guid":{"rendered":"https:\/\/www.europesays.com\/fr\/519319\/"},"modified":"2025-11-07T23:33:14","modified_gmt":"2025-11-07T23:33:14","slug":"mes-fans-sont-les-meilleurs-du-monde","status":"publish","type":"post","link":"https:\/\/www.europesays.com\/fr\/519319\/","title":{"rendered":"\u00ab\u00a0Mes fans sont les meilleurs du monde\u00a0\u00bb"},"content":{"rendered":"<p>C\u2019est l\u2019automne, les jours raccourcissent, vous avez le moral dans les chaussettes\u00a0? Il fallait \u00eatre ce vendredi soir au concert de Katy Perry \u00e0 la LDLC Arena. Une cure de plus de 2 heures de bonne humeur et de pop, o\u00f9 l\u2019artiste s\u2019amuse, avec des spectateurs d\u00e9guis\u00e9s esp\u00e9rant se retrouver sur sc\u00e8ne.<\/p>\n<p>  \u00ab\u00a0Plus cool qu\u2019\u00e0 Paris\u00a0!\u00a0\u00bb<\/p>\n<p>L\u2019amie Katy, qui n\u2019\u00e9tait pas venue \u00e0 Lyon depuis dix ans, a tout donn\u00e9\u00a0: course, envol dans les airs et la confidence qui fait mouche\u00a0: nous dire qu\u2019ici, \u00ab\u00a0c\u2019\u00e9tait plus cool qu\u2019\u00e0 Paris\u00a0\u00bb, o\u00f9 elle a fait quatre dates\u00a0! Cocorico. \u00ab\u00a0\u00c7a va Lyonnnn\u00a0?\u00a0!\u00a0\u00bb Oh oui, d\u2019autant que la sc\u00e9nographie en huit infini offrait une vue imprenable \u00e0 tous les spectateurs.<\/p>\n<p>Au moment des chansons surprises, qu\u2019on est cens\u00e9s choisir via un Qr code, sont sorties\u00a0Ghost et That one that got away.<\/p>\n<p>On s\u2019y attendait, le show est d\u00e9jant\u00e9. Du Katy Perry dans le texte\u00a0: \u00ab\u00a0D\u00e9sol\u00e9 j\u2019ai \u00e9t\u00e9 distraite car j\u2019ai vu un mec chanter dans une baguette. Tu m\u2019as amen\u00e9 du fromage mec\u00a0? Du camembert\u00a0? Allez viens\u00a0!\u00a0\u00bb<\/p>\n<p>  \u00ab\u00a0Mes fans sont les meilleurs du monde\u00a0!\u00a0\u00bb<\/p>\n<p>C\u2019\u00e9tait le moment tr\u00e8s attendu des meilleurs d\u00e9guisements invit\u00e9s sur sc\u00e8ne. \u00ab\u00a0Mes fans sont les meilleurs du monde\u00a0! Merci beaucoup (en fran\u00e7ais).\u00a0\u00bb Ont \u00e9t\u00e9 s\u00e9lectionn\u00e9s tour \u00e0 tour une fleur des Pays-Bas, un cosmonaute parisien, un chef cuistot qui lui a fait dire camembert. Oups, il est de Saint-\u00c9tienne. \u00ab\u00a0Allez, ce soir, on va dire que vous \u00eates de Lyon hein\u00a0\u00bb, taquine Katy.<\/p>\n<p>Changements de costumes, feux d\u2019artifice, envol fa\u00e7on papillon, c\u2019est peu dire que ce show millim\u00e9tr\u00e9 a conquis les fans. Un concert qui s\u2019est achev\u00e9 avec le l\u00e9gendaire\u00a0Firework. Sacr\u00e9e \u201cLast Friday Night\u201d.<\/p>\n","protected":false},"excerpt":{"rendered":"C\u2019est l\u2019automne, les jours raccourcissent, vous avez le moral dans les chaussettes\u00a0? Il fallait \u00eatre ce vendredi soir&hellip;\n","protected":false},"author":2,"featured_media":519320,"comment_status":"","ping_status":"","sticky":false,"template":"","format":"standard","meta":{"footnotes":""},"categories":[1889],"tags":[1111,11,2430,1687,4624,3152,2757,3153,3154,1777,674,1011,27,2428,873,12,18283,25,2429,3151],"class_list":{"0":"post-519319","1":"post","2":"type-post","3":"status-publish","4":"format-standard","5":"has-post-thumbnail","7":"category-lyon","8":"tag-actu","9":"tag-actualites","10":"tag-auvergne-rhone-alpes","11":"tag-culture-loisirs","12":"tag-decines-charpieu","13":"tag-edition-est-lyonnais","14":"tag-edition-lyon-villeurbanne","15":"tag-edition-ouest-lyonnais","16":"tag-edition-sud-lyonnais","17":"tag-eu","18":"tag-europe","19":"tag-fr","20":"tag-france","21":"tag-lyon","22":"tag-musique","23":"tag-news","24":"tag-plaine-de-lest","25":"tag-republique-francaise","26":"tag-rhone","27":"tag-selection-de-la-redaction-69"},"share_on_mastodon":{"url":"https:\/\/pubeurope.com\/@fr\/115511034049795915","error":""},"_links":{"self":[{"href":"https:\/\/www.europesays.com\/fr\/wp-json\/wp\/v2\/posts\/519319","targetHints":{"allow":["GET"]}}],"collection":[{"href":"https:\/\/www.europesays.com\/fr\/wp-json\/wp\/v2\/posts"}],"about":[{"href":"https:\/\/www.europesays.com\/fr\/wp-json\/wp\/v2\/types\/post"}],"author":[{"embeddable":true,"href":"https:\/\/www.europesays.com\/fr\/wp-json\/wp\/v2\/users\/2"}],"replies":[{"embeddable":true,"href":"https:\/\/www.europesays.com\/fr\/wp-json\/wp\/v2\/comments?post=519319"}],"version-history":[{"count":0,"href":"https:\/\/www.europesays.com\/fr\/wp-json\/wp\/v2\/posts\/519319\/revisions"}],"wp:featuredmedia":[{"embeddable":true,"href":"https:\/\/www.europesays.com\/fr\/wp-json\/wp\/v2\/media\/519320"}],"wp:attachment":[{"href":"https:\/\/www.europesays.com\/fr\/wp-json\/wp\/v2\/media?parent=519319"}],"wp:term":[{"taxonomy":"category","embeddable":true,"href":"https:\/\/www.europesays.com\/fr\/wp-json\/wp\/v2\/categories?post=519319"},{"taxonomy":"post_tag","embeddable":true,"href":"https:\/\/www.europesays.com\/fr\/wp-json\/wp\/v2\/tags?post=519319"}],"curies":[{"name":"wp","href":"https:\/\/api.w.org\/{rel}","templated":true}]}}