{"id":519323,"date":"2025-11-07T23:39:15","date_gmt":"2025-11-07T23:39:15","guid":{"rendered":"https:\/\/www.europesays.com\/fr\/519323\/"},"modified":"2025-11-07T23:39:15","modified_gmt":"2025-11-07T23:39:15","slug":"mise-en-examen-du-suspect-a-oleron-tirs-devant-une-ecole-en-meurthe-et-moselle-concert-houleux-a-la-philharmonie-de-paris-lactu-de-ce-vendredi-7-novembre","status":"publish","type":"post","link":"https:\/\/www.europesays.com\/fr\/519323\/","title":{"rendered":"Mise en examen du suspect \u00e0 Ol\u00e9ron, tirs devant une \u00e9cole en Meurthe-et-Moselle, concert houleux \u00e0 la Philharmonie de Paris\u2026 L\u2019actu de ce vendredi 7\u00a0novembre"},"content":{"rendered":"<p class=\"sc-cPiKLX AiZTS text-element\">Chaque soir, la r\u00e9daction de Lib\u00e9 s\u00e9lectionne les actualit\u00e9s du jour qu\u2019il ne fallait pas rater en France et dans le reste du monde.<\/p>\n<p class=\"sc-cPiKLX AiZTS text-element\">Le Concerto pour piano n\u00b0 5 de Beethoven pr\u00e9sent\u00e9 jeudi 6 novembre au soir par l\u2019Orchestre philharmonique d\u2019Isra\u00ebl (IPO) \u00e0 la Philharmonie de Paris <a href=\"https:\/\/www.liberation.fr\/societe\/a-paris-un-concert-de-lorchestre-philharmonique-disrael-tourne-au-chaos-20251107_ZA53SGGWFRBMBPVO56USYYQCJE\/\" target=\"_blank\" rel=\"noreferrer noopener\" title=\"https:\/\/www.liberation.fr\/societe\/a-paris-un-concert-de-lorchestre-philharmonique-disrael-tourne-au-chaos-20251107_ZA53SGGWFRBMBPVO56USYYQCJE\/\">a bascul\u00e9 dans un certain chaos<\/a>. A trois reprises, le concert a \u00e9t\u00e9 interrompu par des militants propalestiniens munis de billets dont certains en possession de fumig\u00e8nes. En repr\u00e9sailles, des spectateurs en col\u00e8re ont agress\u00e9 physiquement les manifestants. Quatre personnes ont \u00e9t\u00e9 plac\u00e9es en garde \u00e0 vue, dont trois pour \u00abparticipation \u00e0 un groupement en vue de commettre des violences ou d\u00e9gradations\u00bb et une pour \u00aborganisation d\u2019une manifestation non d\u00e9clar\u00e9e\u00bb, selon le parquet de Paris.<\/p>\n<p class=\"sc-cPiKLX AiZTS text-element\">Le producteur de musique <a href=\"https:\/\/www.liberation.fr\/societe\/police-justice\/michel-zecler-apres-coups-20210315_SENY66G4PFBLFI7RYNPPMS6ZEQ\/\" target=\"_blank\" rel=\"noopener\" title=\"https:\/\/www.liberation.fr\/societe\/police-justice\/michel-zecler-apres-coups-20210315_SENY66G4PFBLFI7RYNPPMS6ZEQ\/\">Michel Zecler<\/a> avait \u00e9t\u00e9 <a href=\"https:\/\/www.liberation.fr\/france\/2020\/11\/26\/de-longues-minutes-de-coups-et-des-injures-racistes_1806889\/\" target=\"_blank\" rel=\"noopener\" title=\"https:\/\/www.liberation.fr\/france\/2020\/11\/26\/de-longues-minutes-de-coups-et-des-injures-racistes_1806889\/\">violemment interpell\u00e9 par des policiers, le 21 novembre 2020 <\/a>&#8211; en p\u00e9riode de Covid &#8211; alors qu\u2019il rentrait dans son studio d\u2019enregistrement \u00e0 Paris sans masque. A l\u2019issue de son enqu\u00eate sur l\u2019affaire, la D\u00e9fenseure des droits, <a href=\"https:\/\/www.liberation.fr\/france\/2020\/07\/14\/claire-hedon-la-defense-des-sans-voix-ni-droits_1794278\/\" target=\"_blank\" rel=\"noopener\" title=\"https:\/\/www.liberation.fr\/france\/2020\/07\/14\/claire-hedon-la-defense-des-sans-voix-ni-droits_1794278\/\">Claire H\u00e9don<\/a> fait \u00e9tat de \u00abla gravit\u00e9 et la multitude de manquements constat\u00e9s\u00bb lors de cette interpellation, et affirme saisir le ministre de l\u2019Int\u00e9rieur, dans <a href=\"https:\/\/www.liberation.fr\/societe\/police-justice\/violences-policieres-contre-michel-zecler-la-defenseure-des-droits-demande-une-procedure-disciplinaire-sans-delai-20251107_TYOX2RPCXFEEHH6QV5O3LMT4OM\/\" target=\"_blank\" rel=\"noreferrer noopener\" title=\"https:\/\/www.liberation.fr\/societe\/police-justice\/violences-policieres-contre-michel-zecler-la-defenseure-des-droits-demande-une-procedure-disciplinaire-sans-delai-20251107_TYOX2RPCXFEEHH6QV5O3LMT4OM\/\">une d\u00e9cision publi\u00e9e ce vendredi<\/a>. L\u2019autorit\u00e9 administrative ind\u00e9pendante a relev\u00e9 des manquements d\u00e9ontologiques de la part des policiers, qui ont fait \u00abun usage disproportionn\u00e9 de la force\u00bb et \u00abun acharnement injustifi\u00e9\u00bb.<\/p>\n<p class=\"sc-cPiKLX AiZTS text-element\">A l\u2019issue des 48 heures de garde \u00e0 vue, le suspect, Jean G., de l\u2019<a href=\"https:\/\/www.liberation.fr\/societe\/un-automobiliste-fonce-sur-des-pietons-sur-lile-doleron-dix-victimes-dont-au-moins-deux-blesses-graves-20251105_AE3LZELEO5AILD3G5LN2IQYCZM\/\" target=\"_blank\" rel=\"noopener\" title=\"https:\/\/www.liberation.fr\/societe\/un-automobiliste-fonce-sur-des-pietons-sur-lile-doleron-dix-victimes-dont-au-moins-deux-blesses-graves-20251105_AE3LZELEO5AILD3G5LN2IQYCZM\/\">attaque \u00e0 la voiture sur l\u2019\u00eele d\u2019Ol\u00e9ron<\/a> mercredi, a \u00e9t\u00e9 <a href=\"https:\/\/www.liberation.fr\/societe\/police-justice\/attaque-sur-lile-doleron-le-suspect-mis-en-examen-pour-tentatives-dassassinats-20251107_ZGCO7I23GRDFXJPXITVWEETQO4\/\" target=\"_blank\" rel=\"noreferrer noopener\" title=\"https:\/\/www.liberation.fr\/societe\/police-justice\/attaque-sur-lile-doleron-le-suspect-mis-en-examen-pour-tentatives-dassassinats-20251107_ZGCO7I23GRDFXJPXITVWEETQO4\/\">mis en examen ce vendredi<\/a> pour \u00abtentatives d\u2019assassinats\u00bb. La pr\u00e9m\u00e9ditation a donc \u00e9t\u00e9 retenue, comme requis par le procureur. <a href=\"https:\/\/www.liberation.fr\/societe\/police-justice\/on-nimagine-pas-vivre-un-truc-pareil-sur-lile-doleron-la-sideration-apres-le-parcours-meurtrier-dun-automobiliste-20251105_HHXXQP5PRZBPFADEM5YDLIBBVM\/\" target=\"_blank\" rel=\"noopener\" title=\"https:\/\/www.liberation.fr\/societe\/police-justice\/on-nimagine-pas-vivre-un-truc-pareil-sur-lile-doleron-la-sideration-apres-le-parcours-meurtrier-dun-automobiliste-20251105_HHXXQP5PRZBPFADEM5YDLIBBVM\/\">Mercredi matin, au volant de sa voiture, il a fauch\u00e9 cinq personnes<\/a>, \u00e2g\u00e9es de 22 \u00e0 69 ans, dont deux gri\u00e8vement bless\u00e9es. Celles-ci sont toujours hospitalis\u00e9es, leur situation m\u00e9dicale restant \u00abparticuli\u00e8rement pr\u00e9occupante\u00bb selon le magistrat. Invit\u00e9 ce vendredi sur <a href=\"https:\/\/www.francebleu.fr\/emissions\/l-invite-de-la-redaction-de-ici-la-rochelle\/passants-percutes-sur-l-ile-d-oleron-le-suspect-a-dit-regretter-son-acte-en-fin-de-garde-a-vue-assure-le-procureur-4463088\" target=\"_blank\" rel=\"noopener\" title=\"https:\/\/www.francebleu.fr\/emissions\/l-invite-de-la-redaction-de-ici-la-rochelle\/passants-percutes-sur-l-ile-d-oleron-le-suspect-a-dit-regretter-son-acte-en-fin-de-garde-a-vue-assure-le-procureur-4463088\">Ici<\/a>, le procureur de la R\u00e9publique a expliqu\u00e9 que Jean G. a dit \u00abregretter son acte\u00bb en fin de garde \u00e0 vue.<\/p>\n<p class=\"sc-cPiKLX AiZTS text-element\">Le parquet national antiterroriste a demand\u00e9 ce vendredi trente ans de r\u00e9clusion criminelle, avec vingt-cinq ans de s\u00fbret\u00e9, <a href=\"https:\/\/www.liberation.fr\/societe\/police-justice\/attaque-mortelle-dans-la-drome-en-2020-lassaillant-juge-a-partir-de-lundi-pour-assassinats-terroristes-20251026_AWR2YQBLWJHCFNMAET3Q24ORAI\/\" target=\"_blank\" rel=\"noopener\" title=\"https:\/\/www.liberation.fr\/societe\/police-justice\/attaque-mortelle-dans-la-drome-en-2020-lassaillant-juge-a-partir-de-lundi-pour-assassinats-terroristes-20251026_AWR2YQBLWJHCFNMAET3Q24ORAI\/\">\u00e0 l\u2019encontre de l\u2019homme qui avait tu\u00e9 au couteau deux personnes<\/a> et bless\u00e9 cinq autres \u00e0 Romans-sur-Is\u00e8re (Dr\u00f4me) le 4 avril 2020. Les deux repr\u00e9sentants <a href=\"https:\/\/www.liberation.fr\/societe\/police-justice\/attaque-au-couteau-dans-la-drome-en-2020-le-parquet-antiterroriste-requiert-un-proces-contre-lassaillant-20240111_IMXQC5AMXREZ5LRERL5XZ2LFWM\/\" target=\"_blank\" rel=\"noopener\" title=\"https:\/\/www.liberation.fr\/societe\/police-justice\/attaque-au-couteau-dans-la-drome-en-2020-le-parquet-antiterroriste-requiert-un-proces-contre-lassaillant-20240111_IMXQC5AMXREZ5LRERL5XZ2LFWM\/\">du parquet national antiterroriste<\/a>, \u00e0 l\u2019unisson de deux experts psychiatriques, ont retenu la seule \u00abalt\u00e9ration\u00bb du discernement de l\u2019accus\u00e9. Lors des d\u00e9bats, un troisi\u00e8me expert avait au contraire diagnostiqu\u00e9 une \u00ababolition\u00bb, soit l\u2019irresponsabilit\u00e9 p\u00e9nale.<\/p>\n<p class=\"sc-cPiKLX AiZTS text-element\">Un homme <a href=\"https:\/\/www.liberation.fr\/societe\/police-justice\/meurthe-et-moselle-des-tirs-devant-une-ecole-maternelle-les-eleves-confines-20251107_4W5KI4LPANEUNJM3SKIR23D5OE\/\" target=\"_blank\" rel=\"noreferrer noopener\" title=\"https:\/\/www.liberation.fr\/societe\/police-justice\/meurthe-et-moselle-des-tirs-devant-une-ecole-maternelle-les-eleves-confines-20251107_4W5KI4LPANEUNJM3SKIR23D5OE\/\">a tir\u00e9 en l\u2019air \u00e0 proximit\u00e9 d\u2019une \u00e9cole primaire<\/a> \u00e0 Gorcy, en Meurthe-et-Moselle, vers 10 h 45 ce vendredi, avant de se rendre aux gendarmes. Apr\u00e8s avoir fait feu, il s\u2019\u00e9tait retranch\u00e9 dans un appartement avait alert\u00e9 la pr\u00e9fecture du d\u00e9partement du Grand Est. Alors que la compagnie de gendarmerie du Val-de-Briey \u00e9tait d\u00e9j\u00e0 sur les lieux et qu\u2019une \u00abbulle de s\u00e9curit\u00e9\u00bb avait \u00e9t\u00e9 mise en place, \u00e0 13 h 45, le Groupe d\u2019intervention de la gendarmerie nationale (GIGN) de Reims est arriv\u00e9 en renfort avec un n\u00e9gociateur, selon <a href=\"https:\/\/www.estrepublicain.fr\/faits-divers-justice\/2025\/11\/07\/un-homme-arme-fait-feu-a-gorcy-une-ecole-primaire-confinee\" target=\"_blank\" rel=\"noopener\" title=\"https:\/\/www.estrepublicain.fr\/faits-divers-justice\/2025\/11\/07\/un-homme-arme-fait-feu-a-gorcy-une-ecole-primaire-confinee\">l\u2019Est r\u00e9publicain<\/a>. A 14 h 15, l\u2019individu retranch\u00e9, seul dans le logement, a r\u00e9pondu \u00e0 ses sollicitations et a \u00e9t\u00e9 interpell\u00e9, a annonc\u00e9 la pr\u00e9fecture.<\/p>\n<p class=\"sc-cPiKLX AiZTS text-element\">La D\u00e9pakine est au c\u0153ur de l\u2019un des plus importants scandales li\u00e9s aux m\u00e9dicaments de ces derni\u00e8res ann\u00e9es, \u00e0 cause des risques <a href=\"https:\/\/www.liberation.fr\/france\/2018\/06\/26\/les-enfants-exposes-au-valproate-ont-quatre-a-cinq-fois-plus-de-risques-d-etre-atteints-de-troubles-_1661823\/\" target=\"_blank\" rel=\"noopener\" title=\"https:\/\/www.liberation.fr\/france\/2018\/06\/26\/les-enfants-exposes-au-valproate-ont-quatre-a-cinq-fois-plus-de-risques-d-etre-atteints-de-troubles-_1661823\/\">de malformations et de troubles du d\u00e9veloppement<\/a> des b\u00e9b\u00e9s lorsqu\u2019il est pris par leur m\u00e8re lors de la grossesse. Mais les preuves scientifiques s\u2019accumulent d\u00e9sormais <a href=\"https:\/\/www.liberation.fr\/societe\/sante\/depakine-les-peres-traites-sont-aussi-un-risque-pour-le-foetus-20230517_GBQD4L2RWBHQXK4DX45RYCBRH4\/\" target=\"_blank\" rel=\"noopener\" title=\"https:\/\/www.liberation.fr\/societe\/sante\/depakine-les-peres-traites-sont-aussi-un-risque-pour-le-foetus-20230517_GBQD4L2RWBHQXK4DX45RYCBRH4\/\">sur l\u2019incidence d\u2019une prise de traitement par leur p\u00e8re<\/a>. Une vaste \u00e9tude, publi\u00e9e jeudi 6 novembre, pointe un \u00abrisque accru de troubles neuro-d\u00e9veloppementaux chez l\u2019enfant\u00bb lorsque le <a href=\"https:\/\/www.liberation.fr\/france\/2016\/04\/14\/valproate-danger-in-utero_1446253\/\" target=\"_blank\" rel=\"noopener\" title=\"https:\/\/www.liberation.fr\/france\/2016\/04\/14\/valproate-danger-in-utero_1446253\/\">valproate de sodium<\/a>, le principe actif de la D\u00e9pakine, est pris par le p\u00e8re quelques mois avant la conception.<\/p>\n<p class=\"sc-cPiKLX AiZTS text-element\"><b>Dans les territoires occup\u00e9s d\u2019Ukraine, le lavage de cerveau des jeunes : \u00abLa premi\u00e8re chose que font les Russes, c\u2019est de s\u2019en prendre aux enfants\u00bb<\/b><\/p>\n<p class=\"sc-cPiKLX AiZTS text-element\">En Crim\u00e9e et dans le Donbass investis par Moscou, les \u00e9coliers sont forc\u00e9s de se plier au m\u00eame r\u00e9gime d\u2019endoctrinement id\u00e9ologique et d\u2019embrigadement militaire que les petits Russes, une atteinte profonde \u00e0 leur identit\u00e9. <a href=\"https:\/\/www.liberation.fr\/international\/europe\/dans-les-territoires-occupes-dukraine-le-lavage-de-cerveau-des-jeunes-la-premiere-chose-que-font-les-russes-cest-de-sen-prendre-aux-enfants-20251107_TXMJHTPAQZGYPETNRVBLKKLCMY\/\" target=\"_blank\" rel=\"noreferrer noopener\" title=\"https:\/\/www.liberation.fr\/international\/europe\/dans-les-territoires-occupes-dukraine-le-lavage-de-cerveau-des-jeunes-la-premiere-chose-que-font-les-russes-cest-de-sen-prendre-aux-enfants-20251107_TXMJHTPAQZGYPETNRVBLKKLCMY\/\">Notre r\u00e9cit<\/a>.<\/p>\n<p class=\"sc-cPiKLX AiZTS text-element\"><b>\u00abL\u2019hiver approche et les besoins sont immenses\u00bb : o\u00f9 en est l\u2019aide humanitaire \u00e0 Gaza ?<\/b><\/p>\n<p class=\"sc-cPiKLX AiZTS text-element\">Pr\u00e8s d\u2019un mois apr\u00e8s le d\u00e9but du cessez-le-feu, la situation humanitaire progresse dans l\u2019enclave palestinienne. Mais les restrictions impos\u00e9es par Isra\u00ebl freinent toujours l\u2019acc\u00e8s \u00e0 la nourriture, aux soins et aux abris. <a href=\"https:\/\/www.liberation.fr\/international\/moyen-orient\/lhiver-approche-et-les-besoins-sont-immenses-ou-en-est-laide-humanitaire-a-gaza-20251107_H6N5OPH5CZG57PKQ3PMYSB76AU\/\" target=\"_blank\" rel=\"noreferrer noopener\" title=\"https:\/\/www.liberation.fr\/international\/moyen-orient\/lhiver-approche-et-les-besoins-sont-immenses-ou-en-est-laide-humanitaire-a-gaza-20251107_H6N5OPH5CZG57PKQ3PMYSB76AU\/\">Notre article<\/a>.<\/p>\n<p class=\"sc-cPiKLX AiZTS text-element\"><b>Policiers accus\u00e9s de viols dans un d\u00e9p\u00f4t du tribunal de Bobigny : \u00abCe lieu est glauque, totalement insalubre et ind\u00e9cent\u00bb<\/b><\/p>\n<p class=\"sc-cPiKLX AiZTS text-element\">Lib\u00e9ration a interrog\u00e9 la b\u00e2tonni\u00e8re de Seine-Saint-Denis, Sandrine Beressi, apr\u00e8s que son barreau a annonc\u00e9 lundi 3 novembre suspendre ses activit\u00e9s au d\u00e9p\u00f4t du tribunal. Elle pointe des conditions de d\u00e9tention qui \u00abportent atteinte \u00e0 la dignit\u00e9 des personnes\u00bb. <a href=\"https:\/\/www.liberation.fr\/societe\/police-justice\/policiers-accuses-de-viols-dans-un-depot-du-tribunal-de-bobigny-ce-lieu-est-glauque-totalement-insalubre-et-indecent-20251107_2A5VHIBTHZD4PKBC446AB7C3QM\/\" target=\"_blank\" rel=\"noreferrer noopener\" title=\"https:\/\/www.liberation.fr\/societe\/police-justice\/policiers-accuses-de-viols-dans-un-depot-du-tribunal-de-bobigny-ce-lieu-est-glauque-totalement-insalubre-et-indecent-20251107_2A5VHIBTHZD4PKBC446AB7C3QM\/\">Notre interview<\/a>.<\/p>\n","protected":false},"excerpt":{"rendered":"Chaque soir, la r\u00e9daction de Lib\u00e9 s\u00e9lectionne les actualit\u00e9s du jour qu\u2019il ne fallait pas rater en France&hellip;\n","protected":false},"author":2,"featured_media":519324,"comment_status":"","ping_status":"","sticky":false,"template":"","format":"standard","meta":{"footnotes":""},"categories":[1888],"tags":[1111,1928,11,1927,1777,674,1011,27,12,1926,626,1925,4702,25],"class_list":{"0":"post-519323","1":"post","2":"type-post","3":"status-publish","4":"format-standard","5":"has-post-thumbnail","7":"category-paris","8":"tag-actu","9":"tag-actu-paris","10":"tag-actualites","11":"tag-actualites-paris","12":"tag-eu","13":"tag-europe","14":"tag-fr","15":"tag-france","16":"tag-news","17":"tag-news-paris","18":"tag-paris","19":"tag-paris-news","20":"tag-recap-actu","21":"tag-republique-francaise"},"share_on_mastodon":{"url":"https:\/\/pubeurope.com\/@fr\/115511057752751974","error":""},"_links":{"self":[{"href":"https:\/\/www.europesays.com\/fr\/wp-json\/wp\/v2\/posts\/519323","targetHints":{"allow":["GET"]}}],"collection":[{"href":"https:\/\/www.europesays.com\/fr\/wp-json\/wp\/v2\/posts"}],"about":[{"href":"https:\/\/www.europesays.com\/fr\/wp-json\/wp\/v2\/types\/post"}],"author":[{"embeddable":true,"href":"https:\/\/www.europesays.com\/fr\/wp-json\/wp\/v2\/users\/2"}],"replies":[{"embeddable":true,"href":"https:\/\/www.europesays.com\/fr\/wp-json\/wp\/v2\/comments?post=519323"}],"version-history":[{"count":0,"href":"https:\/\/www.europesays.com\/fr\/wp-json\/wp\/v2\/posts\/519323\/revisions"}],"wp:featuredmedia":[{"embeddable":true,"href":"https:\/\/www.europesays.com\/fr\/wp-json\/wp\/v2\/media\/519324"}],"wp:attachment":[{"href":"https:\/\/www.europesays.com\/fr\/wp-json\/wp\/v2\/media?parent=519323"}],"wp:term":[{"taxonomy":"category","embeddable":true,"href":"https:\/\/www.europesays.com\/fr\/wp-json\/wp\/v2\/categories?post=519323"},{"taxonomy":"post_tag","embeddable":true,"href":"https:\/\/www.europesays.com\/fr\/wp-json\/wp\/v2\/tags?post=519323"}],"curies":[{"name":"wp","href":"https:\/\/api.w.org\/{rel}","templated":true}]}}