{"id":519335,"date":"2025-11-07T23:45:13","date_gmt":"2025-11-07T23:45:13","guid":{"rendered":"https:\/\/www.europesays.com\/fr\/519335\/"},"modified":"2025-11-07T23:45:13","modified_gmt":"2025-11-07T23:45:13","slug":"les-etats-unis-accusent-liran-davoir-planifie-lassassinat-de-lambassadeur-disrael-au-mexique","status":"publish","type":"post","link":"https:\/\/www.europesays.com\/fr\/519335\/","title":{"rendered":"Les \u00c9tats-Unis accusent l&rsquo;Iran d&rsquo;avoir planifi\u00e9 l\u2019assassinat de l&rsquo;ambassadeur d&rsquo;Isra\u00ebl au Mexique"},"content":{"rendered":"<p>\n    \u00abLe complot a \u00e9t\u00e9 d\u00e9jou\u00e9 et ne repr\u00e9sente pas actuellement une menace\u00bb, a d\u00e9clar\u00e9 un responsable am\u00e9ricain sous le couvert de l\u2019anonymat. De son c\u00f4t\u00e9, l\u2019Iran parle d\u2019une \u00abinvention m\u00e9diatique\u00bb.<\/p>\n<p class=\"fig-paragraph\">Les\u00a0<a href=\"https:\/\/www.lefigaro.fr\/tag\/etats-unis\" target=\"_blank\" rel=\"sponsored noopener\" data-gtm-custom-categorie=\"navigation\" data-gtm-custom-action=\"crossclick\" data-gtm-custom-label=\"Contextuel\" data-gtm-event=\"customEventSPE\">\u00c9tats-Unis<\/a>\u00a0ont accus\u00e9 vendredi 7 novembre l&rsquo;Iran d&rsquo;avoir voulu assassiner l&rsquo;ambassadeur d&rsquo;Isra\u00ebl au Mexique, dans ce qui serait la derni\u00e8re tentative en date de T\u00e9h\u00e9ran d&rsquo;exporter dans une autre r\u00e9gion le conflit entre les deux pays. \u00abLe complot a \u00e9t\u00e9 d\u00e9jou\u00e9 et ne repr\u00e9sente pas actuellement une menace\u00bb, a d\u00e9clar\u00e9 un responsable am\u00e9ricain sous le couvert de l&rsquo;anonymat.<\/p>\n<p class=\"fig-paragraph\">Selon la m\u00eame source, le \u00abcomplot\u00bb a \u00e9t\u00e9 initi\u00e9 en 2024 par la Force Qods, branche des op\u00e9rations ext\u00e9rieures des Gardiens de la R\u00e9volution, l\u2019arm\u00e9e id\u00e9ologique de l\u2019Iran et a \u00e9t\u00e9 d\u00e9jou\u00e9 cette ann\u00e9e.<\/p>\n<p>                                    <a class=\"fig-a11y-skip a11y-hidden\" href=\"#fig-a11y-skip-main-inarticle\"><br \/>\n        Passer la publicit\u00e9<br \/>\n    <\/a><\/p>\n<p class=\"fig-paragraph\">\u00abCe n\u2019est que le dernier \u00e9pisode d\u2019une longue s\u00e9rie d\u2019attaques meurtri\u00e8res perp\u00e9tr\u00e9es par l\u2019Iran visant des diplomates, journalistes, dissidents et toute personne en d\u00e9saccord avec eux, ce qui devrait vraiment inqui\u00e9ter tous les pays o\u00f9 il y a une pr\u00e9sence iranienne\u00bb, a ajout\u00e9 le responsable am\u00e9ricain. Il n\u2019a cependant pas fourni de preuves d\u00e9taill\u00e9es, ni expliqu\u00e9 comment le complot avait \u00e9t\u00e9 d\u00e9jou\u00e9.<\/p>\n<p>L\u2019Iran d\u00e9ment<\/p>\n<p class=\"fig-paragraph\">De son c\u00f4t\u00e9, T\u00e9h\u00e9ran a d\u00e9nonc\u00e9 vendredi une \u00abinvention m\u00e9diatique\u00bb. \u00abIl s\u2019agit d\u2019une invention m\u00e9diatique, d\u2019un mensonge \u00e9hont\u00e9, dont l\u2019objectif est de nuire aux relations amicales et historiques entre les deux pays (le Mexique et l\u2019Iran), ce que nous rejetons cat\u00e9goriquement\u00bb a d\u00e9clar\u00e9 l\u2019ambassade iranienne au Mexique sur X, dans la premi\u00e8re r\u00e9action de T\u00e9h\u00e9ran \u00e0 cette accusation.<\/p>\n","protected":false},"excerpt":{"rendered":"\u00abLe complot a \u00e9t\u00e9 d\u00e9jou\u00e9 et ne repr\u00e9sente pas actuellement une menace\u00bb, a d\u00e9clar\u00e9 un responsable am\u00e9ricain sous&hellip;\n","protected":false},"author":2,"featured_media":519336,"comment_status":"","ping_status":"","sticky":false,"template":"","format":"standard","meta":{"footnotes":""},"categories":[1589],"tags":[11,73,1866,3019,664,5697,12,5158,1864,1865,1863,308],"class_list":{"0":"post-519335","1":"post","2":"type-post","3":"status-publish","4":"format-standard","5":"has-post-thumbnail","7":"category-etats-unis","8":"tag-actualites","9":"tag-etats-unis","10":"tag-etats-unis-damerique","11":"tag-iran","12":"tag-israel","13":"tag-mexique","14":"tag-news","15":"tag-tentative-dassassinat","16":"tag-united-states","17":"tag-united-states-of-america","18":"tag-us","19":"tag-usa"},"share_on_mastodon":{"url":"https:\/\/pubeurope.com\/@fr\/115511081341515494","error":""},"_links":{"self":[{"href":"https:\/\/www.europesays.com\/fr\/wp-json\/wp\/v2\/posts\/519335","targetHints":{"allow":["GET"]}}],"collection":[{"href":"https:\/\/www.europesays.com\/fr\/wp-json\/wp\/v2\/posts"}],"about":[{"href":"https:\/\/www.europesays.com\/fr\/wp-json\/wp\/v2\/types\/post"}],"author":[{"embeddable":true,"href":"https:\/\/www.europesays.com\/fr\/wp-json\/wp\/v2\/users\/2"}],"replies":[{"embeddable":true,"href":"https:\/\/www.europesays.com\/fr\/wp-json\/wp\/v2\/comments?post=519335"}],"version-history":[{"count":0,"href":"https:\/\/www.europesays.com\/fr\/wp-json\/wp\/v2\/posts\/519335\/revisions"}],"wp:featuredmedia":[{"embeddable":true,"href":"https:\/\/www.europesays.com\/fr\/wp-json\/wp\/v2\/media\/519336"}],"wp:attachment":[{"href":"https:\/\/www.europesays.com\/fr\/wp-json\/wp\/v2\/media?parent=519335"}],"wp:term":[{"taxonomy":"category","embeddable":true,"href":"https:\/\/www.europesays.com\/fr\/wp-json\/wp\/v2\/categories?post=519335"},{"taxonomy":"post_tag","embeddable":true,"href":"https:\/\/www.europesays.com\/fr\/wp-json\/wp\/v2\/tags?post=519335"}],"curies":[{"name":"wp","href":"https:\/\/api.w.org\/{rel}","templated":true}]}}