{"id":519337,"date":"2025-11-07T23:46:12","date_gmt":"2025-11-07T23:46:12","guid":{"rendered":"https:\/\/www.europesays.com\/fr\/519337\/"},"modified":"2025-11-07T23:46:12","modified_gmt":"2025-11-07T23:46:12","slug":"le-royaume-uni-retire-le-nom-du-president-al-charaa-de-la-liste-des-sanctions","status":"publish","type":"post","link":"https:\/\/www.europesays.com\/fr\/519337\/","title":{"rendered":"Le Royaume-Uni retire le nom du pr\u00e9sident Al-Charaa de la liste des sanctions"},"content":{"rendered":"<p>Londres \u2013 SANA\/ Le Royaume-Uni a annonc\u00e9 aujourd\u2019hui le retrait du nom du pr\u00e9sident Ahmad Al-Charaa de sa liste de sanctions.<\/p>\n<p>Le Bureau de mise en \u0153uvre des sanctions, relevant du minist\u00e8re du Tr\u00e9sor, a d\u00e9clar\u00e9 dans un communiqu\u00e9 publi\u00e9 sur le site du gouvernement britannique que le minist\u00e8re des Affaires \u00e9trang\u00e8res avait mis \u00e0 jour la liste des sanctions, qui pr\u00e9voit des mesures financi\u00e8res telles que le gel des fonds ou des ressources \u00e9conomiques des personnes sanctionn\u00e9es par les Nations Unies.<\/p>\n<p>Le bureau a pr\u00e9cis\u00e9 qu\u2019il avait retir\u00e9 les noms du pr\u00e9sident Ahmad Al-Charaa et du ministre de l\u2019Int\u00e9rieur Anas Khattab de la liste, et qu\u2019ils ne sont donc plus soumis au gel des avoirs.<\/p>\n<p>De son c\u00f4t\u00e9, Reuters a rapport\u00e9 les propos d\u2019un porte-parole de l\u2019Union europ\u00e9enne affirmant que la d\u00e9cision du Conseil de s\u00e9curit\u00e9 de l\u2019ONU de retirer les noms du pr\u00e9sident Al-Charaa et du ministre Khattab se refl\u00e9tera dans les mesures que le bloc prendra \u00e0 l\u2019avenir.<\/p>\n<p>M.Ch.<\/p>\n","protected":false},"excerpt":{"rendered":"Londres \u2013 SANA\/ Le Royaume-Uni a annonc\u00e9 aujourd\u2019hui le retrait du nom du pr\u00e9sident Ahmad Al-Charaa de sa&hellip;\n","protected":false},"author":2,"featured_media":519338,"comment_status":"","ping_status":"","sticky":false,"template":"","format":"standard","meta":{"footnotes":""},"categories":[1588],"tags":[11,1777,674,12,473,1853,1851,1850,1852],"class_list":{"0":"post-519337","1":"post","2":"type-post","3":"status-publish","4":"format-standard","5":"has-post-thumbnail","7":"category-royaume-uni","8":"tag-actualites","9":"tag-eu","10":"tag-europe","11":"tag-news","12":"tag-royaume-uni","13":"tag-royaume-uni-de-grande-bretagne-et-dirlande-du-nord","14":"tag-uk","15":"tag-united-kingdom","16":"tag-united-kingdom-of-great-britain-and-northern-ireland"},"share_on_mastodon":{"url":"https:\/\/pubeurope.com\/@fr\/115511085248836200","error":""},"_links":{"self":[{"href":"https:\/\/www.europesays.com\/fr\/wp-json\/wp\/v2\/posts\/519337","targetHints":{"allow":["GET"]}}],"collection":[{"href":"https:\/\/www.europesays.com\/fr\/wp-json\/wp\/v2\/posts"}],"about":[{"href":"https:\/\/www.europesays.com\/fr\/wp-json\/wp\/v2\/types\/post"}],"author":[{"embeddable":true,"href":"https:\/\/www.europesays.com\/fr\/wp-json\/wp\/v2\/users\/2"}],"replies":[{"embeddable":true,"href":"https:\/\/www.europesays.com\/fr\/wp-json\/wp\/v2\/comments?post=519337"}],"version-history":[{"count":0,"href":"https:\/\/www.europesays.com\/fr\/wp-json\/wp\/v2\/posts\/519337\/revisions"}],"wp:featuredmedia":[{"embeddable":true,"href":"https:\/\/www.europesays.com\/fr\/wp-json\/wp\/v2\/media\/519338"}],"wp:attachment":[{"href":"https:\/\/www.europesays.com\/fr\/wp-json\/wp\/v2\/media?parent=519337"}],"wp:term":[{"taxonomy":"category","embeddable":true,"href":"https:\/\/www.europesays.com\/fr\/wp-json\/wp\/v2\/categories?post=519337"},{"taxonomy":"post_tag","embeddable":true,"href":"https:\/\/www.europesays.com\/fr\/wp-json\/wp\/v2\/tags?post=519337"}],"curies":[{"name":"wp","href":"https:\/\/api.w.org\/{rel}","templated":true}]}}