{"id":519339,"date":"2025-11-07T23:47:12","date_gmt":"2025-11-07T23:47:12","guid":{"rendered":"https:\/\/www.europesays.com\/fr\/519339\/"},"modified":"2025-11-07T23:47:12","modified_gmt":"2025-11-07T23:47:12","slug":"de-plus-en-plus-de-syriens-quittent-lallemagne","status":"publish","type":"post","link":"https:\/\/www.europesays.com\/fr\/519339\/","title":{"rendered":"De plus en plus de Syriens quittent l&rsquo;Allemagne"},"content":{"rendered":"<p class=\"mb-4 text-lg md:leading-8 break-words\">Depuis la chute du r\u00e9gime d&rsquo;Assad en Syrie en d\u00e9cembre 2024, l&rsquo;afflux de ressortissants syriens en Allemagne a consid\u00e9rablement diminu\u00e9. De janvier \u00e0 septembre 2025, les autorit\u00e9s ont recens\u00e9 environ 40 000 arriv\u00e9es, soit environ 46,5 % de moins qu&rsquo;\u00e0 la m\u00eame p\u00e9riode de l&rsquo;ann\u00e9e pr\u00e9c\u00e9dente (74 600).<\/p>\n<p class=\"mb-4 text-lg md:leading-8 break-words\">Dans le m\u00eame temps, un nombre nettement plus important de Syriens sont retourn\u00e9s dans leur pays d&rsquo;origine : le nombre d&rsquo;\u00e9migrants a augment\u00e9 de 35,3 % pour atteindre 21 800, contre 16 100 au cours de la m\u00eame p\u00e9riode en 2024. La migration nette a ainsi fortement diminu\u00e9, passant de 58 500 \u00e0 18 100 personnes.<\/p>\n<p class=\"mb-4 text-lg md:leading-8 break-words\">Le nombre de demandes d&rsquo;asile a \u00e9galement diminu\u00e9 de mani\u00e8re significative. Fin septembre 2025, les Syriens avaient d\u00e9pos\u00e9 environ 19 200 demandes, soit une baisse de 67 % par rapport \u00e0 l&rsquo;ann\u00e9e pr\u00e9c\u00e9dente (58 400). Ils restaient n\u00e9anmoins le groupe le plus important parmi les demandeurs d&rsquo;asile en Allemagne.<\/p>\n<p>26 ans et de sexe masculin<\/p>\n<p class=\"mb-4 text-lg md:leading-8 break-words\">Un constat similaire se dessine au niveau de l&rsquo;Union europ\u00e9enne : fin juillet 2025, environ 26 200 demandes d&rsquo;asile avaient \u00e9t\u00e9 d\u00e9pos\u00e9es par des Syriens, soit 69 % de moins que l&rsquo;ann\u00e9e pr\u00e9c\u00e9dente. La Syrie n&rsquo;arrivait ainsi qu&rsquo;en troisi\u00e8me position (7 %) parmi les pays d&rsquo;origine des demandeurs d&rsquo;asile, derri\u00e8re le Venezuela (14 %) et l&rsquo;Afghanistan (9 %). 61 % des demandes d&rsquo;asile syriennes dans l&rsquo;Union europ\u00e9enne ont \u00e9t\u00e9 d\u00e9pos\u00e9es en Allemagne.<\/p>\n<p class=\"mb-4 text-lg md:leading-8 break-words\">Plus de la moiti\u00e9 des Syriens en Allemagne y vivent depuis de nombreuses ann\u00e9es : 48 % sont arriv\u00e9s avant 2016 ou jusqu\u2019en 2016, et 12 % sont n\u00e9s en Allemagne. Fin 2024, 90 % des demandeurs d\u2019asile syriens b\u00e9n\u00e9ficiaient d\u2019un statut de protection reconnu.<\/p>\n<p class=\"mb-4 text-lg md:leading-8 break-words\">Selon un recensement de 2024, environ 1,22 million de personnes d\u2019origine syrienne vivaient en Allemagne. L\u2019\u00e2ge moyen \u00e9tait de 26,6 ans et 57 % \u00e9taient des hommes. Parmi les personnes en \u00e2ge de travailler, 46 % occupaient un emploi et 17 % \u00e9taient scolaris\u00e9es ou en formation professionnelle.<\/p>\n<p>Dissensions au sein du gouvernement allemand<\/p>\n<p class=\"mb-4 text-lg md:leading-8 break-words\">La situation suscite un d\u00e9bat politique. Le ministre allemand des Affaires \u00e9trang\u00e8res, Johann Wadephul, lors d&rsquo;une visite \u00e0 Damas, la capitale syrienne, la semaine derni\u00e8re, a exprim\u00e9 son choc face \u00e0 la situation et a parl\u00e9 d&rsquo;une \u00ab\u00a0situation apocalyptique\u00a0\u00bb.<\/p>\n<p class=\"mb-4 text-lg md:leading-8 break-words\">Johann Wadephul a donc temp\u00e9r\u00e9 les espoirs de rapatriements rapides et massifs de r\u00e9fugi\u00e9s syriens vers leur pays d&rsquo;origine. \u00ab\u00a0Ils ne peuvent pas rentrer \u00e0 court terme\u00a0\u00bb, a d\u00e9clar\u00e9 le ministre apr\u00e8s une visite \u00e0 Harasta, une banlieue de Damas fortement d\u00e9vast\u00e9e. \u00ab\u00a0Ici, presque personne ne peut vivre dignement.\u00a0\u00bb<\/p>\n<p class=\"mb-4 text-lg md:leading-8 break-words\">Le chancelier Friedrich Merz a toutefois soulign\u00e9 que le gouvernement allemand entendait toujours proc\u00e9der \u00e0 des expulsions vers la Syrie. La guerre civile \u00e9tant termin\u00e9e, il n&rsquo;y a donc \u00ab\u00a0plus aucune raison de demander l&rsquo;asile en Allemagne\u00a0\u00bb, a-t-il d\u00e9clar\u00e9.<\/p>\n","protected":false},"excerpt":{"rendered":"Depuis la chute du r\u00e9gime d&rsquo;Assad en Syrie en d\u00e9cembre 2024, l&rsquo;afflux de ressortissants syriens en Allemagne a&hellip;\n","protected":false},"author":2,"featured_media":519340,"comment_status":"","ping_status":"","sticky":false,"template":"","format":"standard","meta":{"footnotes":""},"categories":[1587],"tags":[11,672,1804,1805,1803,1777,674,1801,42965,22584,49094,12,10417,1802,32,51955],"class_list":{"0":"post-519339","1":"post","2":"type-post","3":"status-publish","4":"format-standard","5":"has-post-thumbnail","7":"category-allemagne","8":"tag-actualites","9":"tag-allemagne","10":"tag-bundesrepublik-deutschland","11":"tag-de","12":"tag-deutschland","13":"tag-eu","14":"tag-europe","15":"tag-germany","16":"tag-gouvernement-allemand","17":"tag-johann-wadephul","18":"tag-lunion-europeenne-2","19":"tag-news","20":"tag-pays-dorigine","21":"tag-republique-federale-dallemagne","22":"tag-syrie","23":"tag-syriens"},"share_on_mastodon":{"url":"https:\/\/pubeurope.com\/@fr\/115511089181431254","error":""},"_links":{"self":[{"href":"https:\/\/www.europesays.com\/fr\/wp-json\/wp\/v2\/posts\/519339","targetHints":{"allow":["GET"]}}],"collection":[{"href":"https:\/\/www.europesays.com\/fr\/wp-json\/wp\/v2\/posts"}],"about":[{"href":"https:\/\/www.europesays.com\/fr\/wp-json\/wp\/v2\/types\/post"}],"author":[{"embeddable":true,"href":"https:\/\/www.europesays.com\/fr\/wp-json\/wp\/v2\/users\/2"}],"replies":[{"embeddable":true,"href":"https:\/\/www.europesays.com\/fr\/wp-json\/wp\/v2\/comments?post=519339"}],"version-history":[{"count":0,"href":"https:\/\/www.europesays.com\/fr\/wp-json\/wp\/v2\/posts\/519339\/revisions"}],"wp:featuredmedia":[{"embeddable":true,"href":"https:\/\/www.europesays.com\/fr\/wp-json\/wp\/v2\/media\/519340"}],"wp:attachment":[{"href":"https:\/\/www.europesays.com\/fr\/wp-json\/wp\/v2\/media?parent=519339"}],"wp:term":[{"taxonomy":"category","embeddable":true,"href":"https:\/\/www.europesays.com\/fr\/wp-json\/wp\/v2\/categories?post=519339"},{"taxonomy":"post_tag","embeddable":true,"href":"https:\/\/www.europesays.com\/fr\/wp-json\/wp\/v2\/tags?post=519339"}],"curies":[{"name":"wp","href":"https:\/\/api.w.org\/{rel}","templated":true}]}}