{"id":519343,"date":"2025-11-07T23:49:29","date_gmt":"2025-11-07T23:49:29","guid":{"rendered":"https:\/\/www.europesays.com\/fr\/519343\/"},"modified":"2025-11-07T23:49:29","modified_gmt":"2025-11-07T23:49:29","slug":"les-agriculteurs-francais-en-colere-mais-dans-limpasse","status":"publish","type":"post","link":"https:\/\/www.europesays.com\/fr\/519343\/","title":{"rendered":"les agriculteurs fran\u00e7ais en col\u00e8re mais dans l&rsquo;impasse"},"content":{"rendered":"<p>Quelques mots d&rsquo;Emmanuel Macron depuis le Br\u00e9sil ont suffi \u00e0 r\u00e9enflammer les esprits. \u00ab\u2009Je suis plut\u00f4t positif\u2009\u00bb, a d\u00e9clar\u00e9 \u00e0 la presse le pr\u00e9sident de la R\u00e9publique fran\u00e7ais jeudi \u00e0 propos de la possibilit\u00e9 d&rsquo;accepter l&rsquo;accord commercial entre l&rsquo;Union europ\u00e9enne et le Mercosur. Avant pourtant de pr\u00e9ciser qu&rsquo;il fallait rester n\u00e9anmoins \u00ab\u2009vigilant\u2009\u00bb sur la protection des int\u00e9r\u00eats de la France. \u00ab\u2009Nous avons \u00e9t\u00e9 entendus par la Commission (&#8230;)\u2009\u00bb, a-t-il ajout\u00e9 depuis Bel\u00e9m &#8211; o\u00f9 il se trouvait \u00e0 l&rsquo;occasion du sommet des chefs d&rsquo;Etats pr\u00e9c\u00e9dant la COP30-, en mentionnant notamment la \u00ab\u2009r\u00e9ponse positive\u2009\u00bb de l&rsquo;ex\u00e9cutif europ\u00e9en \u00ab\u2009sur les clauses de sauvegarde\u2009\u00bb.<\/p>\n<p>Il faisait ainsi r\u00e9f\u00e9rence \u00e0 la \u00ab\u2009main tendue aux agriculteurs \u00bb par le commissaire europ\u00e9en au Commerce, Maro\u0161 \u0160ef\u010dovi\u010d, le 3 septembre. \u00c0 Bruxelles, celui-ci avait annonc\u00e9 que l&rsquo;UE s&rsquo;engageait \u00e0 proposer un r\u00e8glement assurant que les effets de ce trait\u00e9 de libre-\u00e9change sur les march\u00e9s agricoles &#8211; redout\u00e9s par les agriculteurs &#8211; seront suivis de pr\u00e8s, et qu&rsquo;en cas de troubles, des mesures rapides seront adopt\u00e9es.<\/p>\n","protected":false},"excerpt":{"rendered":"Quelques mots d&rsquo;Emmanuel Macron depuis le Br\u00e9sil ont suffi \u00e0 r\u00e9enflammer les esprits. \u00ab\u2009Je suis plut\u00f4t positif\u2009\u00bb, a&hellip;\n","protected":false},"author":2,"featured_media":519344,"comment_status":"","ping_status":"","sticky":false,"template":"","format":"standard","meta":{"footnotes":""},"categories":[1586],"tags":[17,743,11,2572,1129,3254,1777,674,1779,1011,3844,27,64034,12,25,1778,32180,364],"class_list":{"0":"post-519343","1":"post","2":"type-post","3":"status-publish","4":"format-standard","5":"has-post-thumbnail","7":"category-europe","8":"tag-17","9":"tag-accord","10":"tag-actualites","11":"tag-agriculteurs","12":"tag-climat","13":"tag-colere","14":"tag-eu","15":"tag-europe","16":"tag-european-union","17":"tag-fr","18":"tag-francais","19":"tag-france","20":"tag-limpasse","21":"tag-news","22":"tag-republique-francaise","23":"tag-ue","24":"tag-ue-mercosur","25":"tag-union-europeenne"},"share_on_mastodon":{"url":"https:\/\/pubeurope.com\/@fr\/115511097105785108","error":""},"_links":{"self":[{"href":"https:\/\/www.europesays.com\/fr\/wp-json\/wp\/v2\/posts\/519343","targetHints":{"allow":["GET"]}}],"collection":[{"href":"https:\/\/www.europesays.com\/fr\/wp-json\/wp\/v2\/posts"}],"about":[{"href":"https:\/\/www.europesays.com\/fr\/wp-json\/wp\/v2\/types\/post"}],"author":[{"embeddable":true,"href":"https:\/\/www.europesays.com\/fr\/wp-json\/wp\/v2\/users\/2"}],"replies":[{"embeddable":true,"href":"https:\/\/www.europesays.com\/fr\/wp-json\/wp\/v2\/comments?post=519343"}],"version-history":[{"count":0,"href":"https:\/\/www.europesays.com\/fr\/wp-json\/wp\/v2\/posts\/519343\/revisions"}],"wp:featuredmedia":[{"embeddable":true,"href":"https:\/\/www.europesays.com\/fr\/wp-json\/wp\/v2\/media\/519344"}],"wp:attachment":[{"href":"https:\/\/www.europesays.com\/fr\/wp-json\/wp\/v2\/media?parent=519343"}],"wp:term":[{"taxonomy":"category","embeddable":true,"href":"https:\/\/www.europesays.com\/fr\/wp-json\/wp\/v2\/categories?post=519343"},{"taxonomy":"post_tag","embeddable":true,"href":"https:\/\/www.europesays.com\/fr\/wp-json\/wp\/v2\/tags?post=519343"}],"curies":[{"name":"wp","href":"https:\/\/api.w.org\/{rel}","templated":true}]}}