{"id":519347,"date":"2025-11-07T23:51:22","date_gmt":"2025-11-07T23:51:22","guid":{"rendered":"https:\/\/www.europesays.com\/fr\/519347\/"},"modified":"2025-11-07T23:51:22","modified_gmt":"2025-11-07T23:51:22","slug":"sm-caen-entre-orelsan-et-kylian-mbappe-les-supporters-du-stade-malherbe-ont-choisi-leur-camp","status":"publish","type":"post","link":"https:\/\/www.europesays.com\/fr\/519347\/","title":{"rendered":"SM Caen. Entre Orelsan et Kylian Mbapp\u00e9, les supporters du Stade Malherbe ont choisi leur camp"},"content":{"rendered":"<p>            Par<br \/>\n        <strong><br \/>\n            <a href=\"https:\/\/actu.fr\/auteur\/aline-chatel\" title=\"Consulter tous les articles de Aline Chatel\" target=\"_blank\" rel=\"noopener\">Aline Chatel<\/a><br \/>\n        <\/strong><\/p>\n<p>        Publi\u00e9 le<\/p>\n<p>            7 nov. 2025 \u00e0 19h22        <\/p>\n<p>En tribune comme dans les coursives du stade d\u2019Ornano,<b> les discussions ne tournent qu\u2019autour de \u00e7a<\/b>. Le <a href=\"https:\/\/actu.fr\/tag\/stade-malherbe-de-caen\" target=\"_blank\" rel=\"noopener\">Stade Malherbe Caen<\/a> accueille Paris 13 Atletico, ce vendredi 7 novembre 2025, mais<b> le clash entre Kylian Mbapp\u00e9 et Orelsan<\/b> passionne bien plus l\u2019environnement malherbiste que <a href=\"https:\/\/actu.fr\/normandie\/caen_14118\/national-au-moment-daccueillir-paris-13-atletico-caen-et-maxime-dornano-nont-pas-de-temps-a-perdre_63406918.html\" target=\"_blank\" rel=\"noopener\">la treizi\u00e8me journ\u00e9e<\/a> de National, <b>pourtant si importante sur le plan sportif<\/b>.\u00a0<\/p>\n<p class=\" wall-content\">La <a href=\"https:\/\/actu.fr\/normandie\/caen_14118\/le-mec-a-fait-que-nous-supplier-kylian-mbappe-repond-a-orelsan-le-sm-caen-au-coeur-du-clash_63409558.html\" target=\"_blank\" rel=\"noopener\">r\u00e9ponse du propri\u00e9taire<\/a> du Stade Malherbe \u00e0 la <a href=\"https:\/\/actu.fr\/normandie\/caen_14118\/orelsan-la-punchline-qui-met-un-tacle-a-la-famille-mbappe-dans-son-nouvel-album_63407043.html\" target=\"_blank\" rel=\"noopener\">soi-disant pique d\u2019Orelsan<\/a> dans son dernier album ? <b>\u00ab\u00a0Une b\u00eatise\u00a0\u00bb<\/b>, entend-on commenter en off. Pour avoir r\u00e9agi vertement \u00e0 \u00ab\u00a0La petite voix\u00a0\u00bb qui dit au rappeur caennais qu\u2019il va \u00ab\u00a0faire couler [sa] ville comme les Mbapp\u00e9\u00a0\u00bb, Kylian Mbapp\u00e9 a r\u00e9veill\u00e9 les critiques dont il a r\u00e9guli\u00e8rement fait l\u2019objet la saison derni\u00e8re. <b>La twittosph\u00e8re malherbiste s\u2019en est fait l\u2019\u00e9cho dans une large mesure sur X.<\/b>\u00a0<\/p>\n<p class=\" wall-content\">\n<p class=\" wall-content\">\n<p class=\" wall-content\">\n<p class=\" wall-content\">Le timing est particuli\u00e8rement d\u00e9favorable \u00e0 l\u2019attaquant de l\u2019\u00e9quipe de France. Qu\u2019il s\u2019agisse de l\u2019aspect sportif\u2026<\/p>\n<p class=\" wall-content\">\n<p class=\" wall-content\">\u2026 ou social.<\/p>\n<p class=\" wall-content\">\n<p class=\" wall-content\">Beaucoup soulignent \u00e9galement la mauvaise interpr\u00e9tation faite par Kylian Mbapp\u00e9 du titre d\u2019Orelsan. C\u2019est le cas de Brahim Thiam\u2026 et du speaker Pierre Salzmann.<\/p>\n<p class=\" wall-content\">\n<p class=\" wall-content\">\n<p class=\" wall-content\">\n<p class=\" wall-content\">Sans compter que toucher \u00e0 Orelsan \u00e0 Caen, c\u2019est s\u2019exposer \u00e0 un grand risque\u2026<\/p>\n<p class=\" wall-content\">\n<p class=\" wall-content\">Pour beaucoup de supporters malherbistes, la sortie de Kylian Mbapp\u00e9 est une erreur de plus dans une communication d\u00e9sastreuse.\u00a0\u00a0<\/p>\n<p class=\" wall-content\">\n<p class=\" wall-content\">\n<p class=\" wall-content\">D\u2019autres, lass\u00e9s par ces pol\u00e9miques, renvoient dos \u00e0 dos les deux protagonistes de cet \u00e9pisode.\u00a0<\/p>\n<p>Votre r\u00e9gion, votre actu !<\/p>\n<p>Recevez chaque jour les infos qui comptent pour vous.<\/p>\n<p>\t<a href=\"https:\/\/actu.fr\/newsletter\" class=\"ac-btn ac-btn--corner ac-btn--medium ac-btn--blue800\" target=\"_blank\" rel=\"noopener\">S&rsquo;incrire<\/a><\/p>\n<p class=\" wall-content\">\n<p class=\" wall-content\">\n<p class=\" wall-content\">Une chose est s\u00fbre, le Stade Malherbe continue de divertir malgr\u00e9 lui.<\/p>\n<p class=\" wall-content\">\n<p class=\" wall-content\">\n<p class=\" wall-content\">Personnalisez votre actualit\u00e9 en ajoutant vos villes et m\u00e9dias en favori avec <a href=\"https:\/\/moncompte.actu.fr\" title=\"D\u00e9couvez Mon Actu\" rel=\"nofollow noopener\" data-trk=\"{&quot;cta&quot;:{&quot;action&quot;:&quot;https:\\\/\\\/moncompte.actu.fr&quot;,&quot;category&quot;:&quot;mon compte&quot;,&quot;from&quot;:&quot;article footer&quot;,&quot;name&quot;:&quot;Mon actu&quot;,&quot;type&quot;:&quot;cta&quot;}}\" target=\"_blank\">Mon Actu<\/a>.<\/p>\n","protected":false},"excerpt":{"rendered":"Par Aline Chatel Publi\u00e9 le 7 nov. 2025 \u00e0 19h22 En tribune comme dans les coursives du stade&hellip;\n","protected":false},"author":2,"featured_media":519348,"comment_status":"","ping_status":"","sticky":false,"template":"","format":"standard","meta":{"footnotes":""},"categories":[2],"tags":[11,63,1011,27,12,25,15104,1745,60,266],"class_list":{"0":"post-519347","1":"post","2":"type-post","3":"status-publish","4":"format-standard","5":"has-post-thumbnail","7":"category-actualites","8":"tag-actualites","9":"tag-football","10":"tag-fr","11":"tag-france","12":"tag-news","13":"tag-republique-francaise","14":"tag-sm-caen","15":"tag-sport-caen","16":"tag-sports","17":"tag-stade-malherbe-de-caen"},"share_on_mastodon":{"url":"https:\/\/pubeurope.com\/@fr\/115511104951355400","error":""},"_links":{"self":[{"href":"https:\/\/www.europesays.com\/fr\/wp-json\/wp\/v2\/posts\/519347","targetHints":{"allow":["GET"]}}],"collection":[{"href":"https:\/\/www.europesays.com\/fr\/wp-json\/wp\/v2\/posts"}],"about":[{"href":"https:\/\/www.europesays.com\/fr\/wp-json\/wp\/v2\/types\/post"}],"author":[{"embeddable":true,"href":"https:\/\/www.europesays.com\/fr\/wp-json\/wp\/v2\/users\/2"}],"replies":[{"embeddable":true,"href":"https:\/\/www.europesays.com\/fr\/wp-json\/wp\/v2\/comments?post=519347"}],"version-history":[{"count":0,"href":"https:\/\/www.europesays.com\/fr\/wp-json\/wp\/v2\/posts\/519347\/revisions"}],"wp:featuredmedia":[{"embeddable":true,"href":"https:\/\/www.europesays.com\/fr\/wp-json\/wp\/v2\/media\/519348"}],"wp:attachment":[{"href":"https:\/\/www.europesays.com\/fr\/wp-json\/wp\/v2\/media?parent=519347"}],"wp:term":[{"taxonomy":"category","embeddable":true,"href":"https:\/\/www.europesays.com\/fr\/wp-json\/wp\/v2\/categories?post=519347"},{"taxonomy":"post_tag","embeddable":true,"href":"https:\/\/www.europesays.com\/fr\/wp-json\/wp\/v2\/tags?post=519347"}],"curies":[{"name":"wp","href":"https:\/\/api.w.org\/{rel}","templated":true}]}}