{"id":519353,"date":"2025-11-07T23:56:11","date_gmt":"2025-11-07T23:56:11","guid":{"rendered":"https:\/\/www.europesays.com\/fr\/519353\/"},"modified":"2025-11-07T23:56:11","modified_gmt":"2025-11-07T23:56:11","slug":"atp-athenes-musetti-rejoint-djokovic-en-finale-et-reste-en-course-pour-le-masters-sports","status":"publish","type":"post","link":"https:\/\/www.europesays.com\/fr\/519353\/","title":{"rendered":"ATP &#8211; Ath\u00e8nes : Musetti rejoint Djokovic en finale et reste en course pour le Masters : Sports"},"content":{"rendered":"<p class=\"date\">\n                                                            Aur\u00e9lien Canot, Media365, publi\u00e9 le vendredi 07 novembre 2025 \u00e0 21h31\n                                                    <\/p>\n<p>Lorenzo Musetti est pass\u00e9 \u00e0 un point de la d\u00e9faite vendredi en demi-finales \u00e0 Ath\u00e8nes face \u00e0 Sebastian Korda. L&rsquo;Italien a finalement eu le dernier mot (6-0, 5-7, 7-5) et disputera la finale samedi contre Novak Djokovic. Avec l&rsquo;assurance de disputer le Masters en cas de victoire.<\/p>\n<p>Felix Auger-Aliassime peut trembler, peut-\u00eatre m\u00eame plus que jamais. A la lutte avec Lorenzo Musetti mais sans avoir son destin entre les mains dans le sprint final pour le huiti\u00e8me et dernier billet pour le Masters de Turin, le Canadien, finaliste du Rolex Paris Masters \u00e0 Nanterre la semaine derni\u00e8re mais contraint ensuite de renoncer \u00e0 disputer le tournoi de Metz, o\u00f9 il aurait pu asseoir d\u00e9finitivement son avance sur son rival italien, doit maintenant prier.<\/p>\n<p>Prier pour ne pas que l&rsquo;Italien ne d\u00e9croche cette derni\u00e8re victoire qui l&rsquo;enverrait au Tournoi des Ma\u00eetres et mettrait d\u00e9finitivement un terme au suspense, qui s&rsquo;av\u00e9rerait du m\u00eame coup fatal au 8e mondial. Ce dernier aura toujours l&rsquo;ascendant tant que Musetti n&rsquo;aura pas soulev\u00e9 le troph\u00e9e lors de cette premi\u00e8re \u00e9dition du tournoi d&rsquo;Ath\u00e8nes (ex-Belgrade). Et \u00ab\u00a0FAA\u00a0\u00bb peut encore esp\u00e9rer, car c&rsquo;est loin d&rsquo;\u00eatre fait.<\/p>\n<p>Non seulement parce que le 9e au classement, qui s&rsquo;\u00e9tait d\u00e9j\u00e0 retrouv\u00e9 au bord du pr\u00e9cipice d&rsquo;entr\u00e9e contre le v\u00e9t\u00e9ran suisse Stan Wawrinka, est encore pass\u00e9 tout pr\u00e8s de voir tous ses espoirs s&rsquo;envoler, ce vendredi en demi-finales contre Sebastian Korda, avant de finalement s&rsquo;en sortir en trois sets face \u00e0 l&rsquo;Am\u00e9ricain (6-0, 5-7, 7-5). Mais aussi parce qu&rsquo;en finale samedi l&rsquo;attendra un Novak Djokovic qui fera tout pour remporter son 101e titre, de surcro\u00eet lors de cette \u00e9preuve organis\u00e9e par sa propre famille.<\/p>\n<p><strong>Musetti reste sur cinq finales perdues et n&rsquo;a battu qu&rsquo;une seule fois Djokovic<\/strong><\/p>\n<p><a href=\"https:\/\/sports.orange.fr\/tennis\/atp\/article\/atp-athenes-djokovic-disputera-la-finale-de-son-tournoi-CNT000002lClD6.html\" rel=\"nofollow noopener\" target=\"_blank\">Le Serbe avait ais\u00e9ment domin\u00e9 Yannick Hanfmann<\/a> dans la premi\u00e8re demi-finale. La seconde a bien failli tourner \u00e0 l&rsquo;avantage de Korda alors que Musetti avait d\u00e9marr\u00e9 sur les chapeaux de roue la rencontre, avec un premier set remport\u00e9 6-0 et un break d&rsquo;avance dans la deuxi\u00e8me manche. Le 52e mondial est malgr\u00e9 tout parvenu \u00e0 compl\u00e8tement se relancer et m\u00eame \u00e0 se procurer une balle de match dans le dernier set, dont il n&rsquo;a toutefois pas su profiter.<\/p>\n<p>C&rsquo;est donc l&rsquo;Italien qui reste sur cinq finales perdues et et n&rsquo;a battu qu&rsquo;une seule fois Djokovic en neuf matchs qui aura la possibilit\u00e9 samedi de r\u00e9aliser un magnifique coup double. S&rsquo;il l&#8217;emporte, Musetti d\u00e9crochera ainsi \u00e0 la fois son premier titre depuis 2022 et son billet pour le Masters.<\/p>\n","protected":false},"excerpt":{"rendered":"Aur\u00e9lien Canot, Media365, publi\u00e9 le vendredi 07 novembre 2025 \u00e0 21h31 Lorenzo Musetti est pass\u00e9 \u00e0 un point&hellip;\n","protected":false},"author":2,"featured_media":519354,"comment_status":"","ping_status":"","sticky":false,"template":"","format":"standard","meta":{"footnotes":""},"categories":[1415],"tags":[1011,27,60,1467],"class_list":{"0":"post-519353","1":"post","2":"type-post","3":"status-publish","4":"format-standard","5":"has-post-thumbnail","7":"category-tennis","8":"tag-fr","9":"tag-france","10":"tag-sports","11":"tag-tennis"},"share_on_mastodon":{"url":"https:\/\/pubeurope.com\/@fr\/115511124464620812","error":""},"_links":{"self":[{"href":"https:\/\/www.europesays.com\/fr\/wp-json\/wp\/v2\/posts\/519353","targetHints":{"allow":["GET"]}}],"collection":[{"href":"https:\/\/www.europesays.com\/fr\/wp-json\/wp\/v2\/posts"}],"about":[{"href":"https:\/\/www.europesays.com\/fr\/wp-json\/wp\/v2\/types\/post"}],"author":[{"embeddable":true,"href":"https:\/\/www.europesays.com\/fr\/wp-json\/wp\/v2\/users\/2"}],"replies":[{"embeddable":true,"href":"https:\/\/www.europesays.com\/fr\/wp-json\/wp\/v2\/comments?post=519353"}],"version-history":[{"count":0,"href":"https:\/\/www.europesays.com\/fr\/wp-json\/wp\/v2\/posts\/519353\/revisions"}],"wp:featuredmedia":[{"embeddable":true,"href":"https:\/\/www.europesays.com\/fr\/wp-json\/wp\/v2\/media\/519354"}],"wp:attachment":[{"href":"https:\/\/www.europesays.com\/fr\/wp-json\/wp\/v2\/media?parent=519353"}],"wp:term":[{"taxonomy":"category","embeddable":true,"href":"https:\/\/www.europesays.com\/fr\/wp-json\/wp\/v2\/categories?post=519353"},{"taxonomy":"post_tag","embeddable":true,"href":"https:\/\/www.europesays.com\/fr\/wp-json\/wp\/v2\/tags?post=519353"}],"curies":[{"name":"wp","href":"https:\/\/api.w.org\/{rel}","templated":true}]}}