{"id":519360,"date":"2025-11-08T00:04:22","date_gmt":"2025-11-08T00:04:22","guid":{"rendered":"https:\/\/www.europesays.com\/fr\/519360\/"},"modified":"2025-11-08T00:04:22","modified_gmt":"2025-11-08T00:04:22","slug":"a-oberkampf-un-28-m2-minimaliste-et-graphique-en-beton-cire","status":"publish","type":"post","link":"https:\/\/www.europesays.com\/fr\/519360\/","title":{"rendered":"\u00c0 Oberkampf, un 28 m2 minimaliste et graphique en b\u00e9ton cir\u00e9"},"content":{"rendered":"<p>Dans le quartier d&rsquo;Oberkampf, un 28 m2 \u00e0 l&rsquo;optimisation (tr\u00e8s) esth\u00e9tique<\/p>\n<p>Pour son premier achat, le propri\u00e9taire de cette <a href=\"https:\/\/www.admagazine.fr\/article\/petits-espaces-triangle-or-parisien\" target=\"_blank\" rel=\"noopener\">petite surface<\/a> a jet\u00e9 son d\u00e9volu sur un immeuble hautement seventies du Xe arrondissement : un grand hall en bois et marbre vert, perc\u00e9 d&rsquo;ouvertures ovo\u00efdes, doubl\u00e9 d&rsquo;un escalier sculptural\u2026 et, surtout, une vue d\u00e9gag\u00e9e sur le ciel. Suffisamment rare \u00e0 Paris pour \u00eatre soulign\u00e9, cet \u00e9l\u00e9ment phare a pouss\u00e9 lu duo d&rsquo;\u014dno studio \u00e0 d\u00e9cloisonner le lieu autant que possible, afin de faire p\u00e9n\u00e9trer la lumi\u00e8re dans chaque recoin. \u00ab Il s&rsquo;agissait d&rsquo;int\u00e9grer toutes les fonctions \u00e0 un studio de <a href=\"https:\/\/www.admagazine.fr\/article\/pigalle-28m2-amenagement-budget-optimises\" target=\"_blank\" rel=\"noopener\">28 m2<\/a> compl\u00e8tement ouvert \u00bb, commentent-ils. Architectes de formation, Emma Collet et Thomas Diettert posent un regard structurel sur les int\u00e9rieurs qu&rsquo;ils con\u00e7oivent. Cette \u00ab d\u00e9formation professionnelle \u00bb, comme ils aiment \u00e0 s&rsquo;en amuser, leur a permis d&rsquo;organiser cet appartement de fa\u00e7on a\u00e9r\u00e9e et ultra-dessin\u00e9e (voir plans en fin d&rsquo;article).<\/p>\n<p><img decoding=\"async\" alt=\"Le coin salle \u00e0 mangerbureau install tout pr\u00e8s de la fen\u00eatre. Sur la table  coupe en cramique  coupelle en cramique Wabi .\" loading=\"lazy\" class=\"ResponsiveImageContainer-eNxvmU cfBbTk responsive-image__image\"   src=\"https:\/\/www.europesays.com\/fr\/wp-content\/uploads\/2025\/11\/ONO-03.jpg\"\/><\/p>\n<p>Le coin salle \u00e0 manger-bureau, install\u00e9 tout pr\u00e8s de la fen\u00eatre. Sur la table : coupe en c\u00e9ramique (Carole Fraile), coupelle en c\u00e9ramique Wabi (Jars C\u00e9ramistes).<\/p>\n<p>Thomas Diettert<img decoding=\"async\" alt=\"Le coin salon attenant \u00e0 la cuisine. Fauteuil Mah Jong par Hans Hopfer pour Roche Bobois  coussin velours Divino .\" loading=\"lazy\" class=\"ResponsiveImageContainer-eNxvmU cfBbTk responsive-image__image\"   src=\"https:\/\/www.europesays.com\/fr\/wp-content\/uploads\/2025\/11\/ONO-08.jpg\"\/><\/p>\n<p>Le coin salon, attenant \u00e0 la cuisine. Fauteuil Mah Jong par Hans Hopfer pour Roche Bobois (1970s, Galerie Paradis), coussin velours Divino (The Socialite Family).<\/p>\n<p>Thomas DiettertUn grand carr\u00e9, divis\u00e9 en quatre espaces<\/p>\n<p>Le studio s&rsquo;ouvre sur un sas menant \u00e0 la salle de bains. \u00ab Ensuite, le principe \u00e9tait de r\u00e9partir les espaces de vie dans le carr\u00e9 restant \u00bb, explique \u014dno studio, qui l&rsquo;a de fait divis\u00e9 en quatre autres carr\u00e9s, allou\u00e9s chacun \u00e0 une fonction pr\u00e9cise : une <a href=\"https:\/\/www.admagazine.fr\/article\/tendances-cuisine-adopter\" target=\"_blank\" rel=\"noopener\">cuisine<\/a>, une salle \u00e0 manger-bureau, un salon et une chambre. Le premier fait \u00e9galement office de lieu de circulation. \u00ab Ce n&rsquo;est pas un espace fig\u00e9, c&rsquo;est un espace par lequel on rentre. On n&rsquo;y va pas que pour cuisiner, comme c&rsquo;\u00e9tait initialement le cas. \u00bb<\/p>\n<p>S\u00e9par\u00e9 de la cuisine par un lit-muret, le coin nuit incarne, ensuite, la vision \u00ab architectonique \u00bb d\u00e9ploy\u00e9e par le duo dans l&rsquo;ensemble de l&rsquo;appartement. Architectonique ? \u00ab On voulait que tout se lie entre ces espaces qui sont d\u00e9j\u00e0 ouverts les uns sur les autres, mais qui ont des fonctions s\u00e9par\u00e9es, \u00e9clairent-ils. Les choses sont dessin\u00e9es, mais ont une fonction. C&rsquo;est une marche du lit qui devient une banquette de <a href=\"https:\/\/www.admagazine.fr\/article\/salons-decoration-moderne-chic\" target=\"_blank\" rel=\"noopener\">salon<\/a>, par exemple. C&rsquo;est un peu pens\u00e9 comme une maquette, un village, o\u00f9 la structure devient la fonction \u00bb. Une fois la terminologie pos\u00e9e, on comprend d&rsquo;autant mieux la mani\u00e8re dont les deux associ\u00e9s ont pens\u00e9 l&rsquo;agencement de l&rsquo;appartement, o\u00f9 tout devient li\u00e9 : la banquette devient un muret, qui devient une marche, qui devient la plateforme du lit, qui \u00e9volue ensuite vers la cuisine.<\/p>\n<p><img decoding=\"async\" alt=\"studio de 28 m2 tout en bton cir couleurs beige\" loading=\"lazy\" class=\"ResponsiveImageContainer-eNxvmU cfBbTk responsive-image__image\"   src=\"https:\/\/www.europesays.com\/fr\/wp-content\/uploads\/2025\/11\/ONO-01.jpg\"\/><\/p>\n<p>La salle \u00e0 manger et le lit sont s\u00e9par\u00e9s par un muret et un rideau. Chaise Olavi Hanninen (1960s, Galerie Paradis), table (Kave Home), draps Haomy, rideaux, coussins et chemin de table, appliques Zangra, suspension (Tikamoon), tabouret, paravent &amp; objets chin\u00e9s.<\/p>\n<p>Thomas Diettert<img decoding=\"async\" alt=\"L'agencement \u00ab architectonique \u00bb de l'appartement lie chaque espace l'un \u00e0 l'autre de fa\u00e7on souple mais structure....\" loading=\"lazy\" class=\"ResponsiveImageContainer-eNxvmU cfBbTk responsive-image__image\"   src=\"https:\/\/www.europesays.com\/fr\/wp-content\/uploads\/2025\/11\/ONO-11.jpg\"\/><\/p>\n<p>L&rsquo;agencement \u00ab architectonique \u00bb de l&rsquo;appartement lie chaque espace l&rsquo;un \u00e0 l&rsquo;autre de fa\u00e7on souple mais structur\u00e9e. Chaise Olavi Hanninen (1960s, Galerie Paradis), lampe Daphine Terra (Tommaso Cimini), appliques Zangra, tabouret, paravent &amp; objets chin\u00e9s.<\/p>\n<p>Thomas DiettertLumi\u00e8re et volume au c\u0153ur du projet<\/p>\n<p>Pour favoriser la luminosit\u00e9, les meubles bas ont \u00e9t\u00e9 privil\u00e9gi\u00e9s. Un choix plut\u00f4t radical, pour une petite surface o\u00f9 chaque centim\u00e8tre se doit d&rsquo;\u00eatre optimis\u00e9, mais motiv\u00e9 par l&rsquo;esth\u00e9tique. \u00ab D&rsquo;autant plus que les <a href=\"https:\/\/www.admagazine.fr\/article\/paris-70-m2-ultra-personnalise\" target=\"_blank\" rel=\"noopener\">appartements des ann\u00e9es 1970<\/a> n&rsquo;ont pas de tr\u00e8s grandes hauteurs sous plafond. Ici, on a 2,50 m\u00e8tres. \u00c7a \u00e9crase vite de ramener une colonne dans un tel espace. \u00bb Conscients de la perte de rangement induite par ce parti-pris et apr\u00e8s avoir \u00ab n\u00e9goci\u00e9 \u00bb avec leur client, Emma Collet et Thomas Diettert ont ajout\u00e9 un dressing toute hauteur derri\u00e8re les murs en voile dissimul\u00e9s derri\u00e8re la cuisine.<\/p>\n<p>Dans le coin salle \u00e0 manger-bureau, plac\u00e9 sous la fen\u00eatre pour b\u00e9n\u00e9ficier au maximum de la lumi\u00e8re du jour, les deux fonctions demand\u00e9es par le propri\u00e9taire ont \u00e9t\u00e9 s\u00e9par\u00e9es : un coin repas, ainsi qu&rsquo;un <a href=\"https:\/\/www.admagazine.fr\/article\/tendances-bureau-ideal-chez-soi\" target=\"_blank\" rel=\"noopener\">bureau<\/a> r\u00e9tractable dans une armoire de rangement sur mesure. \u00ab Il voulait, dans ce volume restreint, un endroit pour t\u00e9l\u00e9travailler, qui ne serait pas celui sur lequel il mange. L\u00e0, il peut ranger son ordinateur le soir en rabattant la porte de l&rsquo;armoire \u00bb, pr\u00e9cisent les architectes. Aussi, un miroir a \u00e9t\u00e9 ajout\u00e9 face \u00e0 la baie vitr\u00e9e, afin de refl\u00e9ter la lumi\u00e8re, ainsi que la vue d\u00e9gag\u00e9e, sur les autres espaces.<\/p>\n<p><img decoding=\"async\" alt=\"Dans la cuisine une composition florale de Yurika Moriya  vase en cramique et essuiemains en coton  tasses  coupe vintage .\" loading=\"lazy\" class=\"ResponsiveImageContainer-eNxvmU cfBbTk responsive-image__image\"   src=\"https:\/\/www.europesays.com\/fr\/wp-content\/uploads\/2025\/11\/ONO-12.jpg\"\/><\/p>\n<p>Dans la cuisine, une composition florale de Yurika Moriya (@maisonlouparis), vase en c\u00e9ramique et essuie-mains en coton (Zara Home), tasses (Clara Armanet), coupe vintage (Selency).<\/p>\n<p>Thomas Diettert<img decoding=\"async\" alt=\"Le miroir refl\u00e8te les lments de design la lumi\u00e8re de la vue de la baie vitre.\" loading=\"lazy\" class=\"ResponsiveImageContainer-eNxvmU cfBbTk responsive-image__image\"   src=\"https:\/\/www.europesays.com\/fr\/wp-content\/uploads\/2025\/11\/ONO-06.jpg\"\/><\/p>\n<p>Le miroir refl\u00e8te les \u00e9l\u00e9ments de design, la lumi\u00e8re de la vue de la baie vitr\u00e9e.<\/p>\n<p>Thomas DiettertUn int\u00e9rieur \u00e9pur\u00e9, rehauss\u00e9 de contrastes<\/p>\n<p>C\u00f4t\u00e9 mat\u00e9riaux, le minimalisme a \u00e9t\u00e9 de mise, toujours dans le m\u00eame enjeu de clart\u00e9 des volumes. \u00ab On n&rsquo;a que trois mati\u00e8res \u00bb, d\u00e9crit \u014dno studio : le sol en <a href=\"https:\/\/www.admagazine.fr\/article\/beton-petit-espace-mode-demploi\" target=\"_blank\" rel=\"noopener\">b\u00e9ton cir\u00e9<\/a>, li\u00e9 \u00e0 la cuisine en remontant le long du mur (ainsi que la cr\u00e9dence qui se prolonge l\u00e9g\u00e8rement hors de la cuisine), la cr\u00e9dence qui insuffle une douce mat\u00e9rialit\u00e9, et le ch\u00eane, dispos\u00e9 en panneautage permettant de s\u00e9parer l&rsquo;espace nuit de la cuisine. Des appliques en c\u00e9ramique, des \u00e9tag\u00e8res, ainsi que des fils \u00e9lectriques torsad\u00e9s, volontairement apparents, ont ensuite \u00e9t\u00e9 ajout\u00e9es pour agr\u00e9menter l&rsquo;int\u00e9rieur, de facto tr\u00e8s d\u00e9nud\u00e9.<\/p>\n","protected":false},"excerpt":{"rendered":"Dans le quartier d&rsquo;Oberkampf, un 28 m2 \u00e0 l&rsquo;optimisation (tr\u00e8s) esth\u00e9tique Pour son premier achat, le propri\u00e9taire de&hellip;\n","protected":false},"author":2,"featured_media":519361,"comment_status":"","ping_status":"","sticky":false,"template":"","format":"standard","meta":{"footnotes":""},"categories":[1358],"tags":[10099,1348,1384,1385,1386,58,59,1011,27,9986],"class_list":{"0":"post-519360","1":"post","2":"type-post","3":"status-publish","4":"format-standard","5":"has-post-thumbnail","7":"category-arts-et-design","8":"tag-appartement-parisien","9":"tag-arts","10":"tag-arts-and-design","11":"tag-arts-et-design","12":"tag-design","13":"tag-divertissement","14":"tag-entertainment","15":"tag-fr","16":"tag-france","17":"tag-petits-espaces"},"share_on_mastodon":{"url":"https:\/\/pubeurope.com\/@fr\/115511157140699223","error":""},"_links":{"self":[{"href":"https:\/\/www.europesays.com\/fr\/wp-json\/wp\/v2\/posts\/519360","targetHints":{"allow":["GET"]}}],"collection":[{"href":"https:\/\/www.europesays.com\/fr\/wp-json\/wp\/v2\/posts"}],"about":[{"href":"https:\/\/www.europesays.com\/fr\/wp-json\/wp\/v2\/types\/post"}],"author":[{"embeddable":true,"href":"https:\/\/www.europesays.com\/fr\/wp-json\/wp\/v2\/users\/2"}],"replies":[{"embeddable":true,"href":"https:\/\/www.europesays.com\/fr\/wp-json\/wp\/v2\/comments?post=519360"}],"version-history":[{"count":0,"href":"https:\/\/www.europesays.com\/fr\/wp-json\/wp\/v2\/posts\/519360\/revisions"}],"wp:featuredmedia":[{"embeddable":true,"href":"https:\/\/www.europesays.com\/fr\/wp-json\/wp\/v2\/media\/519361"}],"wp:attachment":[{"href":"https:\/\/www.europesays.com\/fr\/wp-json\/wp\/v2\/media?parent=519360"}],"wp:term":[{"taxonomy":"category","embeddable":true,"href":"https:\/\/www.europesays.com\/fr\/wp-json\/wp\/v2\/categories?post=519360"},{"taxonomy":"post_tag","embeddable":true,"href":"https:\/\/www.europesays.com\/fr\/wp-json\/wp\/v2\/tags?post=519360"}],"curies":[{"name":"wp","href":"https:\/\/api.w.org\/{rel}","templated":true}]}}