{"id":519363,"date":"2025-11-08T00:07:17","date_gmt":"2025-11-08T00:07:17","guid":{"rendered":"https:\/\/www.europesays.com\/fr\/519363\/"},"modified":"2025-11-08T00:07:17","modified_gmt":"2025-11-08T00:07:17","slug":"voici-la-bande-annonce-du-biopic-sur-michael-jackson-video","status":"publish","type":"post","link":"https:\/\/www.europesays.com\/fr\/519363\/","title":{"rendered":"Voici la bande-annonce du biopic sur Michael Jackson (vid\u00e9o)"},"content":{"rendered":"<p class=\"ap-StoryElement ap-StoryElement--mb ap-StoryText\">Le Roi de la pop s&rsquo;appr\u00eate \u00e0 rena\u00eetre sur grand \u00e9cran. Lionsgate a d\u00e9voil\u00e9 la premi\u00e8re bande-annonce de Michael, le biopic consacr\u00e9 \u00e0 Michael Jackson, dont la sortie est pr\u00e9vue le 22 avril 2026 en France.<\/p>\n<p class=\"ap-StoryElement ap-StoryElement--mb ap-StoryText\">R\u00e9alis\u00e9 par Antoine Fuqua (Training Day, The Equalizer), le film retrace toute la trajectoire du chanteur, de ses d\u00e9buts avec les Jackson 5 \u00e0 son ascension fulgurante en solo. La premi\u00e8re s\u00e9quence frappe fort : Michael en studio aux c\u00f4t\u00e9s du l\u00e9gendaire producteur Quincy Jones, incarn\u00e9 par Kendrick Sampson. Sur fond de Wanna Be Startin&rsquo;Somethin&rsquo;, la vid\u00e9o encha\u00eene les images d&rsquo;enfance, les r\u00e9p\u00e9titions, les tourn\u00e9es et les clips mythiques, jusqu&rsquo;\u00e0 Thriller.<\/p>\n","protected":false},"excerpt":{"rendered":"Le Roi de la pop s&rsquo;appr\u00eate \u00e0 rena\u00eetre sur grand \u00e9cran. Lionsgate a d\u00e9voil\u00e9 la premi\u00e8re bande-annonce de&hellip;\n","protected":false},"author":2,"featured_media":519364,"comment_status":"","ping_status":"","sticky":false,"template":"","format":"standard","meta":{"footnotes":""},"categories":[1355],"tags":[58,59,1011,27,1227,1361,873,15686],"class_list":{"0":"post-519363","1":"post","2":"type-post","3":"status-publish","4":"format-standard","5":"has-post-thumbnail","7":"category-musique","8":"tag-divertissement","9":"tag-entertainment","10":"tag-fr","11":"tag-france","12":"tag-horizontal","13":"tag-music","14":"tag-musique","15":"tag-red-carpet"},"share_on_mastodon":{"url":"https:\/\/pubeurope.com\/@fr\/115511167840215514","error":""},"_links":{"self":[{"href":"https:\/\/www.europesays.com\/fr\/wp-json\/wp\/v2\/posts\/519363","targetHints":{"allow":["GET"]}}],"collection":[{"href":"https:\/\/www.europesays.com\/fr\/wp-json\/wp\/v2\/posts"}],"about":[{"href":"https:\/\/www.europesays.com\/fr\/wp-json\/wp\/v2\/types\/post"}],"author":[{"embeddable":true,"href":"https:\/\/www.europesays.com\/fr\/wp-json\/wp\/v2\/users\/2"}],"replies":[{"embeddable":true,"href":"https:\/\/www.europesays.com\/fr\/wp-json\/wp\/v2\/comments?post=519363"}],"version-history":[{"count":0,"href":"https:\/\/www.europesays.com\/fr\/wp-json\/wp\/v2\/posts\/519363\/revisions"}],"wp:featuredmedia":[{"embeddable":true,"href":"https:\/\/www.europesays.com\/fr\/wp-json\/wp\/v2\/media\/519364"}],"wp:attachment":[{"href":"https:\/\/www.europesays.com\/fr\/wp-json\/wp\/v2\/media?parent=519363"}],"wp:term":[{"taxonomy":"category","embeddable":true,"href":"https:\/\/www.europesays.com\/fr\/wp-json\/wp\/v2\/categories?post=519363"},{"taxonomy":"post_tag","embeddable":true,"href":"https:\/\/www.europesays.com\/fr\/wp-json\/wp\/v2\/tags?post=519363"}],"curies":[{"name":"wp","href":"https:\/\/api.w.org\/{rel}","templated":true}]}}