{"id":519368,"date":"2025-11-08T00:10:11","date_gmt":"2025-11-08T00:10:11","guid":{"rendered":"https:\/\/www.europesays.com\/fr\/519368\/"},"modified":"2025-11-08T00:10:11","modified_gmt":"2025-11-08T00:10:11","slug":"samba-infranchissable-le-pfc-na-pas-su-conclure-les-tops-et-flops","status":"publish","type":"post","link":"https:\/\/www.europesays.com\/fr\/519368\/","title":{"rendered":"Samba infranchissable, le PFC n\u2019a pas su conclure&#8230; Les tops et flops"},"content":{"rendered":"<p>\n    <strong>TOPS\/FLOPS &#8211;<\/strong> Les nombreux arr\u00eats de Samba, le bon match de Me\u00eft\u00e9 ou la finition d\u00e9cevante du PFC\u00a0: retrouvez ce qui a retenu l\u2019attention de la r\u00e9daction apr\u00e8s la victoire du Stade Rennais chez le Paris FC vendredi (0-1).<\/p>\n<p class=\"fig-paragraph\"><strong>TOPS<\/strong><\/p>\n<p>Samba imperm\u00e9able<\/p>\n<p class=\"fig-paragraph\">Il n\u2019est pas le troisi\u00e8me gardien de\u00a0<a href=\"http:\/\/www.lefigaro.fr\/sports\/football\/coupe-du-monde\/cherki-kante-et-kolo-muani-de-retour-thauvin-et-pavard-recales-les-choix-de-deschamps-pour-decrocher-la-qualification-au-mondial-2026-20251106\" data-fig-type=\"NewsFlash\" data-gtm-custom-categorie=\"navigation\" data-gtm-custom-action=\"crossclick\" data-gtm-custom-label=\"Contextuel\" data-gtm-event=\"customEventSPE\" data-fig-domain=\"LEFIGARO\" target=\"_blank\" rel=\"noopener\">l\u2019\u00e9quipe de France<\/a>\u00a0pour rien. Brice Samba a veill\u00e9 au grain et grandement contribu\u00e9 \u00e0\u00a0<a href=\"http:\/\/www.lefigaro.fr\/sports\/football\/ligue-1\/ligue-1-vainqueur-du-paris-fc-a-jean-bouin-rennes-confirme-son-regain-de-forme-20251107\" data-fig-type=\"NewsFlash\" data-gtm-custom-categorie=\"navigation\" data-gtm-custom-action=\"crossclick\" data-gtm-custom-label=\"Contextuel\" data-gtm-event=\"customEventSPE\" data-fig-domain=\"LEFIGARO\" target=\"_blank\" rel=\"noopener\">la victoire du Stade Rennais (0-1)<\/a>. Vigilant sur une tentative de lob d\u2019Ilan Kebbal (23e), l\u2019ancien capitaine Lensois l\u2019a aussi \u00e9t\u00e9 sur une t\u00eate de Moustapha Mbow sur corner (32e). Puis il a remport\u00e9 ses duels avec Pierre Lees-Melou (35e), Jean-Philippe Krasso (39e) et Samir Chergui (47e).<\/p>\n<p>                                    <a class=\"fig-a11y-skip a11y-hidden\" href=\"#fig-a11y-skip-main-inarticle\"><br \/>\n        Passer la publicit\u00e9<br \/>\n    <\/a><\/p>\n<p>Me\u00eft\u00e9 continue de s\u2019installer<\/p>\n<p class=\"fig-paragraph\">Il n\u2019y a plus de quoi \u00eatre surpris en voyant un gar\u00e7on de 18 ans \u00e0 peine (depuis le 11 octobre) \u00eatre titulaire dans l\u2019attaque rennaise. Kader Me\u00eft\u00e9, rayonnant\u00a0<a href=\"http:\/\/www.lefigaro.fr\/sports\/football\/ligue-1\/ligue-1-en-demonstration-face-a-strasbourg-rennes-et-habib-beye-retrouvent-la-victoire-20251102\" data-fig-type=\"NewsFlash\" data-gtm-custom-categorie=\"navigation\" data-gtm-custom-action=\"crossclick\" data-gtm-custom-label=\"Contextuel\" data-gtm-event=\"customEventSPE\" data-fig-domain=\"LEFIGARO\" target=\"_blank\" rel=\"noopener\">face \u00e0 Strasbourg<\/a>\u00a0une semaine plus t\u00f4t (4-1, un but et une passe d\u00e9cisive), a encore pes\u00e9 vendredi. Sa capacit\u00e9 \u00e0 conserver le ballon dos au but a parfois permis \u00e0 son \u00e9quipe de gagner des m\u00e8tres. Le grand gaillard (1,92\u00a0m) sait aussi prendre la profondeur, \u00e0 l\u2019image de cette occasion o\u00f9 il a but\u00e9 sur Obed Nkambadio (45e). Habib Beye lui fait confiance&#8230; mais pas trop non plus. Remplac\u00e9 \u00e0 la 66e minute par Ludovic Blas.<\/p>\n<p class=\"fig-paragraph\"><strong>FLOPS<\/strong><\/p>\n<p>Le manque de r\u00e9alisme parisien<\/p>\n<p class=\"fig-paragraph\">Souvent m\u00e9diocre dans son animation offensive \u00e0 domicile cette saison, le PFC a livr\u00e9 une copie plus qu\u2019honn\u00eate, \u00e0 l\u2019image d\u2019une combinaison entre Pierre Lees-Melou et Maxime Lopez (33e) ou des vell\u00e9it\u00e9s de Samir Chergui dans le couloir droit. Mais la r\u00e9ussite a fui les Parisiens, comme sur ce tir du lat\u00e9ral alg\u00e9rien sur le poteau (56e), cette frappe lointaine sur la barre de Thibault De Smet (77e) et les face-\u00e0-face remport\u00e9s par Samba.<\/p>\n<p>La palpable f\u00e9brilit\u00e9 rennaise<\/p>\n<p class=\"fig-paragraph\">\u00c0 la fin, \u00e7a fait trois points et du cr\u00e9dit de regagn\u00e9 pour Habib Beye. On n\u2019imagine pourtant mal l\u2019exigeant entra\u00eeneur qu\u2019il est se satisfaire de ce qu\u2019il a vu \u00e0 Jean-Bouin. Apr\u00e8s une premi\u00e8re demi-heure l\u00e9nifiante, le Paris\u00a0FC a nettement pris l\u2019ascendant et l\u2019a conserv\u00e9 presque sans discontinuer, jusqu\u2019au but lib\u00e9rateur de Breel Embolo (81e). Samba a gard\u00e9 les siens en vie, quand ce ne sont pas les montants, par deux fois, qu\u2019ont trouv\u00e9s les anciens pensionnaires de L2. Le manque d\u2019\u00e9quilibre et de consistance dans l\u2019entrejeu donnera du boulot au staff breton pendant la tr\u00eave internationale.<\/p>\n","protected":false},"excerpt":{"rendered":"TOPS\/FLOPS &#8211; Les nombreux arr\u00eats de Samba, le bon match de Me\u00eft\u00e9 ou la finition d\u00e9cevante du PFC\u00a0:&hellip;\n","protected":false},"author":2,"featured_media":519369,"comment_status":"","ping_status":"","sticky":false,"template":"","format":"standard","meta":{"footnotes":""},"categories":[9],"tags":[1011,27,445,60,3087],"class_list":{"0":"post-519368","1":"post","2":"type-post","3":"status-publish","4":"format-standard","5":"has-post-thumbnail","7":"category-sports","8":"tag-fr","9":"tag-france","10":"tag-paris-fc","11":"tag-sports","12":"tag-stade-rennais"},"share_on_mastodon":{"url":"https:\/\/pubeurope.com\/@fr\/115511179568333928","error":""},"_links":{"self":[{"href":"https:\/\/www.europesays.com\/fr\/wp-json\/wp\/v2\/posts\/519368","targetHints":{"allow":["GET"]}}],"collection":[{"href":"https:\/\/www.europesays.com\/fr\/wp-json\/wp\/v2\/posts"}],"about":[{"href":"https:\/\/www.europesays.com\/fr\/wp-json\/wp\/v2\/types\/post"}],"author":[{"embeddable":true,"href":"https:\/\/www.europesays.com\/fr\/wp-json\/wp\/v2\/users\/2"}],"replies":[{"embeddable":true,"href":"https:\/\/www.europesays.com\/fr\/wp-json\/wp\/v2\/comments?post=519368"}],"version-history":[{"count":0,"href":"https:\/\/www.europesays.com\/fr\/wp-json\/wp\/v2\/posts\/519368\/revisions"}],"wp:featuredmedia":[{"embeddable":true,"href":"https:\/\/www.europesays.com\/fr\/wp-json\/wp\/v2\/media\/519369"}],"wp:attachment":[{"href":"https:\/\/www.europesays.com\/fr\/wp-json\/wp\/v2\/media?parent=519368"}],"wp:term":[{"taxonomy":"category","embeddable":true,"href":"https:\/\/www.europesays.com\/fr\/wp-json\/wp\/v2\/categories?post=519368"},{"taxonomy":"post_tag","embeddable":true,"href":"https:\/\/www.europesays.com\/fr\/wp-json\/wp\/v2\/tags?post=519368"}],"curies":[{"name":"wp","href":"https:\/\/api.w.org\/{rel}","templated":true}]}}