{"id":519376,"date":"2025-11-08T00:14:12","date_gmt":"2025-11-08T00:14:12","guid":{"rendered":"https:\/\/www.europesays.com\/fr\/519376\/"},"modified":"2025-11-08T00:14:12","modified_gmt":"2025-11-08T00:14:12","slug":"donald-trump-fait-un-cadeau-a-viktor-orban-qui-ne-va-pas-plaire-aux-pays-de-lue","status":"publish","type":"post","link":"https:\/\/www.europesays.com\/fr\/519376\/","title":{"rendered":"Donald Trump fait un cadeau \u00e0 Viktor Orban qui ne va pas plaire aux pays de l\u2019UE"},"content":{"rendered":"<p>        <img decoding=\"async\" loading=\"lazy\" src=\"https:\/\/www.europesays.com\/fr\/wp-content\/uploads\/2025\/11\/0a15742_upload-1-tbpkzn4op5hn-afp-20251107-83f393q-v1-highres-hungarianpmorbanmeetsuspresidenttrump..jpeg\"  width=\"728\" height=\"409\" alt=\"Donald Trump et Viktor Orban se rencontrant dans la salle du Cabinet de la Maison Blanche \u00e0 Washington, le 7\u00a0novembre 2025. \"\/>  <\/p>\n<p>SAUL LOEB \/ AFP<\/p>\n<p>Donald Trump et Viktor Orban se rencontrant dans la salle du Cabinet de la Maison Blanche \u00e0 Washington, le 7\u00a0novembre 2025. <\/p>\n<p class=\"asset asset-text\">INTERNATIONAL &#8211; Il n\u2019est pas peu dire que Viktor Orban est appr\u00e9ci\u00e9 de Donald Trump. <a href=\"https:\/\/www.huffingtonpost.fr\/international\/video\/l-histoire-derriere-cette-photo-de-donald-trump-immobile-apres-avoir-assiste-a-un-malaise_256897.html\" target=\"_blank\" rel=\"noopener\">Le pr\u00e9sident am\u00e9ricain<\/a> a en effet accord\u00e9 \u00e0 la Hongrie une d\u00e9rogation aux sanctions am\u00e9ricaines li\u00e9es au p\u00e9trole russe, a-t-il annonc\u00e9 ce vendredi 7\u00a0novembre alors qu\u2019il recevait <a href=\"https:\/\/www.huffingtonpost.fr\/international\/article\/a-budapest-la-marche-des-fiertes-tourne-a-l-affrontement-entre-viktor-orban-et-le-maire_251555.html\" target=\"_blank\" rel=\"noopener\">le Premier ministre hongrois<\/a>, dont il a lou\u00e9 de mani\u00e8re appuy\u00e9e la politique anti-immigration.<\/p>\n<p class=\"asset asset-text\">\u00ab\u00a0R\u00e9sultat majeur de la rencontre d\u2019aujourd\u2019hui\u00a0: les \u00c9tats-Unis ont accord\u00e9 \u00e0 la Hongrie une exemption illimit\u00e9e des sanctions sur le p\u00e9trole et le gaz russe. Nous sommes reconnaissants de cette d\u00e9cision qui garantit la s\u00e9curit\u00e9 \u00e9nerg\u00e9tique de la Hongrie\u00a0\u00bb, a \u00e9crit sur X le ministre hongrois des Affaires \u00e9trang\u00e8res Peter Szijjarto.<\/p>\n<p class=\"asset asset-text\">\u00ab\u00a0Nous \u00e9tudions \u00e7a, parce qu\u2019il est tr\u00e8s difficile pour lui d\u2019obtenir le p\u00e9trole et le gaz d\u2019autres r\u00e9gions. Comme vous le savez, il ne b\u00e9n\u00e9ficie pas d\u2019un acc\u00e8s \u00e0 la mer\u00a0\u00bb, avait d\u00e9clar\u00e9 plus t\u00f4t dans la journ\u00e9e Donald Trump devant la presse, en recevant son alli\u00e9 de longue date, qui le soutient depuis sa premi\u00e8re campagne pour la <a href=\"https:\/\/www.huffingtonpost.fr\/international\/article\/cette-reaction-de-la-maison-blanche-apres-les-victoires-democrates-illustre-le-depit-de-trump_256825.html\" target=\"_blank\" rel=\"noopener\">Maison Blanche<\/a>, en 2016.<\/p>\n<p class=\"asset asset-text\">Viktor Orban avait indiqu\u00e9 que pendant leur r\u00e9union bilat\u00e9rale, il expliquerait \u00e0 Donald Trump quelles seraient les \u00ab\u00a0cons\u00e9quences\u00a0\u00bb pour la Hongrie de \u00ab\u00a0ne plus avoir de gaz et de p\u00e9trole russe\u00a0\u00bb. \u00ab\u00a0Nous sommes approvisionn\u00e9s par ol\u00e9oduc et gazoduc\u00a0\u00bb, avait-il d\u00e9clar\u00e9.<\/p>\n<p> La lecture de ce contenu est susceptible d\u2019entra\u00eener un d\u00e9p\u00f4t de cookies de la part de l\u2019op\u00e9rateur tiers qui l\u2019h\u00e9berge. Compte-tenu des choix que vous avez exprim\u00e9s en mati\u00e8re de d\u00e9p\u00f4t de cookies, nous avons bloqu\u00e9 l\u2019affichage de ce contenu. Si vous souhaitez y acc\u00e9der, vous devez accepter la cat\u00e9gorie de cookies \u201cContenus tiers\u201d en cliquant sur le bouton ci-dessous. <\/p>\n<p> Lire la Vid\u00e9o        <\/p>\n<p class=\"asset asset-text\">Le mois dernier, les <a href=\"https:\/\/www.huffingtonpost.fr\/international\/article\/au-etats-unis-la-cour-supreme-donne-son-feu-vert-a-une-mesure-transphobe-de-trump_256909.html\" target=\"_blank\" rel=\"noopener\">\u00c9tats-Unis<\/a> ont impos\u00e9 des sanctions aux deux plus grands producteurs de p\u00e9trole russes &#8211; Rosneft et Lukoil &#8211; face au refus de la Russie de mettre fin \u00e0 la guerre en Ukraine. Et ils ont r\u00e9clam\u00e9 aux pays comme la Hongrie de se \u00ab\u00a0sevrer\u00a0\u00bb des sources d\u2019\u00e9nergie russes. Or le pays d\u2019Europe centrale d\u00e9pend fortement du p\u00e9trole russe.<\/p>\n<p>    \u00ab\u00a0Respecter\u00a0\u00bb la Hongrie    <\/p>\n<p class=\"asset asset-text\">Les sanctions am\u00e9ricaines mettent potentiellement en danger Viktor Orban \u00e0 quelques mois de la tenue d\u2019\u00e9lections l\u00e9gislatives, que le nationaliste, au pouvoir depuis 2010, n\u2019est pas s\u00fbr de remporter, selon les sondages. \u00ab\u00a0Je le soutiens. Il a fait un travail fantastique\u00a0\u00bb, a dit Donald Trump.<\/p>\n<p class=\"asset asset-text\">Le dirigeant hongrois avait rendu visite trois fois l\u2019ann\u00e9e derni\u00e8re \u00e0 Donald Trump, \u00e0 chaque fois dans sa r\u00e9sidence <a href=\"https:\/\/www.huffingtonpost.fr\/international\/article\/a-mar-a-lago-le-theme-de-la-soiree-halloween-de-donald-trump-passe-mal-en-plein-shutdown_256686.html\" target=\"_blank\" rel=\"noopener\">Mar-a-Lago<\/a>, en Floride, dont deux fois avant la r\u00e9\u00e9lection du milliardaire.<\/p>\n<p class=\"asset asset-text\">Les deux hommes ont \u00e0 nouveau expos\u00e9 leurs affinit\u00e9s id\u00e9ologiques ce vendredi. Donald Trump a exhort\u00e9 l\u2019Union europ\u00e9enne \u00e0 \u00ab\u00a0respecter\u00a0\u00bb la Hongrie et son Premier ministre, qui s\u2019est plaint des sanctions financi\u00e8res impos\u00e9es par l\u2019UE sur Budapest pour ses politiques migratoires.<\/p>\n<p class=\"asset asset-text\">\u00ab\u00a0Ils devraient respecter la Hongrie et respecter ce dirigeant tr\u00e8s, tr\u00e8s fortement, parce qu\u2019il a eu raison sur l\u2019immigration\u00a0\u00bb, a d\u00e9clar\u00e9 Donald Trump, jugeant que les Europ\u00e9ens pourraient \u00ab\u00a0s\u2019inspirer\u00a0\u00bb de son invit\u00e9. Le pr\u00e9sident am\u00e9ricain a lui-m\u00eame mis en place une brutale politique anti-immigration depuis son retour \u00e0 la Maison Blanche en janvier.<\/p>\n<p class=\"asset asset-text\">Viktor Orban a de son c\u00f4t\u00e9 appel\u00e9 \u00e0 lancer un \u00ab\u00a0\u00e2ge d\u2019or\u00a0\u00bb pour la relation entre les \u00c9tats-Unis et la Hongrie, reprenant l\u2019une des expressions pr\u00e9f\u00e9r\u00e9es de Donald Trump.<\/p>\n","protected":false},"excerpt":{"rendered":"SAUL LOEB \/ AFP Donald Trump et Viktor Orban se rencontrant dans la salle du Cabinet de la&hellip;\n","protected":false},"author":2,"featured_media":519377,"comment_status":"","ping_status":"","sticky":false,"template":"","format":"standard","meta":{"footnotes":""},"categories":[5],"tags":[11,75,73,1011,27,804,14,12,844,132,7247,28],"class_list":{"0":"post-519376","1":"post","2":"type-post","3":"status-publish","4":"format-standard","5":"has-post-thumbnail","7":"category-international","8":"tag-actualites","9":"tag-donald-trump","10":"tag-etats-unis","11":"tag-fr","12":"tag-france","13":"tag-hongrie","14":"tag-international","15":"tag-news","16":"tag-petrole","17":"tag-russie","18":"tag-viktor-orban","19":"tag-world"},"share_on_mastodon":{"url":"https:\/\/pubeurope.com\/@fr\/115511196020038204","error":""},"_links":{"self":[{"href":"https:\/\/www.europesays.com\/fr\/wp-json\/wp\/v2\/posts\/519376","targetHints":{"allow":["GET"]}}],"collection":[{"href":"https:\/\/www.europesays.com\/fr\/wp-json\/wp\/v2\/posts"}],"about":[{"href":"https:\/\/www.europesays.com\/fr\/wp-json\/wp\/v2\/types\/post"}],"author":[{"embeddable":true,"href":"https:\/\/www.europesays.com\/fr\/wp-json\/wp\/v2\/users\/2"}],"replies":[{"embeddable":true,"href":"https:\/\/www.europesays.com\/fr\/wp-json\/wp\/v2\/comments?post=519376"}],"version-history":[{"count":0,"href":"https:\/\/www.europesays.com\/fr\/wp-json\/wp\/v2\/posts\/519376\/revisions"}],"wp:featuredmedia":[{"embeddable":true,"href":"https:\/\/www.europesays.com\/fr\/wp-json\/wp\/v2\/media\/519377"}],"wp:attachment":[{"href":"https:\/\/www.europesays.com\/fr\/wp-json\/wp\/v2\/media?parent=519376"}],"wp:term":[{"taxonomy":"category","embeddable":true,"href":"https:\/\/www.europesays.com\/fr\/wp-json\/wp\/v2\/categories?post=519376"},{"taxonomy":"post_tag","embeddable":true,"href":"https:\/\/www.europesays.com\/fr\/wp-json\/wp\/v2\/tags?post=519376"}],"curies":[{"name":"wp","href":"https:\/\/api.w.org\/{rel}","templated":true}]}}