{"id":519378,"date":"2025-11-08T00:15:18","date_gmt":"2025-11-08T00:15:18","guid":{"rendered":"https:\/\/www.europesays.com\/fr\/519378\/"},"modified":"2025-11-08T00:15:18","modified_gmt":"2025-11-08T00:15:18","slug":"ce-que-lon-sait-des-militants-qui-ont-perturbe-le-concert-israelien","status":"publish","type":"post","link":"https:\/\/www.europesays.com\/fr\/519378\/","title":{"rendered":"ce que l\u2019on sait des militants qui ont perturb\u00e9 le concert isra\u00e9lien"},"content":{"rendered":"<p>        <img decoding=\"async\" loading=\"lazy\" src=\"https:\/\/www.europesays.com\/fr\/wp-content\/uploads\/2025\/11\/610915b_upload-1-xtvqq0la7dz0-afp-20251107-83eq4g3-v2-highres-franceisraelconflictmusicpolice.jpg\"  width=\"728\" height=\"410\" alt=\"Cette capture d\u2019\u00e9cran extraite d\u2019une vid\u00e9o montre des incidents survenus dans la salle Pierre-Boulez de la Philharmonie de Paris, le 6\u00a0novembre 2025\u00a0\u00e0 Paris.\"\/>  <\/p>\n<p>JEAN-MICHEL TRANSON \/ AFP<\/p>\n<p>Cette capture d\u2019\u00e9cran extraite d\u2019une vid\u00e9o montre des incidents survenus dans la salle Pierre-Boulez de la Philharmonie de Paris, le 6\u00a0novembre 2025\u00a0\u00e0 Paris.<\/p>\n<p class=\"asset asset-text\">PARIS &#8211; Fumig\u00e8nes dans les gradins, heurts, interruptions du concert&#8230; Les incidents qui ont \u00e9maill\u00e9 <a href=\"https:\/\/www.huffingtonpost.fr\/culture\/video\/le-concert-du-chef-d-orchestre-israelien-lahav-shani-perturbe-a-la-philharmonie-4-personnes-en-garde-a-vue_256902.html\" target=\"_blank\" rel=\"noopener\">jeudi soir un concert de l\u2019Orchestre philharmonique d\u2019Isra\u00ebl \u00e0 Paris<\/a> suscitent une vague de condamnations dans la classe politique, \u00e0 l\u2019exception de LFI.<\/p>\n<p class=\"asset asset-text\">Trois hommes et une femme ont \u00e9t\u00e9 plac\u00e9s en garde \u00e0 vue, selon la justice. Parmi ces quatre personnes, trois d\u2019entre elles sont poursuivies pour \u00ab\u00a0participation \u00e0 un groupement en vue de commettre des violences ou d\u00e9gradations\u00a0\u00bb, un d\u00e9lit passible d\u2019un an d\u2019emprisonnement et 15\u00a0000\u00a0euros d\u2019amende. La quatri\u00e8me personne a \u00e9t\u00e9 plac\u00e9e en garde \u00e0 vue pour \u00ab\u00a0organisation d\u2019une manifestation non d\u00e9clar\u00e9e\u00a0\u00bb. Ce d\u00e9lit fait encourir 6 mois de prison et 7\u00a0500\u00a0euros d\u2019amende.<\/p>\n<p class=\"asset asset-text\">Parmi les interpell\u00e9s, un individu d\u2019une vingtaine d\u2019ann\u00e9es et de nationalit\u00e9 fran\u00e7aise est fich\u00e9 S pour ses liens avec la \u00ab\u00a0mouvance contestataire\u00a0\u00bb, selon une source proche du dossier \u00e0 l\u2019AFP. Lors de son arrestation, celui-ci \u00e9tait en possession de boules puantes, d\u2019encre rouge et d\u2019une alarme, <a href=\"https:\/\/www.leparisien.fr\/faits-divers\/concert-israelien-perturbe-a-la-philharmonie-trois-femmes-boules-puantes-qui-sont-les-quatre-personnes-arretees-07-11-2025-AKKAW7Z6INAYBAKMAPN3F3TMF4.php\" target=\"_blank\" rel=\"noopener\" title=\"Nouvelle fen\u00eatre\">indique Le Parisien<\/a> ce vendredi 7\u00a0novembre.<\/p>\n<p>    La Cit\u00e9 de la musique-Philharmonie a port\u00e9 plainte    <\/p>\n<p class=\"asset asset-text\">Un deuxi\u00e8me homme, qui a notamment allum\u00e9 un fumig\u00e8ne dans la salle, est n\u00e9 le 25\u00a0ao\u00fbt\u00a01994. Il est \u00e9galement de nationalit\u00e9 fran\u00e7aise, pr\u00e9cise Le Parisien.<\/p>\n<p class=\"asset asset-text\">Le ministre de l\u2019Int\u00e9rieur <a href=\"https:\/\/www.huffingtonpost.fr\/politique\/article\/sainte-soline-laurent-nunez-refuse-de-parler-de-violences-policieres-sur-les-heurts-avec-les-manifestants_256863.html\" target=\"_blank\" rel=\"noopener\">Laurent Nunez<\/a> a indiqu\u00e9 que la soir\u00e9e avait \u00e9t\u00e9 \u00ab\u00a0perturb\u00e9e par des militants (&#8230;) pro-palestiniens\u00a0\u00bb, dont deux \u00ab\u00a0ont craqu\u00e9 des fumig\u00e8nes\u00a0\u00bb, ce qui est \u00ab\u00a0totalement irresponsable\u00a0\u00bb. \u00ab\u00a0Il n\u2019y a aucune cause qui justifie qu\u2019on mette en danger la vie des spectateurs\u00a0\u00bb, a-t-il ajout\u00e9 lors d\u2019un d\u00e9placement \u00e0 Bourges, en pr\u00e9cisant qu\u2019un dispositif policier \u00ab\u00a0assez cons\u00e9quent\u00a0\u00bb avait \u00e9t\u00e9 d\u00e9ploy\u00e9 avant le concert \u00e0 l\u2019ext\u00e9rieur et \u00e0 l\u2019int\u00e9rieur de la salle.<\/p>\n<p class=\"asset asset-text\">La Cit\u00e9 de la musique-Philharmonie de <a href=\"https:\/\/www.huffingtonpost.fr\/france\/article\/ce-tirage-au-sort-de-paris-vous-permettra-d-avoir-un-voisin-celebre-au-cimetiere_256893.html\" target=\"_blank\" rel=\"noopener\">Paris<\/a> a indiqu\u00e9 avoir port\u00e9 plainte et a condamn\u00e9 \u00ab\u00a0fermement les graves incidents\u00a0\u00bb survenus dans la grande salle de concert Pierre-Boulez.<\/p>\n<p class=\"asset asset-text\">Des vid\u00e9os en ligne montrent une personne qui brandit un fumig\u00e8ne depuis les gradins. D\u2019autres personnes tentent de l\u2019intercepter et des violences \u00e9clatent.<\/p>\n<p> La lecture de ce contenu est susceptible d\u2019entra\u00eener un d\u00e9p\u00f4t de cookies de la part de l\u2019op\u00e9rateur tiers qui l\u2019h\u00e9berge. Compte-tenu des choix que vous avez exprim\u00e9s en mati\u00e8re de d\u00e9p\u00f4t de cookies, nous avons bloqu\u00e9 l\u2019affichage de ce contenu. Si vous souhaitez y acc\u00e9der, vous devez accepter la cat\u00e9gorie de cookies \u201cContenus tiers\u201d en cliquant sur le bouton ci-dessous. <\/p>\n<p> Lire la Vid\u00e9o        <\/p>\n<p class=\"asset asset-text\">\u00ab\u00a0\u00c0 trois reprises, des spectateurs ont tent\u00e9 de diverses mani\u00e8res d\u2019interrompre le concert, dont deux fois avec l\u2019usage de fumig\u00e8nes\u00a0\u00bb, a pr\u00e9cis\u00e9 la Philharmonie.<\/p>\n<p class=\"asset asset-text\">Les agitateurs \u00e9vacu\u00e9s, le concert s\u2019est \u00ab\u00a0achev\u00e9 dans le calme\u00a0\u00bb sous la direction du chef d\u2019orchestre Lahav Shani, selon la Philharmonie.<\/p>\n","protected":false},"excerpt":{"rendered":"JEAN-MICHEL TRANSON \/ AFP Cette capture d\u2019\u00e9cran extraite d\u2019une vid\u00e9o montre des incidents survenus dans la salle Pierre-Boulez&hellip;\n","protected":false},"author":2,"featured_media":519379,"comment_status":"","ping_status":"","sticky":false,"template":"","format":"standard","meta":{"footnotes":""},"categories":[4],"tags":[11,118,1011,27,664,12,626,25],"class_list":{"0":"post-519378","1":"post","2":"type-post","3":"status-publish","4":"format-standard","5":"has-post-thumbnail","7":"category-france","8":"tag-actualites","9":"tag-faits-divers","10":"tag-fr","11":"tag-france","12":"tag-israel","13":"tag-news","14":"tag-paris","15":"tag-republique-francaise"},"share_on_mastodon":{"url":"https:\/\/pubeurope.com\/@fr\/115511199838619188","error":""},"_links":{"self":[{"href":"https:\/\/www.europesays.com\/fr\/wp-json\/wp\/v2\/posts\/519378","targetHints":{"allow":["GET"]}}],"collection":[{"href":"https:\/\/www.europesays.com\/fr\/wp-json\/wp\/v2\/posts"}],"about":[{"href":"https:\/\/www.europesays.com\/fr\/wp-json\/wp\/v2\/types\/post"}],"author":[{"embeddable":true,"href":"https:\/\/www.europesays.com\/fr\/wp-json\/wp\/v2\/users\/2"}],"replies":[{"embeddable":true,"href":"https:\/\/www.europesays.com\/fr\/wp-json\/wp\/v2\/comments?post=519378"}],"version-history":[{"count":0,"href":"https:\/\/www.europesays.com\/fr\/wp-json\/wp\/v2\/posts\/519378\/revisions"}],"wp:featuredmedia":[{"embeddable":true,"href":"https:\/\/www.europesays.com\/fr\/wp-json\/wp\/v2\/media\/519379"}],"wp:attachment":[{"href":"https:\/\/www.europesays.com\/fr\/wp-json\/wp\/v2\/media?parent=519378"}],"wp:term":[{"taxonomy":"category","embeddable":true,"href":"https:\/\/www.europesays.com\/fr\/wp-json\/wp\/v2\/categories?post=519378"},{"taxonomy":"post_tag","embeddable":true,"href":"https:\/\/www.europesays.com\/fr\/wp-json\/wp\/v2\/tags?post=519378"}],"curies":[{"name":"wp","href":"https:\/\/api.w.org\/{rel}","templated":true}]}}