{"id":519387,"date":"2025-11-08T00:21:39","date_gmt":"2025-11-08T00:21:39","guid":{"rendered":"https:\/\/www.europesays.com\/fr\/519387\/"},"modified":"2025-11-08T00:21:39","modified_gmt":"2025-11-08T00:21:39","slug":"voici-combien-vont-couter-les-festivites","status":"publish","type":"post","link":"https:\/\/www.europesays.com\/fr\/519387\/","title":{"rendered":"voici combien vont co\u00fbter les festivit\u00e9s"},"content":{"rendered":"<p>            Par<br \/>\n        <strong><br \/>\n            <a href=\"https:\/\/actu.fr\/auteur\/amandine-mehl\" title=\"Consulter tous les articles de Amandine Mehl\" target=\"_blank\" rel=\"noopener\">Amandine Mehl<\/a><br \/>\n        <\/strong><\/p>\n<p>        Publi\u00e9 le<\/p>\n<p>            7 nov. 2025 \u00e0 18h12        <\/p>\n<p>\u00c0 partir <strong>du 21\u00a0novembre et jusqu\u2019au 4\u00a0janvier 2026<\/strong>, Nancy sera aux couleurs de <a href=\"https:\/\/actu.fr\/tag\/saint-nicolas\" target=\"_blank\" rel=\"noopener\">Saint-Nicolas<\/a>. Lors de cette nouvelle \u00e9dition, de <strong>nombreux rendez-vous<\/strong> attendent le public\u2009: le <a href=\"https:\/\/actu.fr\/grand-est\/nancy_54395\/fetes-de-saint-nicolas-a-nancy-dates-theme-nouveautes-voici-tout-ce-que-l-on-sait-deja-de-l-edition-2025_63173235.html\" target=\"_blank\" rel=\"noopener\">d\u00e9fil\u00e9<\/a>, les <strong>spectacles<\/strong>, <strong>Saint-Nicolas sur l\u2019eau<\/strong>, le <a href=\"https:\/\/actu.fr\/grand-est\/nancy_54395\/fetes-de-saint-nicolas-2025-a-nancy-le-theme-du-nouveau-son-et-lumiere-devoile_63411398.html\" target=\"_blank\" rel=\"noopener\">son et lumi\u00e8re<\/a> ou encore les diff\u00e9rents <a href=\"https:\/\/actu.fr\/grand-est\/nancy_54395\/grand-village-de-saint-nicolas-a-nancy-de-nouveaux-horaires-annonces-pour-2025_63395946.html\" target=\"_blank\" rel=\"noopener\">villages<\/a>.<\/p>\n<p class=\" wall-content\">Des festivit\u00e9s qui ont un <strong>co\u00fbt<\/strong>, mais auxquelles la Ville de Nancy <strong>ne souhaite pas renoncer<\/strong>.<\/p>\n<p>Les F\u00eates de Saint-Nicolas \u00e0 Nancy ont un co\u00fbt de 1,4\u00a0million d\u2019euros<\/p>\n<p class=\" wall-content\">Lors d\u2019une conf\u00e9rence de presse portant sur le programme, <strong>Bertrand Masson<\/strong>, adjoint d\u00e9l\u00e9gu\u00e9 \u00e0 la culture, au patrimoine, aux m\u00e9tiers d\u2019art et aux grands \u00e9v\u00e9nements, a d\u00e9voil\u00e9 le <strong>budget<\/strong> allou\u00e9 aux F\u00eates de Saint-Nicolas\u2009: <strong>1,4\u00a0million d\u2019euros<\/strong>, hors frais de personnels.<\/p>\n<p class=\" wall-content\">Une enveloppe \u00e9lev\u00e9e que la Ville n\u2019est <strong>pas seule \u00e0 assumer<\/strong> gr\u00e2ce aux <strong>subventions<\/strong> et aux <strong>m\u00e9c\u00e8nes<\/strong>. \u00ab\u2009On est dans un moment o\u00f9 certaines collectivit\u00e9s font le choix de r\u00e9duire leurs engagements pour la culture, le sport, la vie associative\u2026 Nous, <strong>nous tenons bon malgr\u00e9 tout<\/strong> et nous faisons le <strong>choix de la f\u00eate<\/strong>, du rendez-vous qui cr\u00e9e du lien, de la relation, et aussi du bien\u2009\u00bb. Une forme de \u00ab<strong>\u2009respiration dans les tourments du monde<\/strong> que nous traversons\u2009\u00bb, a soulign\u00e9 l\u2019adjoint.<\/p>\n<p class=\" wall-content\">Personnalisez votre actualit\u00e9 en ajoutant vos villes et m\u00e9dias en favori avec <a href=\"https:\/\/moncompte.actu.fr\" title=\"D\u00e9couvez Mon Actu\" rel=\"nofollow noopener\" data-trk=\"{&quot;cta&quot;:{&quot;action&quot;:&quot;https:\\\/\\\/moncompte.actu.fr&quot;,&quot;category&quot;:&quot;mon compte&quot;,&quot;from&quot;:&quot;article footer&quot;,&quot;name&quot;:&quot;Mon actu&quot;,&quot;type&quot;:&quot;cta&quot;}}\" target=\"_blank\">Mon Actu<\/a>.<\/p>\n","protected":false},"excerpt":{"rendered":"Par Amandine Mehl Publi\u00e9 le 7 nov. 2025 \u00e0 18h12 \u00c0 partir du 21\u00a0novembre et jusqu\u2019au 4\u00a0janvier 2026,&hellip;\n","protected":false},"author":2,"featured_media":519388,"comment_status":"","ping_status":"","sticky":false,"template":"","format":"standard","meta":{"footnotes":""},"categories":[9635],"tags":[1111,11,1777,674,1011,27,775,1702,12,25,14334,104],"class_list":{"0":"post-519387","1":"post","2":"type-post","3":"status-publish","4":"format-standard","5":"has-post-thumbnail","7":"category-nancy","8":"tag-actu","9":"tag-actualites","10":"tag-eu","11":"tag-europe","12":"tag-fr","13":"tag-france","14":"tag-grand-est","15":"tag-nancy","16":"tag-news","17":"tag-republique-francaise","18":"tag-saint-nicolas","19":"tag-societe"},"share_on_mastodon":{"url":"https:\/\/pubeurope.com\/@fr\/115511222826984760","error":""},"_links":{"self":[{"href":"https:\/\/www.europesays.com\/fr\/wp-json\/wp\/v2\/posts\/519387","targetHints":{"allow":["GET"]}}],"collection":[{"href":"https:\/\/www.europesays.com\/fr\/wp-json\/wp\/v2\/posts"}],"about":[{"href":"https:\/\/www.europesays.com\/fr\/wp-json\/wp\/v2\/types\/post"}],"author":[{"embeddable":true,"href":"https:\/\/www.europesays.com\/fr\/wp-json\/wp\/v2\/users\/2"}],"replies":[{"embeddable":true,"href":"https:\/\/www.europesays.com\/fr\/wp-json\/wp\/v2\/comments?post=519387"}],"version-history":[{"count":0,"href":"https:\/\/www.europesays.com\/fr\/wp-json\/wp\/v2\/posts\/519387\/revisions"}],"wp:featuredmedia":[{"embeddable":true,"href":"https:\/\/www.europesays.com\/fr\/wp-json\/wp\/v2\/media\/519388"}],"wp:attachment":[{"href":"https:\/\/www.europesays.com\/fr\/wp-json\/wp\/v2\/media?parent=519387"}],"wp:term":[{"taxonomy":"category","embeddable":true,"href":"https:\/\/www.europesays.com\/fr\/wp-json\/wp\/v2\/categories?post=519387"},{"taxonomy":"post_tag","embeddable":true,"href":"https:\/\/www.europesays.com\/fr\/wp-json\/wp\/v2\/tags?post=519387"}],"curies":[{"name":"wp","href":"https:\/\/api.w.org\/{rel}","templated":true}]}}