{"id":51939,"date":"2025-04-25T14:23:10","date_gmt":"2025-04-25T14:23:10","guid":{"rendered":"https:\/\/www.europesays.com\/fr\/51939\/"},"modified":"2025-04-25T14:23:10","modified_gmt":"2025-04-25T14:23:10","slug":"russie-un-general-tue-a-cote-de-moscou-dans-lexplosion-de-son-vehicule","status":"publish","type":"post","link":"https:\/\/www.europesays.com\/fr\/51939\/","title":{"rendered":"Russie : un g\u00e9n\u00e9ral tu\u00e9 \u00e0 c\u00f4t\u00e9 de Moscou dans l&rsquo;explosion de son v\u00e9hicule"},"content":{"rendered":"<p>Le g\u00e9n\u00e9ral russe Iaroslav Moskalik a \u00e9t\u00e9 tu\u00e9 dans l&rsquo;explosion de sa voiture, ce vendredi 25 avril \u00e0 c\u00f4t\u00e9 de Moscou.Sa mort est intervenue juste avant la rencontre cruciale au Kremlin entre Vladimir Poutine et l&rsquo;\u00e9missaire am\u00e9ricain Steve Witkoff au sujet de la guerre en Ukraine.<\/p>\n<p data-module=\"article-paragraph\" class=\"jsx-362436225 Paragraph Paragraph__End\">Un colis pi\u00e9g\u00e9 a provoqu\u00e9 <a href=\"https:\/\/www.tf1info.fr\/international\/en-direct-guerre-ukraine-russie-frappes-treve-zelensky-poutine-trump-echanges-negociations-plan-de-paix-les-informations-du-vendredi-25-avril-2025-2367092.html\" rel=\"nofollow noopener\" target=\"_blank\">l&rsquo;explosion d&rsquo;un v\u00e9hicule<\/a> \u00e0 c\u00f4t\u00e9 de Moscou, ce vendredi 25 avril. L&rsquo;\u00e9v\u00e9nement serait anecdotique si son occupant n&rsquo;\u00e9tait pas un haut grad\u00e9 russe, le g\u00e9n\u00e9ral Iaroslav Moskalik. Le comit\u00e9 d&rsquo;enqu\u00eate russe a confirm\u00e9 la mort du g\u00e9n\u00e9ral, qui occupait les fonctions de \u00ab\u00a0chef adjoint de la Direction g\u00e9n\u00e9rale op\u00e9rationnelle de l&rsquo;\u00e9tat-major\u00a0\u00bb des forces arm\u00e9es, et a ouvert une enqu\u00eate pour \u00ab\u00a0meurtre\u00a0\u00bb.\u00a0<\/p>\n<p>Pas de revendication de Kiev<\/p>\n<p data-module=\"article-paragraph\" class=\"jsx-362436225 Paragraph\">L&rsquo;explosion, qui a \u00e9t\u00e9 caus\u00e9e par \u00ab\u00a0la d\u00e9tonation d&rsquo;un engin explosif improvis\u00e9\u00a0\u00bb, s&rsquo;est produite pr\u00e8s d&rsquo;un immeuble r\u00e9sidentiel dans la ville de Balachikha, \u00e0 l&rsquo;est de Moscou. Sur des images diffus\u00e9es par l&rsquo;AFP, on pouvait voir un v\u00e9hicule carbonis\u00e9 et un corps recouvert d&rsquo;un sac mortuaire emport\u00e9 par les services fun\u00e9raires. Elle est survenue juste avant la rencontre cruciale entre <a href=\"https:\/\/www.tf1info.fr\/international\/de-gaza-a-moscou-comment-steve-witkoff-est-devenu-le-monsieur-diplomatie-de-donald-trump-2359194.html\" rel=\"nofollow noopener\" target=\"_blank\">l&rsquo;\u00e9missaire am\u00e9ricain Steve Witkoff <\/a>et le pr\u00e9sident russe Vladimir Poutine, au Kremlin, pour mettre fin \u00e0 la guerre en Ukraine. L&rsquo;explosion, qualifi\u00e9e d'\u00a0\u00bbattaque terroriste\u00a0\u00bb par la diplomatie russe, n&rsquo;a pas \u00e9t\u00e9 revendiqu\u00e9e par l&rsquo;Ukraine, ni par une autre entit\u00e9.\u00a0<\/p>\n<p data-module=\"article-paragraph\" class=\"jsx-362436225 Paragraph Paragraph__End\">En d\u00e9cembre 2024, le commandant des forces russes de d\u00e9fense radiologique, chimique et biologique, <a href=\"https:\/\/www.tf1info.fr\/international\/video-guerre-ukraine-russie-general-assassine-a-moscou-ce-que-l-on-sait-de-l-attentat-revendique-par-kiev-2340035.html\" rel=\"nofollow noopener\" target=\"_blank\">Igor Kirillov<\/a>, avait \u00e9t\u00e9 tu\u00e9 par l&rsquo;explosion d&rsquo;une trottinette \u00e9lectrique pi\u00e9g\u00e9e \u00e0 Moscou. Cet assassinat avait \u00e9t\u00e9 revendiqu\u00e9 par les services de s\u00e9curit\u00e9 ukrainiens (SBU). Apr\u00e8s ce meurtre, le pr\u00e9sident russe Vladimir Poutine avait admis, fait rare, une d\u00e9faillance des services de s\u00e9curit\u00e9 russes.\u00a0<\/p>\n<p>C.Q <\/p>\n","protected":false},"excerpt":{"rendered":"Le g\u00e9n\u00e9ral russe Iaroslav Moskalik a \u00e9t\u00e9 tu\u00e9 dans l&rsquo;explosion de sa voiture, ce vendredi 25 avril \u00e0&hellip;\n","protected":false},"author":2,"featured_media":51940,"comment_status":"","ping_status":"","sticky":false,"template":"","format":"standard","meta":{"footnotes":""},"categories":[1591],"tags":[1111,11,1921,1887,1918,1922,1916,12,1885,1886,132,1917,133,1920,135],"class_list":{"0":"post-51939","1":"post","2":"type-post","3":"status-publish","4":"format-standard","5":"has-post-thumbnail","7":"category-russie","8":"tag-actu","9":"tag-actualites","10":"tag-article-video","11":"tag-federation-de-russie","12":"tag-guerre-en-ukraine-une-treve-en-negociation","13":"tag-info","14":"tag-moscou","15":"tag-news","16":"tag-russia","17":"tag-russian-federation","18":"tag-russie","19":"tag-ukraine-4-annee-de-guerre","20":"tag-video","21":"tag-video-international","22":"tag-vladimir-poutine"},"share_on_mastodon":{"url":"https:\/\/pubeurope.com\/@fr\/114399058696765258","error":""},"_links":{"self":[{"href":"https:\/\/www.europesays.com\/fr\/wp-json\/wp\/v2\/posts\/51939","targetHints":{"allow":["GET"]}}],"collection":[{"href":"https:\/\/www.europesays.com\/fr\/wp-json\/wp\/v2\/posts"}],"about":[{"href":"https:\/\/www.europesays.com\/fr\/wp-json\/wp\/v2\/types\/post"}],"author":[{"embeddable":true,"href":"https:\/\/www.europesays.com\/fr\/wp-json\/wp\/v2\/users\/2"}],"replies":[{"embeddable":true,"href":"https:\/\/www.europesays.com\/fr\/wp-json\/wp\/v2\/comments?post=51939"}],"version-history":[{"count":0,"href":"https:\/\/www.europesays.com\/fr\/wp-json\/wp\/v2\/posts\/51939\/revisions"}],"wp:featuredmedia":[{"embeddable":true,"href":"https:\/\/www.europesays.com\/fr\/wp-json\/wp\/v2\/media\/51940"}],"wp:attachment":[{"href":"https:\/\/www.europesays.com\/fr\/wp-json\/wp\/v2\/media?parent=51939"}],"wp:term":[{"taxonomy":"category","embeddable":true,"href":"https:\/\/www.europesays.com\/fr\/wp-json\/wp\/v2\/categories?post=51939"},{"taxonomy":"post_tag","embeddable":true,"href":"https:\/\/www.europesays.com\/fr\/wp-json\/wp\/v2\/tags?post=51939"}],"curies":[{"name":"wp","href":"https:\/\/api.w.org\/{rel}","templated":true}]}}