{"id":519395,"date":"2025-11-08T00:27:12","date_gmt":"2025-11-08T00:27:12","guid":{"rendered":"https:\/\/www.europesays.com\/fr\/519395\/"},"modified":"2025-11-08T00:27:12","modified_gmt":"2025-11-08T00:27:12","slug":"nous-apportons-tous-apprecie-imanol-prot-apres-le-succes-de-poitiers-contre-rouen","status":"publish","type":"post","link":"https:\/\/www.europesays.com\/fr\/519395\/","title":{"rendered":"\u00ab\u00a0Nous apportons tous\u00a0\u00bb, appr\u00e9cie Imanol Prot apr\u00e8s le succ\u00e8s de Poitiers contre Rouen"},"content":{"rendered":"<p>Cette fois, c\u2019est bon, on a gagn\u00e9. Habitu\u00e9 des conf\u00e9rences de presse ces derniers temps pour avoir deux fois battu son record de points depuis le d\u00e9but de saison, mais sans succ\u00e8s au bout \u00e0 chaque fois, Imanol Prot pouvait avoir le sourire vendredi apr\u00e8s la victoire du PB 86 contre Rouen (96-86). En consultant la feuille de statistiques, l\u2019ailier de 21\u00a0ans, qui ne cesse de repousser ses limites, l\u00e2che\u00a0: \u00ab\u00a0quatre interceptions, \u00e7a aussi cela doit \u00eatre un record.\u00a0\u00bb<\/p>\n<p>Deux sont intervenues au meilleur moment, dans le money time, lorsque les Poitevins, pourtant largement dominateurs, commen\u00e7aient \u00e0 ressentir le souffle chaud des Rouennais sur leur nuque. Mais, avec ces deux ballons r\u00e9cup\u00e9r\u00e9s et les onze points marqu\u00e9s dans le dernier quart (sur 14), Prot a \u00e9t\u00e9 l\u2019un des h\u00e9ros de la soir\u00e9e, comme Hammond (26 points, 75\u00a0% de r\u00e9ussite au tir) ou Harley, aussi pr\u00e9cieux en attaque (20 points, 70\u00a0% d\u2019adresse) qu\u2019en d\u00e9fense.<\/p>\n<p class=\"interview\">Imanol, que vous \u00eates-vous dit lorsque Rouen est revenu \u00e0 neuf points \u00e0 cinq minutes de la fin\u00a0?<\/p>\n<p>\u00ab\u00a0Il fallait retrouver du s\u00e9rieux et de l\u2019organisation en attaque et en d\u00e9fense, refaire des stops pour nous relancer.\u00a0\u00bb<\/p>\n<p class=\"interview\">Vos deux interceptions ont \u00e9t\u00e9 capitales pour assurer la victoire, comme vos onze points dans le dernier acte\u2026<\/p>\n<p>\u00ab\u00a0Je ne sais pas si c\u2019est cela qui scelle la rencontre. J\u2019essaie d\u2019apporter \u00e0 l\u2019\u00e9quipe. \u00c0 ce moment du match, nos adversaires peuvent \u00eatre fatigu\u00e9s. Ils voient alors moins les joueurs qui peuvent arriver sur les lignes de passes.\u00a0\u00bb<\/p>\n<p class=\"interview\">Dans quels secteurs le PB a progress\u00e9 ces derni\u00e8res semaines\u00a0?<\/p>\n<p>\u00ab\u00a0M\u00eame si on a eu un mauvais d\u00e9part, on a bien su se relancer. Toute l\u2019\u00e9quipe est impliqu\u00e9e en d\u00e9fense et nous nous trouvons tous en attaque en marquant beaucoup de points. Nous apportons tous \u00e0 un certain moment.\u00a0\u00bb<\/p>\n<p class=\"interview\">Vous retrouver \u00e0 cinq victoires pour cinq d\u00e9faites permet d\u2019\u00eatre serein et d\u2019aborder sans pression le d\u00e9placement \u00e0 Pau chez un gros morceau\u2026<\/p>\n<p>\u00ab\u00a0Avec un d\u00e9part \u00e0 0-3, \u00eatre un 5-5 maintenant permet de pr\u00e9parer en confiance au match qui, on le sait, s\u2019annonce compliqu\u00e9. Cela va \u00eatre vrai guerre.\u00a0\u00bb<\/p>\n<p>\u00a0<\/p>\n","protected":false},"excerpt":{"rendered":"Cette fois, c\u2019est bon, on a gagn\u00e9. Habitu\u00e9 des conf\u00e9rences de presse ces derniers temps pour avoir deux&hellip;\n","protected":false},"author":2,"featured_media":519396,"comment_status":"","ping_status":"","sticky":false,"template":"","format":"standard","meta":{"footnotes":""},"categories":[9587],"tags":[1111,11,1465,7944,1777,674,1011,27,12,5161,1653,13224,25,9590,60,1584],"class_list":{"0":"post-519395","1":"post","2":"type-post","3":"status-publish","4":"format-standard","5":"has-post-thumbnail","7":"category-rouen","8":"tag-actu","9":"tag-actualites","10":"tag-basket","11":"tag-elite-2","12":"tag-eu","13":"tag-europe","14":"tag-fr","15":"tag-france","16":"tag-news","17":"tag-normandie","18":"tag-poitiers","19":"tag-poitiers-basket-86","20":"tag-republique-francaise","21":"tag-rouen","22":"tag-sports","23":"tag-vienne"},"share_on_mastodon":{"url":"https:\/\/pubeurope.com\/@fr\/115511246560933546","error":""},"_links":{"self":[{"href":"https:\/\/www.europesays.com\/fr\/wp-json\/wp\/v2\/posts\/519395","targetHints":{"allow":["GET"]}}],"collection":[{"href":"https:\/\/www.europesays.com\/fr\/wp-json\/wp\/v2\/posts"}],"about":[{"href":"https:\/\/www.europesays.com\/fr\/wp-json\/wp\/v2\/types\/post"}],"author":[{"embeddable":true,"href":"https:\/\/www.europesays.com\/fr\/wp-json\/wp\/v2\/users\/2"}],"replies":[{"embeddable":true,"href":"https:\/\/www.europesays.com\/fr\/wp-json\/wp\/v2\/comments?post=519395"}],"version-history":[{"count":0,"href":"https:\/\/www.europesays.com\/fr\/wp-json\/wp\/v2\/posts\/519395\/revisions"}],"wp:featuredmedia":[{"embeddable":true,"href":"https:\/\/www.europesays.com\/fr\/wp-json\/wp\/v2\/media\/519396"}],"wp:attachment":[{"href":"https:\/\/www.europesays.com\/fr\/wp-json\/wp\/v2\/media?parent=519395"}],"wp:term":[{"taxonomy":"category","embeddable":true,"href":"https:\/\/www.europesays.com\/fr\/wp-json\/wp\/v2\/categories?post=519395"},{"taxonomy":"post_tag","embeddable":true,"href":"https:\/\/www.europesays.com\/fr\/wp-json\/wp\/v2\/tags?post=519395"}],"curies":[{"name":"wp","href":"https:\/\/api.w.org\/{rel}","templated":true}]}}