{"id":519404,"date":"2025-11-08T00:32:14","date_gmt":"2025-11-08T00:32:14","guid":{"rendered":"https:\/\/www.europesays.com\/fr\/519404\/"},"modified":"2025-11-08T00:32:14","modified_gmt":"2025-11-08T00:32:14","slug":"strasbourg-le-rheinforum-182-le-davos-rhenan-se-penche-sur-lia-et-les-synergies-franco-allemandes","status":"publish","type":"post","link":"https:\/\/www.europesays.com\/fr\/519404\/","title":{"rendered":"Strasbourg. Le RheinForum 182, le \u00ab\u00a0Davos rh\u00e9nan\u00a0\u00bb, se penche sur l&rsquo;IA et les synergies franco-allemandes"},"content":{"rendered":"<p>D\u2019anciens ministres, des stars de la m\u00e9decine ou des nouvelles technologies, des repr\u00e9sentants de grandes entreprises bas\u00e9es en Alsace, des dizaines de patrons heureux de se retrouver pour les \u00e9couter \u2013 et m\u00eame un ex-pr\u00e9sident du Grand Est, ex-maire de Mulhouse\u2026 Environ 80 participants, tous \u201ccoopt\u00e9s\u201d, \u00e9taient inscrits \u00e0 la troisi\u00e8me \u00e9dition du RheinForum 182 (c\u2019est le nombre de kilom\u00e8tres de fronti\u00e8re partag\u00e9e par la France et l\u2019Allemagne), qui s\u2019est tenu jeudi \u00e0 Strasbourg.<\/p>\n<p>Avec un ticket d\u2019entr\u00e9e \u00e0 500 euros, cet \u00e9v\u00e9nement annuel se veut un \u201cDavos rh\u00e9nan\u201d, r\u00e9serv\u00e9 aux \u201cd\u00e9cideurs de premiers plans\u201d, dirigeants d\u2019entreprises de taille interm\u00e9diaire (ETI) et de \u201cPME de croissance\u201d. L\u2019id\u00e9e a germ\u00e9 il y a environ cinq ans au cours des \u00e9changes entre Michael Mack, l\u2019h\u00e9ritier d\u2019Europa-Park, Monique Jung, directrice de l\u2019Adira&#8230;<\/p>\n","protected":false},"excerpt":{"rendered":"D\u2019anciens ministres, des stars de la m\u00e9decine ou des nouvelles technologies, des repr\u00e9sentants de grandes entreprises bas\u00e9es en&hellip;\n","protected":false},"author":2,"featured_media":519405,"comment_status":"","ping_status":"","sticky":false,"template":"","format":"standard","meta":{"footnotes":""},"categories":[2820],"tags":[1111,11,2389,33,1777,674,107,1011,27,775,693,12,25,640,216],"class_list":{"0":"post-519404","1":"post","2":"type-post","3":"status-publish","4":"format-standard","5":"has-post-thumbnail","7":"category-strasbourg","8":"tag-actu","9":"tag-actualites","10":"tag-alsace","11":"tag-economie","12":"tag-eu","13":"tag-europe","14":"tag-fil-info","15":"tag-fr","16":"tag-france","17":"tag-grand-est","18":"tag-industrie","19":"tag-news","20":"tag-republique-francaise","21":"tag-strasbourg","22":"tag-vie-des-entreprises"},"share_on_mastodon":{"url":"https:\/\/pubeurope.com\/@fr\/115511266251520248","error":""},"_links":{"self":[{"href":"https:\/\/www.europesays.com\/fr\/wp-json\/wp\/v2\/posts\/519404","targetHints":{"allow":["GET"]}}],"collection":[{"href":"https:\/\/www.europesays.com\/fr\/wp-json\/wp\/v2\/posts"}],"about":[{"href":"https:\/\/www.europesays.com\/fr\/wp-json\/wp\/v2\/types\/post"}],"author":[{"embeddable":true,"href":"https:\/\/www.europesays.com\/fr\/wp-json\/wp\/v2\/users\/2"}],"replies":[{"embeddable":true,"href":"https:\/\/www.europesays.com\/fr\/wp-json\/wp\/v2\/comments?post=519404"}],"version-history":[{"count":0,"href":"https:\/\/www.europesays.com\/fr\/wp-json\/wp\/v2\/posts\/519404\/revisions"}],"wp:featuredmedia":[{"embeddable":true,"href":"https:\/\/www.europesays.com\/fr\/wp-json\/wp\/v2\/media\/519405"}],"wp:attachment":[{"href":"https:\/\/www.europesays.com\/fr\/wp-json\/wp\/v2\/media?parent=519404"}],"wp:term":[{"taxonomy":"category","embeddable":true,"href":"https:\/\/www.europesays.com\/fr\/wp-json\/wp\/v2\/categories?post=519404"},{"taxonomy":"post_tag","embeddable":true,"href":"https:\/\/www.europesays.com\/fr\/wp-json\/wp\/v2\/tags?post=519404"}],"curies":[{"name":"wp","href":"https:\/\/api.w.org\/{rel}","templated":true}]}}