{"id":519416,"date":"2025-11-08T00:38:11","date_gmt":"2025-11-08T00:38:11","guid":{"rendered":"https:\/\/www.europesays.com\/fr\/519416\/"},"modified":"2025-11-08T00:38:11","modified_gmt":"2025-11-08T00:38:11","slug":"au-milieu-des-camping-cars-et-des-vans-le-fourgon-seduit-a-niort","status":"publish","type":"post","link":"https:\/\/www.europesays.com\/fr\/519416\/","title":{"rendered":"au milieu des camping-cars et des vans, le fourgon s\u00e9duit \u00e0 Niort"},"content":{"rendered":"<p>Et si la libert\u00e9 sur quatre roues ne se r\u00e9sumait pas qu\u2019aux camping-cars et aux vans\u00a0? Jusqu\u2019au dimanche 9\u00a0novembre 2025, <a target=\"_self\" href=\"https:\/\/www.lanouvellerepublique.fr\/niort\/niort-150-vehicules-de-loisirs-attendus-au-salon-du-camping-car-1762360701\" rel=\"noopener\">le Salon du camping-car et du van<\/a>, au parc des expositions de Niort, propose une alternative, souvent moins m\u00e9diatis\u00e9e\u00a0: les fourgons am\u00e9nag\u00e9s. Des v\u00e9hicules polyvalents qui d\u00e9tiennent, eux aussi, de nombreux atouts&#8230;. <\/p>\n<p>    Cet article a \u00e9t\u00e9 tronqu\u00e9. Abonnez-vous pour lire l&rsquo;article complet sur notre site.<\/p>\n<p style=\"margin: 0 !important; padding: 0 !important; font-size: 12px !important;\">Cet article a \u00e9t\u00e9 tronqu\u00e9. Abonnez-vous pour lire l&rsquo;article complet.<\/p>\n<p>    <a href=\"https:\/\/www.lanouvellerepublique.fr\/abonnements\" style=\"display: inline-block; margin-top: 5px !important; padding: 6px 12px !important; background: #cb1c27; color: white; text-decoration: none; border-radius: 4px; font-size: 12px !important;\" target=\"_blank\" rel=\"noopener\"><br \/>\n      S&rsquo;abonner<br \/>\n    <\/a><\/p>\n","protected":false},"excerpt":{"rendered":"Et si la libert\u00e9 sur quatre roues ne se r\u00e9sumait pas qu\u2019aux camping-cars et aux vans\u00a0? Jusqu\u2019au dimanche&hellip;\n","protected":false},"author":2,"featured_media":519417,"comment_status":"","ping_status":"","sticky":false,"template":"","format":"standard","meta":{"footnotes":""},"categories":[2817],"tags":[1392,1111,11,1997,2545,1777,674,1011,27,1393,12,6752,2219,25,800],"class_list":{"0":"post-519416","1":"post","2":"type-post","3":"status-publish","4":"format-standard","5":"has-post-thumbnail","7":"category-bordeaux","8":"tag-a-la-une-local","9":"tag-actu","10":"tag-actualites","11":"tag-bordeaux","12":"tag-deux-sevres","13":"tag-eu","14":"tag-europe","15":"tag-fr","16":"tag-france","17":"tag-loisirs","18":"tag-news","19":"tag-niort","20":"tag-nouvelle-aquitaine","21":"tag-republique-francaise","22":"tag-transports"},"share_on_mastodon":{"url":"https:\/\/pubeurope.com\/@fr\/115511289706690685","error":""},"_links":{"self":[{"href":"https:\/\/www.europesays.com\/fr\/wp-json\/wp\/v2\/posts\/519416","targetHints":{"allow":["GET"]}}],"collection":[{"href":"https:\/\/www.europesays.com\/fr\/wp-json\/wp\/v2\/posts"}],"about":[{"href":"https:\/\/www.europesays.com\/fr\/wp-json\/wp\/v2\/types\/post"}],"author":[{"embeddable":true,"href":"https:\/\/www.europesays.com\/fr\/wp-json\/wp\/v2\/users\/2"}],"replies":[{"embeddable":true,"href":"https:\/\/www.europesays.com\/fr\/wp-json\/wp\/v2\/comments?post=519416"}],"version-history":[{"count":0,"href":"https:\/\/www.europesays.com\/fr\/wp-json\/wp\/v2\/posts\/519416\/revisions"}],"wp:featuredmedia":[{"embeddable":true,"href":"https:\/\/www.europesays.com\/fr\/wp-json\/wp\/v2\/media\/519417"}],"wp:attachment":[{"href":"https:\/\/www.europesays.com\/fr\/wp-json\/wp\/v2\/media?parent=519416"}],"wp:term":[{"taxonomy":"category","embeddable":true,"href":"https:\/\/www.europesays.com\/fr\/wp-json\/wp\/v2\/categories?post=519416"},{"taxonomy":"post_tag","embeddable":true,"href":"https:\/\/www.europesays.com\/fr\/wp-json\/wp\/v2\/tags?post=519416"}],"curies":[{"name":"wp","href":"https:\/\/api.w.org\/{rel}","templated":true}]}}