{"id":519420,"date":"2025-11-08T00:40:12","date_gmt":"2025-11-08T00:40:12","guid":{"rendered":"https:\/\/www.europesays.com\/fr\/519420\/"},"modified":"2025-11-08T00:40:12","modified_gmt":"2025-11-08T00:40:12","slug":"airbus-enregistre-une-importante-commande-et-intensifie-ses-livraisons-tiendra-t-il-ses-objectifs","status":"publish","type":"post","link":"https:\/\/www.europesays.com\/fr\/519420\/","title":{"rendered":"Airbus enregistre une importante commande et intensifie ses livraisons : tiendra-t-il ses objectifs\u00a0?"},"content":{"rendered":"<p>            Par<br \/>\n        <strong><br \/>\n            <a href=\"https:\/\/actu.fr\/auteur\/guillaume-laurens\" title=\"Consulter tous les articles de Guillaume Laurens\" target=\"_blank\" rel=\"noopener\">Guillaume Laurens<\/a><br \/>\n        <\/strong><\/p>\n<p>        Publi\u00e9 le<\/p>\n<p>            7 nov. 2025 \u00e0 18h24        <\/p>\n<p>Apr\u00e8s avoir confirm\u00e9 l\u2019enregistrement de la commande annonc\u00e9e au <strong>Salon du Bourget<\/strong> de 100 avions par la compagnie vietnamienne <strong>Vietjet Air<\/strong><strong>,<\/strong> la plus grosse de l\u2019ann\u00e9e, <strong><a href=\"https:\/\/actu.fr\/tag\/airbus\" target=\"_blank\" rel=\"noopener\">Airbus<\/a> <\/strong>a indiqu\u00e9 ce vendredi 7 novembre 2025 avoir enregistr\u00e9 un total de <strong>112 commandes<\/strong>, et intensifi\u00e9 ses<strong> livraisons<\/strong> avec la remise de <strong>78 avions<\/strong> en octobre 2025. L\u2019avionneur europ\u00e9en, dont le si\u00e8ge mondial est \u00e0 Toulouse, tiendra-t-il ses objectifs annuels ? \u00c9l\u00e9ments de r\u00e9ponse.<\/p>\n<p>Une commande \u00e0 13 milliards de dollars<\/p>\n<p class=\" wall-content\">D\u2019apr\u00e8s les donn\u00e9es communiqu\u00e9es vendredi par Airbus, <a href=\"https:\/\/actu.fr\/occitanie\/toulouse_31555\/airbus-la-compagnie-vietjet-passe-une-enorme-commande-ferme-de-100-a321neo_63393099.html\" target=\"_blank\" rel=\"noopener\">la commande en question a, en r\u00e9alit\u00e9, \u00e9t\u00e9 pass\u00e9e le 10 octobre dernier<\/a>, \u00e0 la suite de la <a href=\"https:\/\/actu.fr\/occitanie\/toulouse_31555\/sous-les-yeux-d-emmanuel-macron-cette-compagnie-passe-une-grosse-commande-a-airbus_62687029.html\" target=\"_blank\" rel=\"noopener\">signature d\u2019un protocole d\u2019accord en juin au salon a\u00e9rospatial international du Bourget<\/a>.<\/p>\n<p class=\" wall-content\">Cette commande de <strong>100 monocouloirs A321neo<\/strong> est d\u2019une valeur th\u00e9orique de pr\u00e8s de <strong>13 milliards de dollars<\/strong>. Le montant est calcul\u00e9 d\u2019apr\u00e8s les prix catalogue de 2018, concept qu\u2019Airbus a abandonn\u00e9 depuis en arguant que les prix de vente r\u00e9els d\u00e9pendent des sp\u00e9cificit\u00e9s de chaque contrat, de la version et de la configuration de l\u2019appareil et qu\u2019ils demeurent confidentiels.<\/p>\n<p>50 appareils suppl\u00e9mentaires toujours en option<\/p>\n<p class=\" wall-content\">Le protocole d\u2019accord entre Vietjet Air et Airbus pr\u00e9voit toujours la <strong>commande potentielle<\/strong> de <strong>50 appareils suppl\u00e9mentaires<\/strong>. La flotte de la plus grande compagnie priv\u00e9e du Vietnam comprend actuellement <strong>115 appareils<\/strong>, tous des Airbus.<\/p>\n<p>112 commandes au total et 78 livraisons en octobre<\/p>\n<p class=\" wall-content\">En dehors de cette transaction, 12 autres avions ont \u00e9t\u00e9 command\u00e9s, portant \u00e0 <strong>112 le total de commandes<\/strong> pour octobre, mois au cours duquel le g\u00e9ant a\u00e9ronautique europ\u00e9en a \u00e9galement intensifi\u00e9 ses livraisons avec<strong> 78 avions<\/strong> remis \u00e0 <strong>36 clients<\/strong>.<\/p>\n<p class=\" wall-content\">Depuis le d\u00e9but de l\u2019ann\u00e9e, ce sont <strong>585 nouveaux appareils<\/strong> qui ont \u00e9t\u00e9 livr\u00e9s \u00e0 <strong>85 flottes a\u00e9riennes.<\/strong><\/p>\n<p>Vid\u00e9os : en ce moment sur Actu820 avions \u00e0 livrer en 2025<\/p>\n<p class=\" wall-content\">Lors de <a href=\"https:\/\/actu.fr\/occitanie\/blagnac_31069\/pourquoi-l-annee-2025-s-annonce-encore-excellente-pour-airbus-qui-a-devoile-ses-derniers-resultats_63369882.html\" target=\"_blank\" rel=\"noopener\">la publication de ses r\u00e9sultats financiers du troisi\u00e8me trimestre fin octobre<\/a>, Airbus avait indiqu\u00e9 <strong>maintenir son objectif de livraison en 2025<\/strong> de <strong>820 avions,<\/strong> malgr\u00e9 les difficult\u00e9s persistantes de sa cha\u00eene d\u2019approvisionnement. <strong>32 avions termin\u00e9s<\/strong> \u00e9taient, fin octobre, <strong>dans l\u2019attente de moteurs<\/strong> en raison des difficult\u00e9s des sous-traitants Pratt&amp;Whitney et CFM (Safran-General Electric). Ce probl\u00e8me s\u2019est en partie r\u00e9sorb\u00e9, puisqu\u2019au d\u00e9but de l\u2019\u00e9t\u00e9, <strong>60 avions<\/strong> \u00e9taient dans cette situation.<\/p>\n<p>235 avions \u00e0 livrer en deux mois<\/p>\n<p class=\" wall-content\">Le premier constructeur mondial, dont les livraisons se concentrent toujours sur la fin de l\u2019ann\u00e9e, devra sortir <strong>235 appareils<\/strong> sur les <strong>deux derniers mois<\/strong> de l\u2019ann\u00e9e pour maintenir son objectif.<\/p>\n<p>Votre r\u00e9gion, votre actu !<\/p>\n<p>Recevez chaque jour les infos qui comptent pour vous.<\/p>\n<p>\t<a href=\"https:\/\/actu.fr\/newsletter\" class=\"ac-btn ac-btn--corner ac-btn--medium ac-btn--blue800\" target=\"_blank\" rel=\"noopener\">S&rsquo;incrire<\/a><\/p>\n<p class=\" wall-content\">Airbus monte en puissance par rapport \u00e0 l\u2019ann\u00e9e derni\u00e8re (766 appareils livr\u00e9s en 2024) et renoue progressivement avec les productions pr\u00e9c\u00e9dant l\u2019arriv\u00e9e du Covid-19. En 2019, avant que la pand\u00e9mie ne grippe toute la cha\u00eene de production a\u00e9ronautique, <a href=\"https:\/\/actu.fr\/occitanie\/toulouse_31555\/airbus-a-livre-863-avions-2019-surclasse-boeing-redevient-numero-mondial_30509342.html\" target=\"_blank\" rel=\"noopener\">le g\u00e9ant europ\u00e9en avait <strong>livr\u00e9 863 appareils<\/strong><\/a>, devenant pour l\u2019occasion <strong>premier constructeur de la plan\u00e8te<\/strong>, devant Boeing.<\/p>\n<p class=\" wall-content\"><strong>Avec AFP<\/strong><\/p>\n<p class=\" wall-content\">Personnalisez votre actualit\u00e9 en ajoutant vos villes et m\u00e9dias en favori avec <a href=\"https:\/\/moncompte.actu.fr\" title=\"D\u00e9couvez Mon Actu\" rel=\"nofollow noopener\" data-trk=\"{&quot;cta&quot;:{&quot;action&quot;:&quot;https:\\\/\\\/moncompte.actu.fr&quot;,&quot;category&quot;:&quot;mon compte&quot;,&quot;from&quot;:&quot;article footer&quot;,&quot;name&quot;:&quot;Mon actu&quot;,&quot;type&quot;:&quot;cta&quot;}}\" target=\"_blank\">Mon Actu<\/a>.<\/p>\n","protected":false},"excerpt":{"rendered":"Par Guillaume Laurens Publi\u00e9 le 7 nov. 2025 \u00e0 18h24 Apr\u00e8s avoir confirm\u00e9 l\u2019enregistrement de la commande annonc\u00e9e&hellip;\n","protected":false},"author":2,"featured_media":519421,"comment_status":"","ping_status":"","sticky":false,"template":"","format":"standard","meta":{"footnotes":""},"categories":[2816],"tags":[1111,11,296,36,33,1777,674,1011,27,12,2680,25,2312],"class_list":{"0":"post-519420","1":"post","2":"type-post","3":"status-publish","4":"format-standard","5":"has-post-thumbnail","7":"category-toulouse","8":"tag-actu","9":"tag-actualites","10":"tag-aeronautique","11":"tag-airbus","12":"tag-economie","13":"tag-eu","14":"tag-europe","15":"tag-fr","16":"tag-france","17":"tag-news","18":"tag-occitanie","19":"tag-republique-francaise","20":"tag-toulouse"},"share_on_mastodon":{"url":"https:\/\/pubeurope.com\/@fr\/115511297575743678","error":""},"_links":{"self":[{"href":"https:\/\/www.europesays.com\/fr\/wp-json\/wp\/v2\/posts\/519420","targetHints":{"allow":["GET"]}}],"collection":[{"href":"https:\/\/www.europesays.com\/fr\/wp-json\/wp\/v2\/posts"}],"about":[{"href":"https:\/\/www.europesays.com\/fr\/wp-json\/wp\/v2\/types\/post"}],"author":[{"embeddable":true,"href":"https:\/\/www.europesays.com\/fr\/wp-json\/wp\/v2\/users\/2"}],"replies":[{"embeddable":true,"href":"https:\/\/www.europesays.com\/fr\/wp-json\/wp\/v2\/comments?post=519420"}],"version-history":[{"count":0,"href":"https:\/\/www.europesays.com\/fr\/wp-json\/wp\/v2\/posts\/519420\/revisions"}],"wp:featuredmedia":[{"embeddable":true,"href":"https:\/\/www.europesays.com\/fr\/wp-json\/wp\/v2\/media\/519421"}],"wp:attachment":[{"href":"https:\/\/www.europesays.com\/fr\/wp-json\/wp\/v2\/media?parent=519420"}],"wp:term":[{"taxonomy":"category","embeddable":true,"href":"https:\/\/www.europesays.com\/fr\/wp-json\/wp\/v2\/categories?post=519420"},{"taxonomy":"post_tag","embeddable":true,"href":"https:\/\/www.europesays.com\/fr\/wp-json\/wp\/v2\/tags?post=519420"}],"curies":[{"name":"wp","href":"https:\/\/api.w.org\/{rel}","templated":true}]}}