{"id":519428,"date":"2025-11-08T00:44:16","date_gmt":"2025-11-08T00:44:16","guid":{"rendered":"https:\/\/www.europesays.com\/fr\/519428\/"},"modified":"2025-11-08T00:44:16","modified_gmt":"2025-11-08T00:44:16","slug":"falstaff-le-chef-doeuvre-de-verdi-mis-en-scene-par-denis-podalydes-arrive-sur-les-planches-de-lopera-de-marseille","status":"publish","type":"post","link":"https:\/\/www.europesays.com\/fr\/519428\/","title":{"rendered":"\u00ab\u00a0Falstaff\u00a0\u00bb, le chef-d&rsquo;\u0153uvre de Verdi mis en sc\u00e8ne par Denis Podalyd\u00e8s arrive sur les planches de l&rsquo;Op\u00e9ra de Marseille"},"content":{"rendered":"<p>Jeudi 5 novembre sur la sc\u00e8ne de <a href=\"https:\/\/www.laprovence.com\/article\/culture-loisirs\/4044299539079314\/opera-de-marseille-une-riche-nouvelle-saison-de-falstaff-a-wagner\" target=\"_blank\" rel=\"noopener\">l\u2019Op\u00e9ra de Marseille<\/a>, une demi-heure avant la r\u00e9p\u00e9tition g\u00e9n\u00e9rale de Falstaff, l\u2019ultime chef-d\u2019\u0153uvre de Verdi, les techniciens arrangent les traversins sur les lits d\u2019h\u00f4pitaux. Un air de folie flotte dans ce d\u00e9cor imagin\u00e9 par <a href=\"https:\/\/www.laprovence.com\/article\/culture-loisirs\/4231468256753614\/critique-cine-denis-podalydes-impeccable-sur-toute-la-ligne-en-ecrivain-solitaire-dans-le-repondeur\" target=\"_blank\" rel=\"noopener\">Denis Podalyd\u00e8s<\/a> pour cette production lilloise, qui ouvrira dimanche la saison de l\u2019Op\u00e9ra de Marseille avec une nouvelle distribution de chanteurs dirig\u00e9e par <a href=\"https:\/\/www.laprovence.com\/article\/sortie-loisirs\/54848628280329\/michele-spotti-nouveau-chef-de-lopera-de-marseille-je-me-sens-figaro-a-marseille\" target=\"_blank\" rel=\"noopener\">Michele Spotti, directeur musical de l\u2019Op\u00e9ra de Marseille<\/a>. \u00ab\u00a0C\u2019est un op\u00e9ra-comique, mais qui fait r\u00e9fl\u00e9chir sur le cours de la vie et le pass\u00e9, c\u2019est un ouvrage m\u00e9lancolique qui provoque le rire\u00a0\u00bb, estime le chef italien.<\/p>\n<p>Une farce<\/p>\n<p>Quand Giuseppe Verdi s\u2019empare du personnage de Shakespeare pour composer son dernier op\u00e9ra, il a 81\u00a0ans et 27 op\u00e9ras au compteur. Il fait ses adieux \u00e0 l\u2019art lyrique en signant une com\u00e9die tonitruante. Lorsque s\u2019ouvre l\u2019op\u00e9ra, Falstaff, incarn\u00e9 par le baryton Giulio Mastrototaro, demande de l\u2019alcool. Chevalier sur le d\u00e9clin et amateur de bon vin, ce s\u00e9ducteur grossier et ridicule \u00e9crit la m\u00eame lettre d\u2019amour \u00e0 deux femmes, Alice Ford (Salome Jicia) et Meg Page (H\u00e9lo\u00efse Mas), suscitant bient\u00f4t leur vengeance. \u00ab\u00a0Verdi et son librettiste Arrigo Boito &#8230;<\/p>\n","protected":false},"excerpt":{"rendered":"Jeudi 5 novembre sur la sc\u00e8ne de l\u2019Op\u00e9ra de Marseille, une demi-heure avant la r\u00e9p\u00e9tition g\u00e9n\u00e9rale de Falstaff,&hellip;\n","protected":false},"author":2,"featured_media":519429,"comment_status":"","ping_status":"","sticky":false,"template":"","format":"standard","meta":{"footnotes":""},"categories":[2814],"tags":[17,1111,11,4374,251,64039,1777,674,14661,1011,27,884,18360,12,5912,882,25,7347,64038],"class_list":{"0":"post-519428","1":"post","2":"type-post","3":"status-publish","4":"format-standard","5":"has-post-thumbnail","7":"category-marseille","8":"tag-17","9":"tag-actu","10":"tag-actualites","11":"tag-chef-doeuvre","12":"tag-culture","13":"tag-denis","14":"tag-eu","15":"tag-europe","16":"tag-falstaff","17":"tag-fr","18":"tag-france","19":"tag-marseille","20":"tag-mis","21":"tag-news","22":"tag-par","23":"tag-provence-alpes-cote-dazur","24":"tag-republique-francaise","25":"tag-scene","26":"tag-verdi"},"share_on_mastodon":{"url":"https:\/\/pubeurope.com\/@fr\/115511313335275934","error":""},"_links":{"self":[{"href":"https:\/\/www.europesays.com\/fr\/wp-json\/wp\/v2\/posts\/519428","targetHints":{"allow":["GET"]}}],"collection":[{"href":"https:\/\/www.europesays.com\/fr\/wp-json\/wp\/v2\/posts"}],"about":[{"href":"https:\/\/www.europesays.com\/fr\/wp-json\/wp\/v2\/types\/post"}],"author":[{"embeddable":true,"href":"https:\/\/www.europesays.com\/fr\/wp-json\/wp\/v2\/users\/2"}],"replies":[{"embeddable":true,"href":"https:\/\/www.europesays.com\/fr\/wp-json\/wp\/v2\/comments?post=519428"}],"version-history":[{"count":0,"href":"https:\/\/www.europesays.com\/fr\/wp-json\/wp\/v2\/posts\/519428\/revisions"}],"wp:featuredmedia":[{"embeddable":true,"href":"https:\/\/www.europesays.com\/fr\/wp-json\/wp\/v2\/media\/519429"}],"wp:attachment":[{"href":"https:\/\/www.europesays.com\/fr\/wp-json\/wp\/v2\/media?parent=519428"}],"wp:term":[{"taxonomy":"category","embeddable":true,"href":"https:\/\/www.europesays.com\/fr\/wp-json\/wp\/v2\/categories?post=519428"},{"taxonomy":"post_tag","embeddable":true,"href":"https:\/\/www.europesays.com\/fr\/wp-json\/wp\/v2\/tags?post=519428"}],"curies":[{"name":"wp","href":"https:\/\/api.w.org\/{rel}","templated":true}]}}