{"id":519449,"date":"2025-11-08T00:56:11","date_gmt":"2025-11-08T00:56:11","guid":{"rendered":"https:\/\/www.europesays.com\/fr\/519449\/"},"modified":"2025-11-08T00:56:11","modified_gmt":"2025-11-08T00:56:11","slug":"usa-le-president-syrien-retire-de-la-liste-noire-des-terroristes","status":"publish","type":"post","link":"https:\/\/www.europesays.com\/fr\/519449\/","title":{"rendered":"USA: le pr\u00e9sident syrien retir\u00e9 de la liste noire des terroristes"},"content":{"rendered":"<p class=\"lede\">Le rappeur am\u00e9ricain Kendrick Lamar, r\u00e9compens\u00e9 \u00e0 cinq reprises lors des Grammy Awards cette ann\u00e9e, peut r\u00eaver d&rsquo;une nouvelle moisson lors de l&rsquo;\u00e9dition 2026, le 1er f\u00e9vrier \u00e0 Los Angeles. Il a re\u00e7u neuf nominations vendredi.<\/p>\n<p>Suivent la chanteuse am\u00e9ricaine Lady Gaga (avec sept nominations) ou encore le prince portoricain du rap latino et du reggaeton Bad Bunny, la nouvelle star de la pop am\u00e9ricaine Sabrina Carpenter et la r\u00e9v\u00e9lation am\u00e9ricaine du R&amp;B Leon Thomas (six chacun).<\/p>\n<p>Kendrick Lamar, 38 ans, a domin\u00e9 l&rsquo;\u00e9dition 2025 avec \u00ab\u00a0Not Like Us\u00a0\u00bb, son titre viral contre le rappeur canadien Drake. Cette fois, c&rsquo;est son album \u00ab\u00a0GNX\u00a0\u00bb et le morceau \u00ab\u00a0luther\u00a0\u00bb, avec la chanteuse de R&amp;B am\u00e9ricaine SZA, qui ont les honneurs.<\/p>\n<p>Apr\u00e8s un passage par le cin\u00e9ma, Lady Gaga fait, elle, \u00e0 39 ans, un retour spectaculaire avec son album \u00ab\u00a0MAYHEM\u00a0\u00bb, collection de tubes pop avec une touche sombre et dramatique.<\/p>\n<p>Bad Bunny, 31 ans, aura un mois de f\u00e9vrier charg\u00e9, puisqu&rsquo;il assurera aussi le prestigieux spectacle de la mi-temps du Super Bowl, la finale du championnat de football am\u00e9ricain, ce qui a d\u00e9clench\u00e9 la fureur des partisans du pr\u00e9sident Donald Trump.<\/p>\n<p>Ceux-ci lui reprochent de critiquer r\u00e9guli\u00e8rement la police f\u00e9d\u00e9rale de l&rsquo;immigration, de chanter exclusivement en espagnol et de brouiller les fronti\u00e8res entre les genres avec ses v\u00eatements ou son maquillage.<\/p>\n<p>Ni Taylor Swift ni Rosalia<\/p>\n<p>Autres noms revenant dans les nominations annonc\u00e9es par la Recording Academy, qui d\u00e9cerne les prestigieuses r\u00e9compenses: le duo form\u00e9 par la star de la pop cor\u00e9enne (K-pop) ROSE et l&rsquo;Am\u00e9ricain Bruno Mars pour le tube \u00ab\u00a0APT.\u00a0\u00bb, l&rsquo;Am\u00e9ricaine Billie Eilish pour son morceau \u00ab\u00a0WILDFLOWER\u00a0\u00bb ou encore le Canadien Justin Bieber pour son premier album en quatre ans, \u00ab\u00a0SWAG\u00a0\u00bb.<\/p>\n<p>Avec Sabrina Carpenter, 26 ans, Justin Bieber, 31 ans, sera \u00e0 l&rsquo;affiche du prestigieux festival Coachella, dans le d\u00e9sert californien, en avril.<\/p>\n<p>La bande originale du film d&rsquo;animation de Netflix \u00ab\u00a0KPop Demon Hunters\u00a0\u00bb, devenu un ph\u00e9nom\u00e8ne mondial cet \u00e9t\u00e9, se distingue aussi avec trois nominations pour son titre phare \u00ab\u00a0Golden\u00a0\u00bb.<\/p>\n<p>La superstar am\u00e9ricaine Taylor Swift devra, en revanche, attendre 2027 pour une probable nouvelle pluie de nominations pour son 12e opus \u00ab\u00a0The Life of a Showgirl\u00a0\u00bb.<\/p>\n<p>L&rsquo;album est en effet sorti en octobre, hors de la fen\u00eatre d&rsquo;\u00e9ligibilit\u00e9 pour l&rsquo;\u00e9dition 2026, qui s&rsquo;est ferm\u00e9e le 30 ao\u00fbt.<\/p>\n<p>Il en va de m\u00eame pour l&rsquo;Espagnole Rosalia, dont le 4e disque \u00ab\u00a0Lux\u00a0\u00bb, est sorti vendredi.<\/p>\n<p>3800 nouveaux membres<\/p>\n<p>La Recording Academy a int\u00e9gr\u00e9 cette ann\u00e9e 3800 nouveaux membres, avec l&rsquo;objectif de \u00ab\u00a0refl\u00e9ter la vitalit\u00e9 du paysage musical diversifi\u00e9 d&rsquo;aujourd&rsquo;hui\u00a0\u00bb, selon les termes de son dirigeant Harvey Mason Jr, dans un communiqu\u00e9.<\/p>\n<p>La moiti\u00e9 de ces nouveaux membres est \u00e2g\u00e9e de 39 ans ou moins et 58% sont des personnes de couleur, a pr\u00e9cis\u00e9 l&rsquo;acad\u00e9mie.<\/p>\n<p>Ont \u00e9galement \u00e9t\u00e9 invit\u00e9s les membres de la Latin Recording Academy, qui remettra ses Latin Grammys jeudi \u00e0 Las Vegas, avec Bad Bunny parmi les favoris.<\/p>\n<p>Cet article a \u00e9t\u00e9 publi\u00e9 automatiquement. Sources : ats \/ afp<\/p>\n","protected":false},"excerpt":{"rendered":"Le rappeur am\u00e9ricain Kendrick Lamar, r\u00e9compens\u00e9 \u00e0 cinq reprises lors des Grammy Awards cette ann\u00e9e, peut r\u00eaver d&rsquo;une&hellip;\n","protected":false},"author":2,"featured_media":519450,"comment_status":"","ping_status":"","sticky":false,"template":"","format":"standard","meta":{"footnotes":""},"categories":[1589],"tags":[11,73,1866,12,1864,1865,1863,308],"class_list":{"0":"post-519449","1":"post","2":"type-post","3":"status-publish","4":"format-standard","5":"has-post-thumbnail","7":"category-etats-unis","8":"tag-actualites","9":"tag-etats-unis","10":"tag-etats-unis-damerique","11":"tag-news","12":"tag-united-states","13":"tag-united-states-of-america","14":"tag-us","15":"tag-usa"},"share_on_mastodon":{"url":"https:\/\/pubeurope.com\/@fr\/115511360615666606","error":""},"_links":{"self":[{"href":"https:\/\/www.europesays.com\/fr\/wp-json\/wp\/v2\/posts\/519449","targetHints":{"allow":["GET"]}}],"collection":[{"href":"https:\/\/www.europesays.com\/fr\/wp-json\/wp\/v2\/posts"}],"about":[{"href":"https:\/\/www.europesays.com\/fr\/wp-json\/wp\/v2\/types\/post"}],"author":[{"embeddable":true,"href":"https:\/\/www.europesays.com\/fr\/wp-json\/wp\/v2\/users\/2"}],"replies":[{"embeddable":true,"href":"https:\/\/www.europesays.com\/fr\/wp-json\/wp\/v2\/comments?post=519449"}],"version-history":[{"count":0,"href":"https:\/\/www.europesays.com\/fr\/wp-json\/wp\/v2\/posts\/519449\/revisions"}],"wp:featuredmedia":[{"embeddable":true,"href":"https:\/\/www.europesays.com\/fr\/wp-json\/wp\/v2\/media\/519450"}],"wp:attachment":[{"href":"https:\/\/www.europesays.com\/fr\/wp-json\/wp\/v2\/media?parent=519449"}],"wp:term":[{"taxonomy":"category","embeddable":true,"href":"https:\/\/www.europesays.com\/fr\/wp-json\/wp\/v2\/categories?post=519449"},{"taxonomy":"post_tag","embeddable":true,"href":"https:\/\/www.europesays.com\/fr\/wp-json\/wp\/v2\/tags?post=519449"}],"curies":[{"name":"wp","href":"https:\/\/api.w.org\/{rel}","templated":true}]}}