{"id":519464,"date":"2025-11-08T01:06:11","date_gmt":"2025-11-08T01:06:11","guid":{"rendered":"https:\/\/www.europesays.com\/fr\/519464\/"},"modified":"2025-11-08T01:06:11","modified_gmt":"2025-11-08T01:06:11","slug":"anthony-jelonch-adore-le-combat-et-il-nattend-que-ca-face-a-lafrique-du-sud-jaime-quand-ladversaire-cherche-le-regard-de-celui-qui-la-mis-a-terre-l039","status":"publish","type":"post","link":"https:\/\/www.europesays.com\/fr\/519464\/","title":{"rendered":"Anthony Jelonch adore le combat et il n&#039;attend que \u00e7a face \u00e0 l&#039;Afrique du Sud : \u00ab J&#039;aime quand l&#039;adversaire cherche le regard de celui qui l&#039;a mis \u00e0 terre \u00bb &#8211; L&#039;\u00c9quipe"},"content":{"rendered":"<ol>\n<li><a href=\"https:\/\/news.google.com\/rss\/articles\/CBMioAJBVV95cUxPZy1XbjdneFFmeXNsa2J5VFlxQ25jWUdNWVNRVGprRU90b2pyZ0JrZHVQZjQxMGVlNThYaEVkZ3RiZVl1aVRGQ1lrYURtTHlWX3pRUzEtM0xTQ09HbmNJbmtFX0NzSmJZZG1GUW1senRSUF84SzRIVWdkQW5iVFlMRVo4UDFVQUlSeXEwb01VZ0ZtM215UUJ4SmVDN3F1UXFjMFhWRUhXTXFtTVRwT21WX0RRdkJsQjBUQk40dVMxRXo0SEk1RHlobjUtMGF0c0xzSzc2VmZBYkQxWTFLYzFwRHdpOUhEVm43QTBGWUcwRkVLZXFhNGxIdnV3UnNaS3M4NHFYNGp0Uk5TcFltVUl4SUlodVU3SWFQelRReFcxRk8?oc=5\" target=\"_blank\" rel=\"nofollow noopener\">Anthony Jelonch adore le combat et il n&rsquo;attend que \u00e7a face \u00e0 l&rsquo;Afrique du Sud : \u00ab J&rsquo;aime quand l&rsquo;adversaire cherche le regard de celui qui l&rsquo;a mis \u00e0 terre \u00bb<\/a>&nbsp;&nbsp;L&rsquo;\u00c9quipe<\/li>\n<li><a href=\"https:\/\/news.google.com\/rss\/articles\/CBMi_wFBVV95cUxPQVBIVGJqQUE4ZDF3VmYwT1otNnlZUGpBb3pCR1VuSW5mZ1FPLUFXUlllUllwb1RqSndLZDNSUnZJZFVpRThfMUU3RmlnazZrT2VYbzRKN1RZMFVJVkFIZ2kyLVRNdGNTR3BPWnRjc29BeTdlSVI0bVdlT2tGT0RpQy0xS0t0NDJEOU9LeklxWWVYZkZEMTd2UnBycWJUUXpRUDRxS0dvd0FTN05QZmp2RnNOYTg1QlVvMnlac2dwYjBzWFhhV3Ryek5sVXBhZlVZMUE1SFFVS2RXNGxzSFFYZ0dsTkdCTWY2UGJ1Vmx5Q2FHaVVhQ2N5WGg5YVZ4bm8?oc=5\" target=\"_blank\" rel=\"nofollow noopener\">Pour le choc face \u00e0 l&rsquo;Afrique du Sud, le XV de France s&rsquo;appuiera sur une troisi\u00e8me ligne new-look et particuli\u00e8rement dense<\/a>&nbsp;&nbsp;L&rsquo;\u00c9quipe<\/li>\n<li><a href=\"https:\/\/news.google.com\/rss\/articles\/CBMi6gFBVV95cUxNMkJDWHcyTUNEMm56VGtsLW14Z1FKVkRzM0x3Wm45cWV5alBWdWJhOEFJRHg1dHZFeUdDRVZlNG9TRDYybDktcUZmVnBTNXdZQmJxSWRScW14ajRvbzRteWtBaGFBeUctVzRBdEZPZ3VEeEpoZndiSmlYaEJNdHRuMFNtcWRENFZ1Sk5YbDhGcnBENVlTY2Z0ZWpNdWc2UUtrcnJjZl94VmlBX2hHaERTamVtR3B6akV3UlNtUklXUUM1cDh2YTZDUUdWenhTQTZxWnM2MHp5a1NTVXB6eXJ6UUxWYU9GRGdnT3c?oc=5\" target=\"_blank\" rel=\"nofollow noopener\">France &#8211; Afrique du Sud. Paul Boudehent : \u00ab A la base, je me voyais plus comme un joueur d\u2019\u00e9vitement \u00bb<\/a>&nbsp;&nbsp;Sud Ouest<\/li>\n<li><a href=\"https:\/\/news.google.com\/rss\/articles\/CBMi5AFBVV95cUxQNUM0eXBUX1l5Mmw1cmV6OGJqaXJrbFJvMnAzcVk3dDdQcW9pZnJzalJRQm5qZHNEaGozUkw4OG8yTElvUm9paUQ3YXNkYVVsMUx3N1NmY0pjUFF2TEhQbEhFbXg1dW5lVUNjaGUtX2IxWGtTZzlVbWJnVzgzVXBjVkdNaFhwZmRsRHlRbUhFTU9iT3k0bmZSbXpLcGVVdlg4ejZGMFhaT2MyVHR5cVktQ3pTWXBXYmw5VTZJRHRveTFWU0tsVmZWejZrYXo4eW9tVnRDa09abEI1OUgxaldGTzVVanM?oc=5\" target=\"_blank\" rel=\"nofollow noopener\">\u00ab\u00a0Les mecs en r\u00e9serve \u00e0 Angers, c\u2019\u00e9taient les rois du monde\u00a0\u00bb : Paul Boudehent raconte son rugby<\/a>&nbsp;&nbsp;Rugbyrama<\/li>\n<li><a href=\"https:\/\/news.google.com\/rss\/articles\/CBMi9AFBVV95cUxOQkFmMlYyZGZVRGY3MndtNFRyU09QWmtqRmkzaXZnQUZfX1hXMElZZlRoUlE1MVdTX2xJRGtCWWo4QktYTUk4WmNPOHJvQWRJNHpDbUZ6RUNqZ0JmZkJjZVk0UzdpSThIUDFydFZuc3gzblIwbHE3WEV5dE9Ddlh4WlprcFZ4S0MyQTB2ejNGSjkwY1l2OXNJSkFZM3VSejdaTDR4SXlkSUxKWjBpZGpEZkt6NU53RkpYM2lPU1A0Q2swSU4tWThnZkFPZjRTYjltMlRiOGFBVGhJM1lmeE1yX1hZN3RiV0lhcmI5M19iWlgyMnZV?oc=5\" target=\"_blank\" rel=\"nofollow noopener\">\u00ab\u00a0Quand tu reviens, tous les chocs font mal\u00a0\u00bb : Jelonch raconte son parcours du combattant<\/a>&nbsp;&nbsp;Rugbyrama<\/li>\n<\/ol>\n","protected":false},"excerpt":{"rendered":"Anthony Jelonch adore le combat et il n&rsquo;attend que \u00e7a face \u00e0 l&rsquo;Afrique du Sud : \u00ab J&rsquo;aime&hellip;\n","protected":false},"author":2,"featured_media":519465,"comment_status":"","ping_status":"","sticky":false,"template":"","format":"standard","meta":{"footnotes":""},"categories":[1416],"tags":[1011,27,479,1468,60],"class_list":{"0":"post-519464","1":"post","2":"type-post","3":"status-publish","4":"format-standard","5":"has-post-thumbnail","7":"category-rugby","8":"tag-fr","9":"tag-france","10":"tag-rugby","11":"tag-rugby-football","12":"tag-sports"},"share_on_mastodon":{"url":"https:\/\/pubeurope.com\/@fr\/115511400030670580","error":""},"_links":{"self":[{"href":"https:\/\/www.europesays.com\/fr\/wp-json\/wp\/v2\/posts\/519464","targetHints":{"allow":["GET"]}}],"collection":[{"href":"https:\/\/www.europesays.com\/fr\/wp-json\/wp\/v2\/posts"}],"about":[{"href":"https:\/\/www.europesays.com\/fr\/wp-json\/wp\/v2\/types\/post"}],"author":[{"embeddable":true,"href":"https:\/\/www.europesays.com\/fr\/wp-json\/wp\/v2\/users\/2"}],"replies":[{"embeddable":true,"href":"https:\/\/www.europesays.com\/fr\/wp-json\/wp\/v2\/comments?post=519464"}],"version-history":[{"count":0,"href":"https:\/\/www.europesays.com\/fr\/wp-json\/wp\/v2\/posts\/519464\/revisions"}],"wp:featuredmedia":[{"embeddable":true,"href":"https:\/\/www.europesays.com\/fr\/wp-json\/wp\/v2\/media\/519465"}],"wp:attachment":[{"href":"https:\/\/www.europesays.com\/fr\/wp-json\/wp\/v2\/media?parent=519464"}],"wp:term":[{"taxonomy":"category","embeddable":true,"href":"https:\/\/www.europesays.com\/fr\/wp-json\/wp\/v2\/categories?post=519464"},{"taxonomy":"post_tag","embeddable":true,"href":"https:\/\/www.europesays.com\/fr\/wp-json\/wp\/v2\/tags?post=519464"}],"curies":[{"name":"wp","href":"https:\/\/api.w.org\/{rel}","templated":true}]}}