{"id":519472,"date":"2025-11-08T01:13:11","date_gmt":"2025-11-08T01:13:11","guid":{"rendered":"https:\/\/www.europesays.com\/fr\/519472\/"},"modified":"2025-11-08T01:13:11","modified_gmt":"2025-11-08T01:13:11","slug":"le-pere-de-laeticia-hallyday-vide-son-sac-sur-johnny-et-leurs-30-ans-decart","status":"publish","type":"post","link":"https:\/\/www.europesays.com\/fr\/519472\/","title":{"rendered":"le p\u00e8re de Laeticia Hallyday vide son sac sur Johnny et leurs 30 ans d\u2019\u00e9cart"},"content":{"rendered":"<p><strong>Johnny Hallyday<\/strong>, surnomm\u00e9 \u00e0 ses d\u00e9buts l\u2019idole<br \/>\ndes jeunes, a eu plus d\u2019une histoire d\u2019amour. <strong>Si les<br \/>\nboomers se rappellent tous de celle avec Sylvie Vartan,<br \/>\nfaisant du couple le symbole romantique des y\u00e9y\u00e9s, Johnny a termin\u00e9<br \/>\nsa vie avec Laeticia.<\/strong> De plus de 30 ans sa cadette, il<br \/>\ns\u2019agit de la fille d\u2019un de ses camarades, <strong>Andr\u00e9<br \/>\nBoudou<\/strong>, qui a notamment tenu une c\u00e9l\u00e8bre bo\u00eete de nuit aux<br \/>\nEtats-Unis. L\u2019interpr\u00e8te d\u00a0\u00bbAllumer le feu est d\u00e9c\u00e9d\u00e9 en<br \/>\n2017 des suites d\u2019un cancer du poumon \u00e0 l\u2019\u00e2ge de 74 ans. Laeticia<br \/>\nHallyday reste \u00e0 ce jour sa derni\u00e8re \u00e9pouse. <strong>Le p\u00e8re de<br \/>\ncelle-ci raconte l\u2019envers d\u2019une histoire d\u2019amour singuli\u00e8re port\u00e9<br \/>\npar un sacr\u00e9 \u00e9cart d\u2019\u00e2ge.<\/strong><\/p>\n<p>Johnny Hallyday : il y a eu Sylvie Vartan avant Laeticia<\/p>\n<p>Tout comme l\u2019idole des jeunes, Sylvie Vartan, chanteuse, se fait<br \/>\nconna\u00eetre durant la p\u00e9riode des <strong>y\u00e9y\u00e9s<\/strong>. Nous sommes<br \/>\ndans les ann\u00e9es 60, le rock et la pop anglophone, remix\u00e9s \u00e0 la mode<br \/>\nde chez nous, cartonnent. <strong><a href=\"https:\/\/www.melty.fr\/people\/apres-sa-disparition-sylvie-vartan-brutalement-honnete-sur-johnny-hallyday-cetait-tres-difficile-2269277.html\" rel=\"nofollow noopener\" target=\"_blank\"><br \/>\nLes deux deviennent un couple-star<\/a> en plus de collaborer<br \/>\nensemble sur sc\u00e8ne et en studio.<\/strong> En \u201865, les deux stars de<br \/>\nla chanson se marient. Un an apr\u00e8s, ils donnent naissance \u00e0 leur<br \/>\nfils, <strong>David<\/strong>, qui va aussi faire de la musique.<\/p>\n<p>Durant plusieurs ann\u00e9es, Johnny Hallyday et Sylvie Vartan sont<br \/>\nindissociables l\u2019un de l\u2019autre. <strong>Leur vie priv\u00e9e, tr\u00e8s<br \/>\nexpos\u00e9e dans la presse, se m\u00eale de mani\u00e8re in\u00e9luctable avec leur<br \/>\ncarri\u00e8re professionnelle respective.<\/strong> Et celle qui ont<br \/>\nentam\u00e9 \u00e0 deux, \u00e9galement. \u00c0 l\u2019image de cette affiche partag\u00e9e \u00e0<br \/>\n<strong>l&rsquo;Olympia<\/strong> en \u201867. Tourn\u00e9e apr\u00e8s tourn\u00e9e, y compris<br \/>\nhors de la France, le couple encha\u00eene les succ\u00e8s et encaisse les<br \/>\nrevers. <strong>Ils divorcent en 1981\u2026<\/strong><\/p>\n<p>Laeticia Hallyday pr\u00e9sent\u00e9e jeune \u00e0 Johnny par son p\u00e8re<\/p>\n<p>Saut dans le temps. Johnny -et sa musique- traverse les \u00e9poques.<br \/>\n<strong>Le rockeur s\u2019adapte aux modes, aux styles aussi, qui<br \/>\nd\u00e9filent.<\/strong> C\u2019est devenu le taulier de la chanson populaire<br \/>\nen France. <strong>Au milieu des ann\u00e9es 90, il rencontre Laeticia<br \/>\nBoudou, 21 ans \u00e0 l\u2019\u00e9poque, \u00e0 Miami.<\/strong> Elle est alors<br \/>\nconsid\u00e9r\u00e9e comme mineure, l\u00e0-bas. Son p\u00e8re, Andr\u00e9 Boudou, pote du<br \/>\nchanteur, fait les pr\u00e9sentations dans son club,<br \/>\n<strong>L\u2019Amnesia<\/strong>. C\u2019est le coup de foudre entre eux.<\/p>\n<p>Et cela malgr\u00e9 leur \u00e9cart d\u2019\u00e2ge cons\u00e9quent. De fait, ils ont<br \/>\nplus de 30 ans d\u2019\u00e9cart. Ce qui n\u2019emp\u00eache le power<br \/>\ncouple, <a href=\"https:\/\/www.melty.fr\/people\/epouse-de-jean-marie-bigard-lola-marois-vide-son-sac-sur-leur-intimite-je-me-sentirais-salie-2273515.html\" rel=\"nofollow noopener\" target=\"_blank\"><br \/>\n\u00e0 l\u2019instar de <strong>Jean-Marie Bigard<\/strong> et <strong>Lola<br \/>\nMarois<\/strong><\/a>, ou encore <strong>Hugues Aufray<\/strong> et<br \/>\nson \u00e9pouse <strong>Murielle<\/strong>, de vivre tranquillement sous<br \/>\nles projecteurs. <strong>Durant leur union, Johnny et Laeticia<br \/>\nHallyday adoptent deux enfants, deux filles, Jade et Joy, toutes<br \/>\ndeux d\u2019origine vietnamienne.<\/strong> La petite famille vit une vie<br \/>\nheureuse.<\/p>\n<p>Le p\u00e8re de la veuve de Johnny Hallyday<br \/>\nbalance pas mal<\/p>\n<p>Bien que tr\u00e8s m\u00e9diatis\u00e9e, forc\u00e9ment. <strong>Cela a toujours \u00e9t\u00e9<br \/>\nla croix \u00e0 porter de Johnny Hallyday.<\/strong> Le 5 d\u00e9cembre 2017,<br \/>\nle c\u00e9l\u00e8bre rockeur meurt d\u2019un cancer \u00e0 son domicile de<br \/>\nMarnes-la-Coquette. Il laisse derri\u00e8re lui une carri\u00e8re faste,<br \/>\nfaite de musique mais aussi de cin\u00e9ma, des fans hardcore<br \/>\nendeuill\u00e9s, et une famille, d\u00e9sormais, sa patriarche \u00e0 la voix<br \/>\ngrave et nasillarde. <strong>R\u00e9cemment, sa veuve, Laeticia,<br \/>\n<a href=\"https:\/\/www.melty.fr\/people\/je-suis-epuisee-videe-et-le-coeur-en-miettes-laeticia-hallyday-face-a-cette-grande-perte-familiale-2269596.html\" rel=\"nofollow noopener\" target=\"_blank\"><br \/>\na revendu leur maison, La Savannah<\/a>, en raison de dettes<br \/>\ncolossales apr\u00e8s la mort de Johnny Hallyday.<\/strong><\/p>\n<p>Ao\u00fbt 2025, dans les colonnes du <strong>Parisien<\/strong>, Andr\u00e9<br \/>\nBoudou, 74 ans, p\u00e8re de Laeticia Hallyday se livre \u00e0 quelques<br \/>\nconfessions sur le couple. \u201c<strong>Quand ma fille l\u2019a connu \u00e0<br \/>\n20 ans, avec ses bouclettes, elle n\u2019aurait pas fait le poids face \u00e0<br \/>\nun monstre sacr\u00e9.<\/strong> Alors, il a pris le paquet, le p\u00e8re et<br \/>\nla fille.\u201d Ainsi, le septuag\u00e9naire fait comprendre qu\u2019il a<br \/>\nbeaucoup compt\u00e9 dans la vie de sa fille et son mari d\u2019alors, Johnny<br \/>\nHallyday. Comme une sorte de chaperon<strong>. Pour rappel, c\u2019est<br \/>\nlui qui a pr\u00e9sent\u00e9 sa fille au c\u00e9l\u00e8bre chanteur.<\/strong> Le<br \/>\npaternel de Laeticia \u00e9tait tr\u00e8s proche du rockeur : \u201cCe mec<br \/>\n\u00e9tait tellement attachant, on a eu des moments incroyables. Johnny<br \/>\na v\u00e9cu vingt-trois ans avec ma fille. <strong>Pendant dix-neuf ans,<br \/>\nj\u2019ai quasiment pass\u00e9 24 heures sur 24 avec Johnny.<\/strong>\u201d<br \/>\nSacr\u00e9 trio, donc.<\/p>\n","protected":false},"excerpt":{"rendered":"Johnny Hallyday, surnomm\u00e9 \u00e0 ses d\u00e9buts l\u2019idole des jeunes, a eu plus d\u2019une histoire d\u2019amour. Si les boomers&hellip;\n","protected":false},"author":2,"featured_media":519473,"comment_status":"","ping_status":"","sticky":false,"template":"","format":"standard","meta":{"footnotes":""},"categories":[1359],"tags":[905,58,59,1011,27,1304,973],"class_list":{"0":"post-519472","1":"post","2":"type-post","3":"status-publish","4":"format-standard","5":"has-post-thumbnail","7":"category-people","8":"tag-a-la-une-melty","9":"tag-divertissement","10":"tag-entertainment","11":"tag-fr","12":"tag-france","13":"tag-johnny-hallyday","14":"tag-people"},"share_on_mastodon":{"url":"https:\/\/pubeurope.com\/@fr\/115511427467470169","error":""},"_links":{"self":[{"href":"https:\/\/www.europesays.com\/fr\/wp-json\/wp\/v2\/posts\/519472","targetHints":{"allow":["GET"]}}],"collection":[{"href":"https:\/\/www.europesays.com\/fr\/wp-json\/wp\/v2\/posts"}],"about":[{"href":"https:\/\/www.europesays.com\/fr\/wp-json\/wp\/v2\/types\/post"}],"author":[{"embeddable":true,"href":"https:\/\/www.europesays.com\/fr\/wp-json\/wp\/v2\/users\/2"}],"replies":[{"embeddable":true,"href":"https:\/\/www.europesays.com\/fr\/wp-json\/wp\/v2\/comments?post=519472"}],"version-history":[{"count":0,"href":"https:\/\/www.europesays.com\/fr\/wp-json\/wp\/v2\/posts\/519472\/revisions"}],"wp:featuredmedia":[{"embeddable":true,"href":"https:\/\/www.europesays.com\/fr\/wp-json\/wp\/v2\/media\/519473"}],"wp:attachment":[{"href":"https:\/\/www.europesays.com\/fr\/wp-json\/wp\/v2\/media?parent=519472"}],"wp:term":[{"taxonomy":"category","embeddable":true,"href":"https:\/\/www.europesays.com\/fr\/wp-json\/wp\/v2\/categories?post=519472"},{"taxonomy":"post_tag","embeddable":true,"href":"https:\/\/www.europesays.com\/fr\/wp-json\/wp\/v2\/tags?post=519472"}],"curies":[{"name":"wp","href":"https:\/\/api.w.org\/{rel}","templated":true}]}}