{"id":519474,"date":"2025-11-08T01:14:31","date_gmt":"2025-11-08T01:14:31","guid":{"rendered":"https:\/\/www.europesays.com\/fr\/519474\/"},"modified":"2025-11-08T01:14:31","modified_gmt":"2025-11-08T01:14:31","slug":"tania-mouraud-entre-a-lacademie-des-beaux-arts-en-corsaire","status":"publish","type":"post","link":"https:\/\/www.europesays.com\/fr\/519474\/","title":{"rendered":"Tania Mouraud entre \u00e0 l\u2019Acad\u00e9mie des beaux-arts en corsaire"},"content":{"rendered":"<p class=\"editor-content__paragraph\">Sous la coupole du palais de<strong> l\u2019Institut de France<\/strong>, ce mercredi 5\u00a0novembre, <strong>Tania Mouraud<\/strong> a fait son entr\u00e9e \u00e0<strong> l\u2019Acad\u00e9mie des beaux-arts<\/strong>. \u00c0 83\u00a0ans, la pionni\u00e8re de l\u2019art conceptuel occupe d\u00e9sormais le<strong> fauteuil VIII de la section Peinture<\/strong>, succ\u00e9dant \u00e0 Guy de Rougemont. Connue pour son \u0153uvre prot\u00e9iforme et engag\u00e9e, l\u2019artiste rejoint une institution qui compte d\u00e9sormais<strong> 17\u00a0femmes parmi ses membres<\/strong> \u2013 un symbole qu\u2019elle a tenu \u00e0 souligner dans son discours d\u2019hommage \u00e0 son pr\u00e9d\u00e9cesseur. Avec<strong>\u00a0<a href=\"https:\/\/www.beauxarts.com\/expos\/nina-childress-peintre-au-coeur-punk-et-sans-entrave\/\" target=\"_blank\" rel=\"noopener\">Nina Childress<\/a><\/strong>, \u00e9lue elle aussi en mars 2024, elles deviennent les deux premi\u00e8res femmes \u00e0 int\u00e9grer la section Peinture de l\u2019Acad\u00e9mie. Une entr\u00e9e pour le moins historique.<\/p>\n<p class=\"editor-content__paragraph\">Comme le veut le protocole, <strong>la c\u00e9r\u00e9monie<\/strong> \u00e9tait pr\u00e9sid\u00e9e par Coline Serreau, accompagn\u00e9e du secr\u00e9taire perp\u00e9tuel Laurent Petitgirard et (en remplacement du vice-pr\u00e9sident Jean Gaumy) de l\u2019\u00e9crivain et historien de l\u2019art Adrien Goetz. Accueillis par la Garde r\u00e9publicaine, les acad\u00e9miciens ont <strong>pris place sous la coupole<\/strong> avant de laisser r\u00e9sonner les <strong>discours<\/strong>.<\/p>\n<p>Une \u0153uvre\u00a0radicale et engag\u00e9e<\/p>\n<p class=\"editor-content__paragraph\">Membre de la section Chor\u00e9graphie et marraine de cette installation, <strong>Blanca Li<\/strong> a salu\u00e9 \u00ab\u00a0une \u0153uvre construite comme un <strong>refus de l\u2019immobilisme, de l\u2019oubli et du silence<\/strong>\u00a0\u00bb, rappelant combien Tania Mouraud a fait du langage et de la peinture ses v\u00e9ritables armes de combat \u2013 elle, fille de parents engag\u00e9s dans la R\u00e9sistance. Un hommage vibrant \u00e0 une <strong>figure majeure de la sc\u00e8ne contemporaine<\/strong>, dont le parcours, depuis plus de six d\u00e9cennies, <strong>conjugue exp\u00e9rimentation et engagement<\/strong>.<\/p>\n<p>    <img loading=\"lazy\" decoding=\"async\" class=\"image__img\" src=\"https:\/\/www.europesays.com\/fr\/wp-content\/uploads\/2025\/11\/niveau3thomas-guignardweb-964x643.jpg\" alt=\"Niveau 3 de la Biblioth\u00e8que Publique d\u2019Information (BPI) o\u00f9 se trouve install\u00e9e l\u2019\u0153uvre \u00ab\u00a0Wysiwyg\u00a0\u00bb de Tania Mouraud (1989-2007)\" width=\"964\" height=\"643\"\/><\/p>\n<p>Niveau 3\u00a0de la Biblioth\u00e8que Publique d\u2019Information (BPI) o\u00f9 se trouve install\u00e9e l\u2019\u0153uvre \u00ab\u00a0Wysiwyg\u00a0\u00bb de Tania Mouraud (1989\u20132007)<\/p>\n<p>    i<\/p>\n<p class=\"legende__cartel\">\u00a9 Thomas Guignard \/ \u00a9 ADAGP, Paris 2020<\/p>\n<p class=\"editor-content__paragraph\">Artiste autodidacte, Tania Mouraud a marqu\u00e9 l\u2019histoire de l\u2019art par la<strong> radicalit\u00e9 de ses gestes<\/strong>. En 1968, elle <strong>br\u00fble l\u2019ensemble de ses toiles<\/strong> lors de son Autodaf\u00e9, acte fondateur par lequel elle s\u2019affranchit d\u00e9finitivement des cadres traditionnels, avant d\u2019<strong>investir l\u2019espace public, la photographie, la vid\u00e9o<\/strong> et le son. Elle se fait conna\u00eetre dans les ann\u00e9es 1970\u00a0avec ses <strong>interventions urbaines<\/strong>, performances critiques face \u00e0 la soci\u00e9t\u00e9 de consommation.<\/p>\n<p class=\"editor-content__paragraph\">Dans les ann\u00e9es 1990, elle invente <strong>ses embl\u00e9matiques \u00ab\u00a0Wall Paintings\u00a0\u00bb<\/strong>\u00a0: de vastes compositions murales o\u00f9 les mots se m\u00e9tamorphosent en labyrinthes abstraits. Plus r\u00e9cemment, avec <a href=\"https:\/\/www.beauxarts.com\/expos\/dans-la-tour-de-la-chaine-a-la-rochelle-une-video-immersive-de-tania-mouraud-emmene-sur-les-oceans-a-la-rencontre-des-baleines\/\" target=\"_blank\" rel=\"noopener\"><strong>Ad Infinitum<\/strong>, installation immersive pr\u00e9sent\u00e9e \u00e0 La Rochelle jusqu\u2019au 16\u00a0novembre<\/a>, elle invite le visiteur \u00e0 une <strong>m\u00e9ditation po\u00e9tique autour des baleines<\/strong>, film\u00e9es en noir et blanc dans la lagune mexicaine d\u2019Ojo de Liebre.<\/p>\n<p>        \u00c0 lire aussi :<br \/>\n        <a class=\"renvoi-explicite__link\" href=\"https:\/\/www.beauxarts.com\/grand-format\/where-is-the-unknown-le-mandala-existentiel-de-tania-mouraud\/\" target=\"_blank\" rel=\"noopener\">\u00ab Where is the unknown \u00bb, le mandala existentiel de Tania Mouraud<\/a><\/p>\n<p>Hommage aux femmes corsaires<\/p>\n<p class=\"editor-content__paragraph\">Moment fort de la c\u00e9r\u00e9monie, la remise de <strong>son \u00e9p\u00e9e d\u2019acad\u00e9micienne<\/strong> par son amie <strong>H\u00e9l\u00e8ne Guenin<\/strong>, directrice de la fondation Yves Klein et commissaire de sa r\u00e9trospective au Centre Pompidou-Metz en 2015, s\u2019est r\u00e9v\u00e9l\u00e9e particuli\u00e8rement \u00e9mouvante.<\/p>\n<p>    <img loading=\"lazy\" decoding=\"async\" class=\"image__img\" src=\"https:\/\/www.europesays.com\/fr\/wp-content\/uploads\/2025\/11\/webinstallation-tania-mouraud-credit-edouard-brane-7-964x723.jpg\" alt=\"\u00c0 l\u2019issue de la s\u00e9ance d\u2019installation, Madame H\u00e9l\u00e8ne Guenin, directrice de la Fondation Yves Klein lui a remis son \u00e9p\u00e9e d\u2019acad\u00e9micienne\" width=\"964\" height=\"723\"\/><\/p>\n<p>\u00c0 l\u2019issue de la s\u00e9ance d\u2019installation, Madame H\u00e9l\u00e8ne Guenin, directrice de la Fondation Yves Klein lui a remis son \u00e9p\u00e9e d\u2019acad\u00e9micienne, mercredi 5\u00a0novembre 2025<\/p>\n<p>    i<\/p>\n<p class=\"legende__cartel\">\u00a9 \u00c9douard Brane \/ Acad\u00e9mie des beaux-arts<\/p>\n<p class=\"editor-content__paragraph\"><strong>Con\u00e7ue par l\u2019artiste elle-m\u00eame<\/strong> et fa\u00e7onn\u00e9e par la maison Arthus Bertrand, cette pi\u00e8ce unique <strong>prend la forme d\u2019un sabre<\/strong> \u2013 en hommage aux femmes corsaires \u2013 grav\u00e9 de <strong>phrases en yiddish et en anglais<\/strong>, ainsi que des pr\u00e9noms de ses six petits-enfants et trois arri\u00e8re-petits-enfants. Rayonnante, Tania Mouraud l\u2019a brandie devant eux et sous les applaudissements \u00e0 tout rompre de l\u2019assistance. L\u2019artiste rebelle est <strong>d\u00e9sormais immortelle<\/strong>.<\/p>\n<p>        \u00c0 lire aussi :<br \/>\n        <a class=\"renvoi-explicite__link\" href=\"https:\/\/www.beauxarts.com\/lifestyle\/louis-vuitton-cree-lhabit-dacademicien-de-giuseppe-penone\/\" target=\"_blank\" rel=\"noopener\">Louis Vuitton cr\u00e9e l&rsquo;habit d&rsquo;acad\u00e9micien de Giuseppe Penone<\/a><\/p>\n<p>  Arrow<\/p>\n<p>Acad\u00e9mie des Beaux-Arts<\/p>\n<p class=\"annexe-content__infos\">23 Quai de Conti \u2022 75006 Paris<br \/><a href=\"http:\/\/www.academiedesbeauxarts.fr\" target=\"_blank\" rel=\"noopener\">www.academiedesbeauxarts.fr<\/a><\/p>\n","protected":false},"excerpt":{"rendered":"Sous la coupole du palais de l\u2019Institut de France, ce mercredi 5\u00a0novembre, Tania Mouraud a fait son entr\u00e9e&hellip;\n","protected":false},"author":2,"featured_media":519475,"comment_status":"","ping_status":"","sticky":false,"template":"","format":"standard","meta":{"footnotes":""},"categories":[1358],"tags":[29446,1396,1348,1384,1385,1386,58,59,1011,27,64045],"class_list":{"0":"post-519474","1":"post","2":"type-post","3":"status-publish","4":"format-standard","5":"has-post-thumbnail","7":"category-arts-et-design","8":"tag-academie-des-beaux-arts","9":"tag-art-contemporain","10":"tag-arts","11":"tag-arts-and-design","12":"tag-arts-et-design","13":"tag-design","14":"tag-divertissement","15":"tag-entertainment","16":"tag-fr","17":"tag-france","18":"tag-tania-mouraud"},"share_on_mastodon":{"url":"https:\/\/pubeurope.com\/@fr\/115511432425407124","error":""},"_links":{"self":[{"href":"https:\/\/www.europesays.com\/fr\/wp-json\/wp\/v2\/posts\/519474","targetHints":{"allow":["GET"]}}],"collection":[{"href":"https:\/\/www.europesays.com\/fr\/wp-json\/wp\/v2\/posts"}],"about":[{"href":"https:\/\/www.europesays.com\/fr\/wp-json\/wp\/v2\/types\/post"}],"author":[{"embeddable":true,"href":"https:\/\/www.europesays.com\/fr\/wp-json\/wp\/v2\/users\/2"}],"replies":[{"embeddable":true,"href":"https:\/\/www.europesays.com\/fr\/wp-json\/wp\/v2\/comments?post=519474"}],"version-history":[{"count":0,"href":"https:\/\/www.europesays.com\/fr\/wp-json\/wp\/v2\/posts\/519474\/revisions"}],"wp:featuredmedia":[{"embeddable":true,"href":"https:\/\/www.europesays.com\/fr\/wp-json\/wp\/v2\/media\/519475"}],"wp:attachment":[{"href":"https:\/\/www.europesays.com\/fr\/wp-json\/wp\/v2\/media?parent=519474"}],"wp:term":[{"taxonomy":"category","embeddable":true,"href":"https:\/\/www.europesays.com\/fr\/wp-json\/wp\/v2\/categories?post=519474"},{"taxonomy":"post_tag","embeddable":true,"href":"https:\/\/www.europesays.com\/fr\/wp-json\/wp\/v2\/tags?post=519474"}],"curies":[{"name":"wp","href":"https:\/\/api.w.org\/{rel}","templated":true}]}}