{"id":519476,"date":"2025-11-08T01:16:29","date_gmt":"2025-11-08T01:16:29","guid":{"rendered":"https:\/\/www.europesays.com\/fr\/519476\/"},"modified":"2025-11-08T01:16:29","modified_gmt":"2025-11-08T01:16:29","slug":"raymond-aabou-pousse-vers-la-sortie-son-coup-de-gueule-en-direct-sur-tbt9","status":"publish","type":"post","link":"https:\/\/www.europesays.com\/fr\/519476\/","title":{"rendered":"Raymond Aabou, \u00ab\u00a0pouss\u00e9 vers la sortie\u00a0\u00bb : son coup de gueule en direct sur \u00ab\u00a0TBT9\u00a0\u00bb"},"content":{"rendered":"<p>Depuis 2019, apr\u00e8s plusieurs passages ponctuels sur <strong>Touche pas \u00e0 mon poste<\/strong>, Raymond Aabou intervient de mani\u00e8re r\u00e9guli\u00e8re dans la quotidienne de <a href=\"https:\/\/www.public.fr\/tag\/cyril-hanouna\" target=\"_blank\" rel=\"noopener\">Cyril Hanouna<\/a>. <a href=\"https:\/\/www.public.fr\/tbt9-fabien-lecoeuvre-quitte-brutalement-le-plateau-apres-une-blague-de-matthieu-delormeau\" target=\"_blank\" rel=\"noopener\">Un chroniqueur<\/a> appr\u00e9ci\u00e9 par l\u2019animateur, mais aussi par les t\u00e9l\u00e9spectateurs, notamment pour son franc-parler.<\/p>\n<p>Le chauffeur-livreur n\u2019a jamais eu sa langue dans sa poche et continue de se montrer franc m\u00eame lorsque des millions de Fran\u00e7ais l\u2019\u00e9coutent devant leur poste de t\u00e9l\u00e9vision. Mais malgr\u00e9 toutes ces ann\u00e9es en tant que chroniqueur, Raymond n\u2019a toujours pas eu droit \u00e0 une place de parking pour se rendre \u00e0 son travail chaque soir.<\/p>\n<p>Une \u00ab\u00a0absence\u00a0\u00bb qui le chagrine et que le principal int\u00e9ress\u00e9 a souhait\u00e9 d\u00e9noncer ce vendredi 7 novembre 2025 sur <a href=\"https:\/\/www.public.fr\/tag\/tout-beau-tout-9\" target=\"_blank\" rel=\"noopener\">le plateau de <strong>TBT9<\/strong><\/a>. Au cours de la situation, <a href=\"https:\/\/vsd.fr\/tag\/cyril-hanouna\/\" target=\"_blank\" rel=\"noopener\">Cyril Hanouna<\/a> a invit\u00e9 son ami \u00e0 \u00e9voquer le probl\u00e8me qui le turlupine depuis quelque temps.\u00a0<\/p>\n<p>Raymond Aabou brise la glace et \u00e9voque un sujet qui le \u00ab\u00a0chagrine\u00a0\u00bb<\/p>\n<p>\u00ab\u00a0Est-ce que tu veux en parler ?\u00a0\u00bb, lui a demand\u00e9 l\u2019animateur, avant que Raymond ne r\u00e9torque : \u00ab\u00a0Je vais en parler si toi, tu as le temps qu&rsquo;on en parle. Histoire de crever l\u2019abc\u00e8s. Je ne suis pas \u00e9tonn\u00e9 du comportement de certaines personnes. <strong>Mais si tu veux qu&rsquo;on cr\u00e8ve l&rsquo;abc\u00e8s, on cr\u00e8ve l&rsquo;abc\u00e8s<\/strong>. Je ne voulais pas en parler en direct. Moi, je veux que \u00e7a reste en interne\u00a0\u00bb.<\/p>\n<p><strong>\u00ab\u00a0Alors si c&rsquo;est pour nuire ou si je d\u00e9range des gens\u00a0\u00bb<\/strong>, a poursuivi le chroniqueur, choquant l\u2019ensemble de ses confr\u00e8res et consoeurs autour de la table : \u00ab\u00a0Bah oui, je le dis face cam\u00e9ra. Si je d\u00e9range des gens, les gens viennent me voir et me disent\u00a0: \u2018On n&rsquo;aime pas ta gueule, on n&rsquo;aime pas ce que tu fais, on n&rsquo;aime pas tes prises de position\u2019\u00a0\u00bb. \u00ab\u00a0Et puis, et on se quitte bon copain, on boit un verre, le verre de l\u2019amiti\u00e9 (\u2026) <strong>J\u2019ai l&rsquo;impression que certaines personnes me poussent vers la sortie<\/strong>\u00ab\u00a0, a-t-il ajout\u00e9, faisant accro\u00eetre la surprise aupr\u00e8s des autres chroniqueurs.<\/p>\n<p>Finalement, Raymond Aabou a crev\u00e9 l\u2019abc\u00e8s en rappelant avoir demand\u00e9 une \u00ab\u00a0seule chose\u00a0\u00bb en arrivant sur <strong>TBT9<\/strong> (\u00e0 l\u2019\u00e9poque appel\u00e9e TPMP:ndlr) : <strong>\u00ab\u00a0Une place de parking\u00a0\u00bb. <\/strong><\/p>\n<p>Tout le monde dispose d&rsquo;une place de parking, sauf lui<\/p>\n<p>\u00ab\u00a0Les t\u00e9l\u00e9spectateurs sont t\u00e9moins. Moktar est t\u00e9moin. Tout le monde est t\u00e9moin (\u2026) J\u2019aimerais une place de parking pour les coups de pare-chocs, pour les pigeons qui font sur ta voiture, pour les amendes, parce que je suis un peu une pince\u00a0\u00bb, a \u00e9num\u00e9r\u00e9 Raymond avant de se plaindre de Soraya la maquilleuse, Mimi, et Shanna, fra\u00eechement arriv\u00e9e sur l\u2019\u00e9mission, <strong>disposant chacune d&rsquo;une place.<\/strong><\/p>\n<p>Celles-ci ayant chacune droit \u00e0 une place de parking contrairement au chauffeur livreur. Pire encore pour le chroniqueur, <strong>Danielle, \u00ab\u00a0qui ne conduit pas\u00a0\u00bb, aurait elle aussi une place de parking<\/strong>. Pour Raymond Aabou, c\u2019en est trop.\u00a0<\/p>\n<p>\u00ab\u00a0Alors, je suis all\u00e9 voir Amaury parce qu&rsquo;il s&rsquo;occupe de \u00e7a. Je vois les mecs, ils fanfaronnent avec leur badge, place 17, place 33, place 22. Je vais voir Amaury. J&rsquo;ai dit\u00a0: \u2018Amaury, dis-moi, tout le monde a des places de parking. Pourquoi moi, je n&rsquo;ai pas au moins contre le mur, la porte des toilettes, la porte des escaliers de secours, dans la pente m\u00eame ? Mettez-moi dans la pente du parking'\u00a0\u00bb, a-t-il confi\u00e9 sur le plateau de <strong>TBT9<\/strong> avant de regretter : \u00ab\u00a0Il me dit\u00a0: \u2018<strong>D\u00e9sol\u00e9, mon Raymond, il a fallu faire des choix\u2019<\/strong>\u00ab\u00a0. S\u2019il s\u2019agissait d\u2019humour de la part du chroniqueur, celui-ci esp\u00e8re n\u00e9anmoins obtenir une place de parking le plus t\u00f4t possible.\u00a0<\/p>\n<p>\n          Hits &amp; People en continu\n        <\/p>\n<p>\n          Public Radio\n        <\/p>\n<p>      Mentionn\u00e9s dans cet article<\/p>\n<p>      Sur le m\u00eame sujet<\/p>\n","protected":false},"excerpt":{"rendered":"Depuis 2019, apr\u00e8s plusieurs passages ponctuels sur Touche pas \u00e0 mon poste, Raymond Aabou intervient de mani\u00e8re r\u00e9guli\u00e8re&hellip;\n","protected":false},"author":2,"featured_media":519477,"comment_status":"","ping_status":"","sticky":false,"template":"","format":"standard","meta":{"footnotes":""},"categories":[1356],"tags":[1083,58,59,1011,27,252,22498,22497,1364,2395],"class_list":{"0":"post-519476","1":"post","2":"type-post","3":"status-publish","4":"format-standard","5":"has-post-thumbnail","7":"category-television","8":"tag-cyril-hanouna","9":"tag-divertissement","10":"tag-entertainment","11":"tag-fr","12":"tag-france","13":"tag-television","14":"tag-tout-9-tbt9","15":"tag-tout-beau","16":"tag-tv","17":"tag-w9"},"share_on_mastodon":{"url":"https:\/\/pubeurope.com\/@fr\/115511439339186629","error":""},"_links":{"self":[{"href":"https:\/\/www.europesays.com\/fr\/wp-json\/wp\/v2\/posts\/519476","targetHints":{"allow":["GET"]}}],"collection":[{"href":"https:\/\/www.europesays.com\/fr\/wp-json\/wp\/v2\/posts"}],"about":[{"href":"https:\/\/www.europesays.com\/fr\/wp-json\/wp\/v2\/types\/post"}],"author":[{"embeddable":true,"href":"https:\/\/www.europesays.com\/fr\/wp-json\/wp\/v2\/users\/2"}],"replies":[{"embeddable":true,"href":"https:\/\/www.europesays.com\/fr\/wp-json\/wp\/v2\/comments?post=519476"}],"version-history":[{"count":0,"href":"https:\/\/www.europesays.com\/fr\/wp-json\/wp\/v2\/posts\/519476\/revisions"}],"wp:featuredmedia":[{"embeddable":true,"href":"https:\/\/www.europesays.com\/fr\/wp-json\/wp\/v2\/media\/519477"}],"wp:attachment":[{"href":"https:\/\/www.europesays.com\/fr\/wp-json\/wp\/v2\/media?parent=519476"}],"wp:term":[{"taxonomy":"category","embeddable":true,"href":"https:\/\/www.europesays.com\/fr\/wp-json\/wp\/v2\/categories?post=519476"},{"taxonomy":"post_tag","embeddable":true,"href":"https:\/\/www.europesays.com\/fr\/wp-json\/wp\/v2\/tags?post=519476"}],"curies":[{"name":"wp","href":"https:\/\/api.w.org\/{rel}","templated":true}]}}