{"id":519480,"date":"2025-11-08T01:18:28","date_gmt":"2025-11-08T01:18:28","guid":{"rendered":"https:\/\/www.europesays.com\/fr\/519480\/"},"modified":"2025-11-08T01:18:28","modified_gmt":"2025-11-08T01:18:28","slug":"avec-baroudeurs-du-christ-jai-voulu-rendre-hommage-a-ces-missionnaires-qui-ont-tout-quitte","status":"publish","type":"post","link":"https:\/\/www.europesays.com\/fr\/519480\/","title":{"rendered":"\u00ab Avec Baroudeurs du Christ, j\u2019ai voulu rendre hommage \u00e0 ces missionnaires qui ont tout quitt\u00e9 \u00bb"},"content":{"rendered":"<p>\t<strong>Pourquoi avoir r\u00e9alis\u00e9 ce film, deux ans apr\u00e8s Sacerdoce ?<\/strong><\/p>\n<p>Dans <a href=\"https:\/\/www.baroudeursduchrist.com\/\" rel=\"NO FOLLOW noopener\" target=\"_blank\">Baroudeurs du Christ<\/a>, ce qui m\u2019int\u00e9ressait avant tout, c\u2019\u00e9tait de parler du statut tr\u00e8s particulier des pr\u00eatres missionnaires. Le grand public ignore souvent qu\u2019il en existe encore aujourd\u2019hui. On les imagine comme appartenant \u00e0 un autre temps \u2014 celui d\u2019il y a deux ou trois si\u00e8cles, associ\u00e9 parfois \u00e0 une vision du monde un peu colonialiste, avec des connotations souvent n\u00e9gatives positives. C\u2019\u00e9tait une fa\u00e7on de redorer leur blason.<\/p>\n<p>Au-del\u00e0 de \u00e7a, ce qui m\u2019a profond\u00e9ment touch\u00e9, c\u2019est leur approche. Il y a trois si\u00e8cles, le pape avait lanc\u00e9 un appel \u00e0 la mission en disant : \u00ab N\u2019apportez pas l\u2019Italie, la France ou l\u2019Espagne ; inculturez-vous. D\u00e9couvrez leur culture et ne changez rien, sauf si cela est absolument contraire \u00e0 la morale. \u00bb Cette vision est d\u2019une modernit\u00e9 incroyable. On d\u00e9couvre chez ces missionnaires une relation \u00e0 l\u2019autre d\u2019une grande beaut\u00e9, empreinte de nuance et de respect. Ils savent distinguer ce qui rel\u00e8ve de la culture et ce qui appartient \u00e0 la foi \u2014 une foi qui, en r\u00e9alit\u00e9, transcende la culture. C\u2019est cette histoire, et surtout cette approche, que j\u2019ai voulu raconter dans Baroudeurs du Christ.<\/p>\n<p><strong>Dans quels pays \u00eates-vous all\u00e9 pour rencontrer ces missionnaires ? <\/strong><\/p>\n<p>Nous sommes all\u00e9s dans cinq pays afin de montrer la diversit\u00e9 des missionnaires des Missions \u00e9trang\u00e8res de Paris. Cette soci\u00e9t\u00e9 de pr\u00eatres a une approche assez radicale de la mission\u00a0: sar ses pr\u00eatres ne choisissent pas le pays dans lequel ils sont envoy\u00e9s, et ils y restent toute leur vie. Cette radicalit\u00e9 m\u2019a beaucoup interpell\u00e9. Je connais bien le milieu missionnaire protestant, o\u00f9 les envoy\u00e9s partent en couple, puis en famille. Ici, on est face \u00e0 une vocation totalement donn\u00e9e.<\/p>\n<p>J\u2019ai d\u2019abord rencontr\u00e9 le p\u00e8re Will Conquer, au Cambodge. C\u2019est un jeune pr\u00eatre passionn\u00e9 par la culture et l\u2019histoire du pays. Il apprend la langue khm\u00e8re et s\u2019int\u00e9resse aux blessures profondes de ce peuple, marqu\u00e9 par la guerre et un lourd h\u00e9ritage historique.<\/p>\n<p>Notre avis : un film inspirant et fortifiant <\/p>\n<p>\u2764\u2764\u2764 Adultes et adolescents<\/p>\n<p>Depuis le XVIIesi\u00e8cle, les pr\u00eatres des Missions \u00e9trang\u00e8res de Paris sont envoy\u00e9s annoncer l\u2019\u00c9vangile \u00e0 l\u2019autre bout du monde, seuls au milieu des peuples, parfois au risque de leur vie. Comment ces hommes vivent-ils aujourd\u2019hui cette aventure hors du commun\u2009?<\/p>\n<p>Pour ce documentaire, le r\u00e9alisateur de\u00a0Sacerdoce\u00a0est parti \u00e0 la rencontre de cinq de ces\u00a0\u00ab\u2009baroudeurs du Christ\u2009\u00bb, du Cambodge \u00e0 Madagascar, de l\u2019Inde \u00e0 la Cor\u00e9e du Sud et Ta\u00efwan. Tout du long, on est touch\u00e9 par l\u2019effort de ces missionnaires pour s\u2019immerger en profondeur dans les cultures locales, et se faire proches des plus fragiles afin de leur signifier l\u2019amour de Dieu. Sans id\u00e9aliser ces vocations, montrant aussi les difficult\u00e9s travers\u00e9es, ce film t\u00e9moigne d\u2019une bouleversante radicalit\u00e9 au nom de J\u00e9sus. Inspirant et fortifiant.\u00a0<\/p>\n<p>Ensuite, il y a le p\u00e8re Laurent Bissara, en Inde. On lui a confi\u00e9 la direction de la fameuse \u00ab Cit\u00e9 de la joie \u00bb \u2014 celle du livre et du film bien connus. Il s\u2019occupe de plus de trois mille enfants dans les bidonvilles, dont beaucoup sont handicap\u00e9s. Il \u0153uvre au c\u0153ur m\u00eame de la pauvret\u00e9, aux c\u00f4t\u00e9s des s\u0153urs de Calcutta.\u00a0Nous avons aussi rencontr\u00e9 le p\u00e8re Philippe Blot, en Cor\u00e9e du Sud. Il accueille des r\u00e9fugi\u00e9s nord-cor\u00e9ens, exfiltr\u00e9s de leur pays, qui d\u00e9couvrent la libert\u00e9 \u2014 une libert\u00e9 nouvelle, y compris dans la foi.<\/p>\n<p>Puis, il y a le p\u00e8re Yves Moald, qui a cr\u00e9\u00e9 sa mission autour d\u2019une d\u00e9chetterie \u00e0 Ta\u00efwan. Il voulait agir concr\u00e8tement pour l\u2019\u00e9cologie. Cette d\u00e9chetterie est un lieu unique : elle emploie des personnes handicap\u00e9es mentales et des sortants de prison \u2014 ils sont environ soixante-dix \u00e0 y travailler. Ce qu\u2019il a b\u00e2ti l\u00e0 est tout simplement incroyable. Il a aujourd\u2019hui plus de quatre-vingts ans\u00a0!<\/p>\n<p>Enfin, nous sommes all\u00e9s \u00e0 Madagascar, \u00e0 Port-Berg\u00e9, dans le nord du pays, o\u00f9 vit le dernier pr\u00eatre que nous suivons, le p\u00e8re Gabriel de L\u00e9pinau. Sa mission se d\u00e9roule au c\u0153ur des tribus locales, dans un contexte marqu\u00e9 par les croyances ancestrales et le vaudou. Il s\u2019attache \u00e0 comprendre comment l\u2019\u00c9vangile peut rencontrer et dialoguer avec ces traditions.<\/p>\n<p><strong>Qu\u2019est-ce qui vous a marqu\u00e9 chez ces pr\u00eatres ? <\/strong><\/p>\n<p>Il y a d\u2019abord cette radicalit\u00e9 du don total : se donner enti\u00e8rement aux autres. Mais j\u2019ai aussi voulu, \u00e0 travers le film, poser la question de leur conscience au moment de leur engagement. Savent-ils vraiment, quand ils sont jeunes, dans quoi ils s\u2019embarquent ? Ont-ils mesur\u00e9 ce que cela implique de tenir dans la dur\u00e9e ? Les d\u00e9fis sont nombreux : la solitude, les \u00e9preuves \u00e9motionnelles, l\u2019affectivit\u00e9\u2026 Et comme ce sont des pr\u00eatres, on va les \u00ab gratter \u00bb un peu, les bousculer dans le film.<\/p>\n<p>Dans mon pr\u00e9c\u00e9dent film, Sacerdoce, j\u2019avais film\u00e9 des pr\u00eatres en France. Cette fois, j\u2019ai voulu les voir plong\u00e9s dans un contexte culturel compl\u00e8tement diff\u00e9rent, pour observer ce qu\u2019il reste de leur foi dans ce choc des cultures, et comment ils transmettent la connaissance de J\u00e9sus, cette rencontre qui transforme profond\u00e9ment. Comment s\u2019y prennent-ils concr\u00e8tement ?<\/p>\n<p>Et puis, au fil du tournage, on d\u00e9couvre aussi leurs maladresses, leurs fragilit\u00e9s. <a href=\"https:\/\/www.famillechretienne.fr\/45489\/article\/pourquoi-les-pretres-ne-sont-ils-pas-sans-peche\" target=\"_blank\" rel=\"noopener\">Ce ne sont pas des h\u00e9ros<\/a>, loin de l\u00e0. Ce sont des hommes, avec leurs limites, leurs doutes, leurs imperfections. Et c\u2019est pr\u00e9cis\u00e9ment ce qui rend leurs parcours si touchants. Malgr\u00e9 leur petitesse, de grandes choses se r\u00e9alisent \u00e0 travers eux.<\/p>\n<p><strong>Pourquoi avoir r\u00e9alis\u00e9 ce deuxi\u00e8me film ? On dirait que la figure du pr\u00eatre continue de vous interpeller, depuis longtemps.<\/strong><\/p>\n<p>Oui, on peut dire que c\u2019est un peu la suite de Sacerdoce, m\u00eame si les projets sont en partie distincts. Mais l\u2019origine de ce film remonte \u00e0 bien avant. Il y a une quinzaine d\u2019ann\u00e9es, j\u2019avais eu la chance de visiter une quinzaine de tribus \u00e0 travers le monde, pendant treize mois. Je voulais retrouver les tribus les plus recul\u00e9es \u2014 en Amazonie, en Afrique du Sud, en Asie\u2026 \u2014 et c\u2019\u00e9tait tr\u00e8s compliqu\u00e9 de les contacter avec ma cam\u00e9ra.\u00a0\u00c9tonnamment, ce n\u2019\u00e9taient pas les anthropologues qui m\u2019ont permis de faire le lien, mais les missionnaires. Pourquoi ? Parce qu\u2019ils apprennent la langue locale, parfois pendant des dizaines d\u2019ann\u00e9es, et deviennent extr\u00eamement subtils dans la ma\u00eetrise des langues ethniques. Ils tissent des amiti\u00e9s solides avec ces communaut\u00e9s, et cela m\u2019a offert, en tant que r\u00e9alisateur, une v\u00e9ritable passerelle.<\/p>\n<p>Je m\u2019\u00e9tais toujours promis de leur rendre hommage, de parler de ce statut tr\u00e8s particulier : celui de quitter sa famille, sa patrie, son histoire, et parfois m\u00eame sa carri\u00e8re. Qu\u2019est-ce que cela signifie vraiment ? Je voulais explorer ce don total, cette radicalit\u00e9 de se donner, apr\u00e8s un moment spirituel intense, une sorte de conversion profonde. Et puis, confronter ce fantasme \u00e0 la r\u00e9alit\u00e9 : la mission se joue sur le long terme, sur le terrain. Parfois, il y a peu de transformations visibles.\u00a0<\/p>\n<p>On \u00e9voque dans le film les \u00ab martyrs blancs\u00a0\u00bb et \u00ab martyrs rouges \u00bb. Les seconds sont ceux qui paient le prix du sang. \u00c0 Ta\u00efwan, par exemple, certains missionnaires savaient qu\u2019ils risquaient leur vie, car les \u00e9trangers n\u2019\u00e9taient pas accept\u00e9s \u2014 et pourtant, ils y sont all\u00e9s. Nous voulions comprendre cette tension entre engagement, danger et pers\u00e9v\u00e9rance.\u00a0Les \u00ab martyrs blancs\u00a0\u00bb, ce sont ceux qui pensent ne servir \u00e0 rien. Certains passent des ann\u00e9es sans que personne ne s\u2019int\u00e9resse \u00e0 leur travail, dans des pays compl\u00e8tement interdits. Mais ce qui ressort, c\u2019est leur humanit\u00e9.<\/p>\n<p><strong>Pourquoi ce titre, Baroudeurs du Christ ? Est-ce pour faire transpara\u00eetre le caract\u00e8re exigeant et aventureux de leur mission ?<\/strong><\/p>\n<p>Nous avons choisi ce titre parce qu\u2019il capture bien l\u2019esprit de ces pr\u00eatres. L\u2019expression existait d\u00e9j\u00e0 un peu, et certains se moquaient l\u00e9g\u00e8rement d\u2019eux, en disant qu\u2019ils n\u2019avaient aucune limite. Et c\u2019est vrai : ils sont capables de partir en Birmanie dans des zones de guerre, en Cor\u00e9e dans des contextes de tensions importantes, ou en Inde, o\u00f9 les situations peuvent \u00eatre extr\u00eamement complexes. Aujourd\u2019hui, par exemple, il est tr\u00e8s difficile d\u2019accompagner un enfant qui quitte l\u2019hindouisme. Ces missions impliquent de vrais risques.<\/p>\n<p>Mais au-del\u00e0 de cela, malgr\u00e9 leurs diff\u00e9rences, ces hommes partagent un attribut commun : l\u2019aventure et l\u2019exploration. Certains missionnaires ont red\u00e9couvert les routes d\u2019Angkor, dessin\u00e9 les paysages, \u00e9tudi\u00e9 des langues, traduit la Bible. D\u2019autres ont m\u00eame construit des villages ou mis en place des syst\u00e8mes d\u2019eau. Ce c\u00f4t\u00e9 \u00ab baroudeur \u00bb nous parle \u00e0 tous.<\/p>\n<p>Cela me fait penser \u00e0 saint Paul traversant la M\u00e9diterran\u00e9e, ou aux premiers disciples, qui allaient porter cette bonne nouvelle du Gospel \u2014 une parole qui transforme les vies et d\u00e9passe largement nos cultures occidentales. Si J\u00e9sus est vivant, si c\u2019est vraiment le Fils de Dieu, alors tout change. Et \u00e0 travers ces missions, on d\u00e9couvre comment cette foi peut rencontrer d\u2019autres cultures et les transformer \u00e9galement.<\/p>\n<p class=\"gr-meta gr-meta-author\"><a href=\"https:\/\/www.famillechretienne.fr\/antoine-pasquier-230\" target=\"_blank\" rel=\"noopener\">Antoine Pasquier<\/a><\/p>\n","protected":false},"excerpt":{"rendered":"Pourquoi avoir r\u00e9alis\u00e9 ce film, deux ans apr\u00e8s Sacerdoce ? Dans Baroudeurs du Christ, ce qui m\u2019int\u00e9ressait avant&hellip;\n","protected":false},"author":2,"featured_media":519481,"comment_status":"","ping_status":"","sticky":false,"template":"","format":"standard","meta":{"footnotes":""},"categories":[1354],"tags":[3396,64046,56912,58,59,1346,1011,27,4879,64048,1360,19080,2035,64047],"class_list":{"0":"post-519480","1":"post","2":"type-post","3":"status-publish","4":"format-standard","5":"has-post-thumbnail","7":"category-films","8":"tag-avec","9":"tag-baroudeurs","10":"tag-christ","11":"tag-divertissement","12":"tag-entertainment","13":"tag-films","14":"tag-fr","15":"tag-france","16":"tag-hommage","17":"tag-missionnaires","18":"tag-movies","19":"tag-quitte","20":"tag-rendre","21":"tag-voulu"},"share_on_mastodon":{"url":"https:\/\/pubeurope.com\/@fr\/115511447212309402","error":""},"_links":{"self":[{"href":"https:\/\/www.europesays.com\/fr\/wp-json\/wp\/v2\/posts\/519480","targetHints":{"allow":["GET"]}}],"collection":[{"href":"https:\/\/www.europesays.com\/fr\/wp-json\/wp\/v2\/posts"}],"about":[{"href":"https:\/\/www.europesays.com\/fr\/wp-json\/wp\/v2\/types\/post"}],"author":[{"embeddable":true,"href":"https:\/\/www.europesays.com\/fr\/wp-json\/wp\/v2\/users\/2"}],"replies":[{"embeddable":true,"href":"https:\/\/www.europesays.com\/fr\/wp-json\/wp\/v2\/comments?post=519480"}],"version-history":[{"count":0,"href":"https:\/\/www.europesays.com\/fr\/wp-json\/wp\/v2\/posts\/519480\/revisions"}],"wp:featuredmedia":[{"embeddable":true,"href":"https:\/\/www.europesays.com\/fr\/wp-json\/wp\/v2\/media\/519481"}],"wp:attachment":[{"href":"https:\/\/www.europesays.com\/fr\/wp-json\/wp\/v2\/media?parent=519480"}],"wp:term":[{"taxonomy":"category","embeddable":true,"href":"https:\/\/www.europesays.com\/fr\/wp-json\/wp\/v2\/categories?post=519480"},{"taxonomy":"post_tag","embeddable":true,"href":"https:\/\/www.europesays.com\/fr\/wp-json\/wp\/v2\/tags?post=519480"}],"curies":[{"name":"wp","href":"https:\/\/api.w.org\/{rel}","templated":true}]}}