{"id":519482,"date":"2025-11-08T01:19:17","date_gmt":"2025-11-08T01:19:17","guid":{"rendered":"https:\/\/www.europesays.com\/fr\/519482\/"},"modified":"2025-11-08T01:19:17","modified_gmt":"2025-11-08T01:19:17","slug":"voici-le-signe-ignore-n1-que-votre-visage-vieillit-selon-un-medecin","status":"publish","type":"post","link":"https:\/\/www.europesays.com\/fr\/519482\/","title":{"rendered":"Voici le signe ignor\u00e9 n\u00b01 que votre visage vieillit selon un m\u00e9decin"},"content":{"rendered":"<p class=\"post-excerpt\">Le vieillissement du visage est un<br \/>\nprocessus naturel que beaucoup cherchent \u00e0 retarder. Une m\u00e9decin<br \/>\nesth\u00e9tique r\u00e9v\u00e8le \u00e0 60 Millions de consommateurs ce signe peu connu<br \/>\net pourtant tr\u00e8s courant que votre visage vieillit.<\/p>\n<p>En mati\u00e8re de <strong>vieillissement<\/strong>, on parle beaucoup<br \/>\nde l\u00a0\u00bbimpact de la r\u00e9duction progressive des productions naturelles<br \/>\nde collag\u00e8ne et d\u2019\u00e9lastine de la peau, des prot\u00e9ines garantes de sa<br \/>\njeunesse qui finissent par se faire rares. Et pour cause, avec le<br \/>\nrel\u00e2chement cutan\u00e9 qui s\u2019installe, cela affaisse le visage et<br \/>\ncontrarie les courbes autrefois nettes de son ovale, tout comme des<br \/>\nzones plus pr\u00e9cises comme les <a href=\"https:\/\/www.aufeminin.com\/chirurgie\/paupieres-tombantes-voici-la-meilleure-solution-pour-les-lifter-et-rajeunir-le-regard-selon-un-expert-s4097313.html\" target=\"_blank\" rel=\"noopener\"><br \/>\npaupi\u00e8res tombantes<\/a> qui ferment le regard apr\u00e8s 50 ans.<\/p>\n<p>Tous ces <a href=\"https:\/\/www.aufeminin.com\/soins-visage\/votre-peau-vieillit-elle-bien-voici-les-5-signes-que-vous-avez-la-bonne-routine-s4084551.html\" target=\"_blank\" rel=\"noopener\"><br \/>\nsignes qu\u2019on vieillit<\/a> se lisent sur notre visage et nous m\u00e8nent<br \/>\nparfois \u00e0 envisager ou \u00e0 exp\u00e9rimenter des techniques de <a href=\"https:\/\/www.aufeminin.com\/beaute\/ce-chirurgien-esthetique-est-formel-60-millions-de-consommateurs-confirme-voici-le-geste-n1-a-faire-pour-dire-adieu-aux-rides-2672996.html\" target=\"_blank\" rel=\"noopener\"><br \/>\nm\u00e9decine esth\u00e9tique<\/a> qui sont cens\u00e9es nous aider \u00e0 retrouver un<br \/>\nvisage beaucoup plus jeune durablement. Toutefois, le Docteur<br \/>\nCatherine de Goursac, membre du conseil scientifique de<br \/>\nl\u2019Association fran\u00e7aise de <strong>m\u00e9decine esth\u00e9tique et<br \/>\nanti-\u00e2ge<\/strong> (AFME) intervenant aupr\u00e8s du magazine<br \/>\n<a href=\"https:\/\/bibliotheque.60millions-mag.com\/detail\/publication\/detail-top-right\/665\/60-millions-hors-serie-alimentation-et-sante-5044?issue_id=217213&amp;switch_toc=archives&amp;modal=open&amp;page=76\" target=\"_blank\" rel=\"nofollow noopener\"><strong>60 Millions de<br \/>\nconsommateurs<\/strong>,<\/a> souligne qu\u2019il y a aussi un<br \/>\n<strong>signe flagrant que votre visage vieilli<\/strong>t dont on<br \/>\nparle peu : son <strong>asym\u00e9trie<\/strong>.<\/p>\n<p>Ce signe que vous ignorez est celui que votre visage vieillit<br \/>\nselon une m\u00e9decin esth\u00e9tique<\/p>\n<p>Mettant en garde les personnes int\u00e9ress\u00e9es par la chirurgie<br \/>\nesth\u00e9tique contre certaines d\u00e9rives de la pratique qui peuvent<br \/>\nfaire plus de mal que de bien, la m\u00e9decin esth\u00e9tique \u00e9voque ce<br \/>\nsigne de l\u2019\u00e2ge dont personne ne parle. \u201cNous sommes tous<br \/>\nasym\u00e9tiques\u201d, rappelle-t-elle en pr\u00e9ambule, avant d\u2019expliquer<br \/>\nque loin d\u2019\u00eatre anodin, le fait de rep\u00e9rer de plus en plus nos<br \/>\ntraits qui manquent de sym\u00e9trie n\u2019est pas sans raison quand on<br \/>\nprend de l\u2019\u00e2ge.<\/p>\n<p>\u201cCette asym\u00e9trie se voit plus avec l\u2019\u00e2ge, lorsque l\u2019on perd<br \/>\nle c\u00f4t\u00e9 rebondie de la jeunesse\u201d, r\u00e9v\u00e8le l\u2019experte. Si on<br \/>\navait tendance \u00e0 croire que la profondeur des rides \u00e9tait le seul<br \/>\nsigne d\u2019une peau plus mature, la perte des volumes du visage peut<br \/>\ndonc aussi accentuer le manque de sym\u00e9trie de notre visage. \u00c0 cela<br \/>\ns\u2019ajoute aussi notre mani\u00e8re de nous voir tr\u00e8s fluctuante, qui est<br \/>\ntr\u00e8s diff\u00e9rente de la mani\u00e8re dont les autres nous per\u00e7oivent, qui<br \/>\npeut donner \u00e0 ce changement dans notre visage un impact bien plus<br \/>\ngrand \u00e0 nos yeux qu\u2019il ne l\u2019est r\u00e9ellement. \u201cOn se voit<br \/>\ntoujours dans un miroir, donc \u00e0 l\u2019envers, et, de plus, tr\u00e8s souvent<br \/>\non se juge mal : prenez une photo d\u2019il y a dix ans, vous vous<br \/>\ntrouverez sans doute pas mal alors, qu\u2019\u00e0 l\u2019\u00e9poque, vous vous<br \/>\ntrouviez des d\u00e9fauts\u201d, assure l\u2019experte en m\u00e9decine<br \/>\nesth\u00e9tique.<\/p>\n<p><img loading=\"lazy\" decoding=\"async\" itemprop=\"thumbnailUrl\" class=\"alignnone wp-image-2673573 img-responsive size-large pinit-here\" src=\"https:\/\/www.europesays.com\/fr\/wp-content\/uploads\/2025\/11\/anti-age-medecin-esthetique-formel-signe-ignore-que-visage-vieillit-60-millions-de-consommateurs-102.jpeg\" alt=\"\" width=\"1024\" height=\"529\" data-pin-media=\"https:\/\/sf1.afcdn.com\/wp-content\/uploads\/aufeminin\/2025\/11\/anti-age-medecin-esthetique-formel-signe-ignore-que-visage-vieillit-60-millions-de-consommateurs-736x380.jpg\"\/><br \/>\n\u00a9 Shutterstock<br \/>\n\/ Anna Zhukkova<\/p>\n<p>Anti-\u00e2ge : les injections ne sont pas toujours une solution<br \/>\nselon la m\u00e9decin esth\u00e9tique<\/p>\n<p>En apprenant cela, on pourrait se dire que les injections pour<br \/>\nle visage comme les injections d\u2019acide hyaluronique qui peuvent<br \/>\nrepulper la peau ou redonner du volume sur des zones strat\u00e9giques<br \/>\ndu visage, sont les solutions miracles. Toutefois, le Docteur<br \/>\nCatherine de Goursac met en garde contre les risques des injections<br \/>\nmal faites. S\u2019exprimant en tant que membre du conseil scientifique<br \/>\nde l\u2019Association fran\u00e7aise de m\u00e9decine esth\u00e9tique et anti-\u00e2ge, elle<br \/>\nassure : \u201cNous pensons qu\u2019injecter t\u00f4t peut \u00eatre d\u00e9l\u00e9t\u00e8re,<br \/>\nd\u00e9former le visage\u201d.<\/p>\n<p>Si jamais l\u2019asym\u00e9trie grandissante de votre visage vous g\u00eane,<br \/>\nsurtout, ne cherchez pas \u00e0 vous faire injecter \u00e0 tout prix. Le<br \/>\nmieux reste de discuter avec un professionnel comp\u00e9tent qui va<br \/>\npouvoir vous indiquer les techniques les plus efficaces et adapt\u00e9es<br \/>\n\u00e0 votre cas avant d&rsquo;envisager quoi que ce soit.<\/p>\n<p>Source<\/p>\n<p>60millions-mag.com<\/p>\n","protected":false},"excerpt":{"rendered":"Le vieillissement du visage est un processus naturel que beaucoup cherchent \u00e0 retarder. Une m\u00e9decin esth\u00e9tique r\u00e9v\u00e8le \u00e0&hellip;\n","protected":false},"author":2,"featured_media":519483,"comment_status":"","ping_status":"","sticky":false,"template":"","format":"standard","meta":{"footnotes":""},"categories":[10],"tags":[11608,1011,27,72,224,64049,71],"class_list":{"0":"post-519482","1":"post","2":"type-post","3":"status-publish","4":"format-standard","5":"has-post-thumbnail","7":"category-sante","8":"tag-chirurgie-esthetique","9":"tag-fr","10":"tag-france","11":"tag-health","12":"tag-medecine","13":"tag-rides","14":"tag-sante"},"share_on_mastodon":{"url":"https:\/\/pubeurope.com\/@fr\/115511451473151984","error":""},"_links":{"self":[{"href":"https:\/\/www.europesays.com\/fr\/wp-json\/wp\/v2\/posts\/519482","targetHints":{"allow":["GET"]}}],"collection":[{"href":"https:\/\/www.europesays.com\/fr\/wp-json\/wp\/v2\/posts"}],"about":[{"href":"https:\/\/www.europesays.com\/fr\/wp-json\/wp\/v2\/types\/post"}],"author":[{"embeddable":true,"href":"https:\/\/www.europesays.com\/fr\/wp-json\/wp\/v2\/users\/2"}],"replies":[{"embeddable":true,"href":"https:\/\/www.europesays.com\/fr\/wp-json\/wp\/v2\/comments?post=519482"}],"version-history":[{"count":0,"href":"https:\/\/www.europesays.com\/fr\/wp-json\/wp\/v2\/posts\/519482\/revisions"}],"wp:featuredmedia":[{"embeddable":true,"href":"https:\/\/www.europesays.com\/fr\/wp-json\/wp\/v2\/media\/519483"}],"wp:attachment":[{"href":"https:\/\/www.europesays.com\/fr\/wp-json\/wp\/v2\/media?parent=519482"}],"wp:term":[{"taxonomy":"category","embeddable":true,"href":"https:\/\/www.europesays.com\/fr\/wp-json\/wp\/v2\/categories?post=519482"},{"taxonomy":"post_tag","embeddable":true,"href":"https:\/\/www.europesays.com\/fr\/wp-json\/wp\/v2\/tags?post=519482"}],"curies":[{"name":"wp","href":"https:\/\/api.w.org\/{rel}","templated":true}]}}