{"id":519491,"date":"2025-11-08T01:24:18","date_gmt":"2025-11-08T01:24:18","guid":{"rendered":"https:\/\/www.europesays.com\/fr\/519491\/"},"modified":"2025-11-08T01:24:18","modified_gmt":"2025-11-08T01:24:18","slug":"les-etats-unis-accusent-liran-davoir-voulu-assassiner-lambassadrice-disrael-au-mexique","status":"publish","type":"post","link":"https:\/\/www.europesays.com\/fr\/519491\/","title":{"rendered":"Les Etats-Unis accusent l\u2019Iran d\u2019avoir voulu assassiner l\u2019ambassadrice d\u2019Isra\u00ebl au Mexique"},"content":{"rendered":"<p>Les <a href=\"https:\/\/www.20minutes.fr\/monde\/etats-unis\/\" target=\"_blank\" class=\"c-link c-link--is-underlined\" rel=\"noopener\">Etats-Unis<\/a> ont affirm\u00e9 vendredi avoir d\u00e9jou\u00e9 un complot iranien visant l\u2019ambassadrice d\u2019<a href=\"https:\/\/www.20minutes.fr\/monde\/israel\/\" target=\"_blank\" class=\"c-link c-link--is-underlined\" rel=\"noopener\">Isra\u00ebl<\/a> au <a href=\"https:\/\/www.20minutes.fr\/dossier\/mexique\" target=\"_blank\" class=\"c-link c-link--is-underlined\" rel=\"noopener\">Mexique<\/a>, une affaire qui s\u2019inscrit dans la mont\u00e9e continue des tensions entre T\u00e9h\u00e9ran et J\u00e9rusalem apr\u00e8s une ann\u00e9e d\u2019escalade militaire sans pr\u00e9c\u00e9dent.<\/p>\n<p>Selon un responsable am\u00e9ricain, \u00ab\u00a0le complot a \u00e9t\u00e9 d\u00e9jou\u00e9 et ne repr\u00e9sente pas actuellement une menace\u00a0\u00bb. D\u2019apr\u00e8s cette m\u00eame source, l\u2019op\u00e9ration aurait \u00e9t\u00e9 planifi\u00e9e d\u00e8s\u00a02024 par la Force Qods, la branche des op\u00e9rations ext\u00e9rieures des <a href=\"https:\/\/www.20minutes.fr\/monde\/israel\/4158913-20250617-iran-gardiens-revolution-dont-hauts-responsables-vises-israel\" target=\"_blank\" class=\"c-link c-link--is-underlined\" rel=\"noopener\">Gardiens de la R\u00e9volution<\/a>. \u00ab\u00a0Ce n\u2019est que le dernier \u00e9pisode d\u2019une longue s\u00e9rie d\u2019attaques meurtri\u00e8res perp\u00e9tr\u00e9es par l\u2019<a href=\"https:\/\/www.20minutes.fr\/monde\/iran\/\" target=\"_blank\" class=\"c-link c-link--is-underlined\" rel=\"noopener\">Iran<\/a> visant des diplomates, journalistes, dissidents et toute personne en d\u00e9saccord avec eux\u00a0\u00bb, a ajout\u00e9 le responsable.<\/p>\n<p>Aucun commentaire du c\u00f4t\u00e9 iranien<\/p>\n<p>Aucune preuve concr\u00e8te ni d\u00e9tails n\u2019ont toutefois \u00e9t\u00e9 fournis. Dans la nuit de jeudi \u00e0 vendredi, l&rsquo;Iran a affirm\u00e9 qu&rsquo;\u00ab il s&rsquo;agit d&rsquo;une invention m\u00e9diatique, d&rsquo;un mensonge \u00e9hont\u00e9, dont l&rsquo;objectif est de nuire aux relations amicales et historiques entre les deux pays, ce que nous rejetons cat\u00e9goriquement \u00bb. Les services de renseignement am\u00e9ricains avaient d\u00e9j\u00e0 signal\u00e9 l\u2019activit\u00e9 d\u2019agents iraniens en Am\u00e9rique latine, notamment dans des pays alli\u00e9s de <a href=\"https:\/\/www.20minutes.fr\/monde\/teheran\/\" target=\"_blank\" class=\"c-link c-link--is-underlined\" rel=\"noopener\">T\u00e9h\u00e9ran<\/a> comme le Venezuela de Nicol\u00e1s Maduro.<\/p>\n<\/p>\n<p>Du c\u00f4t\u00e9 isra\u00e9lien, le minist\u00e8re des Affaires \u00e9trang\u00e8res a salu\u00e9 l\u2019action des autorit\u00e9s mexicaines. \u00ab\u00a0Nous remercions les services de s\u00e9curit\u00e9 et les forces de l\u2019ordre au Mexique d\u2019avoir d\u00e9jou\u00e9 un r\u00e9seau terroriste dirig\u00e9 par l\u2019Iran qui cherchait \u00e0 attaquer l\u2019ambassadrice d\u2019Isra\u00ebl au Mexique\u00a0\u00bb, a d\u00e9clar\u00e9 Einat Kranz Neiger dans un bref communiqu\u00e9.<\/p>\n<p>Repr\u00e9sailles apr\u00e8s les attaques d\u2019Isra\u00ebl contre T\u00e9h\u00e9ran<\/p>\n<p>Ce projet d\u2019attentat serait n\u00e9 apr\u00e8s les <a href=\"https:\/\/www.20minutes.fr\/dossier\/frappes_aeriennes\" target=\"_blank\" class=\"c-link c-link--is-underlined\" rel=\"noopener\">frappes a\u00e9riennes<\/a> imput\u00e9es \u00e0 Isra\u00ebl en avril\u00a02024 contre l\u2019annexe consulaire de l\u2019ambassade d\u2019Iran \u00e0 Damas. Cette attaque, qui avait tu\u00e9 plusieurs membres des Gardiens de la R\u00e9volution, avait entra\u00een\u00e9 une s\u00e9rie de repr\u00e9sailles r\u00e9gionales. T\u00e9h\u00e9ran, soutien du <a href=\"https:\/\/www.20minutes.fr\/monde\/hamas\/\" target=\"_blank\" class=\"c-link c-link--is-underlined\" rel=\"noopener\">Hamas<\/a> palestinien, avait lanc\u00e9 une pluie de missiles et de drones sur Isra\u00ebl, avant qu\u2019une guerre \u00e9clair de douze jours n\u2019\u00e9clate en juin.<\/p>\n<p><a href=\"https:\/\/www.20minutes.fr\/monde\/iran\/\" target=\"_blank\" class=\"c-link c-btn c-btn--primary\" rel=\"noopener\">Notre dossier sur l&rsquo;Iran<\/a><\/p>\n<p>La Force Qods, d\u00e9j\u00e0 accus\u00e9e d\u2019avoir orchestr\u00e9 plusieurs attaques \u00e0 l\u2019\u00e9tranger, est depuis longtemps dans le viseur des services occidentaux. En\u00a02024, l\u2019Australie avait expuls\u00e9 l\u2019ambassadeur d\u2019Iran, l\u2019accusant d\u2019\u00eatre impliqu\u00e9 dans deux incendies criminels contre une synagogue \u00e0 Melbourne et un restaurant casher \u00e0 Sydney. En\u00a01994, l\u2019attentat contre un centre communautaire juif \u00e0 Buenos Aires, ayant fait 85 morts, avait \u00e9t\u00e9 attribu\u00e9 par Isra\u00ebl au <a href=\"https:\/\/www.20minutes.fr\/monde\/hezbollah\/\" target=\"_blank\" class=\"c-link c-link--is-underlined\" rel=\"noopener\">Hezbollah<\/a>, agissant selon lui \u00e0 la demande directe de T\u00e9h\u00e9ran.<\/p>\n","protected":false},"excerpt":{"rendered":"Les Etats-Unis ont affirm\u00e9 vendredi avoir d\u00e9jou\u00e9 un complot iranien visant l\u2019ambassadrice d\u2019Isra\u00ebl au Mexique, une affaire qui&hellip;\n","protected":false},"author":2,"featured_media":519492,"comment_status":"","ping_status":"","sticky":false,"template":"","format":"standard","meta":{"footnotes":""},"categories":[5],"tags":[47,11,1903,73,1011,27,14,3019,5697,74,12,27466,5158,28],"class_list":{"0":"post-519491","1":"post","2":"type-post","3":"status-publish","4":"format-standard","5":"has-post-thumbnail","7":"category-international","8":"tag-actualite","9":"tag-actualites","10":"tag-ambassadeur","11":"tag-etats-unis","12":"tag-fr","13":"tag-france","14":"tag-international","15":"tag-iran","16":"tag-mexique","17":"tag-monde","18":"tag-news","19":"tag-service-secret","20":"tag-tentative-dassassinat","21":"tag-world"},"share_on_mastodon":{"url":"https:\/\/pubeurope.com\/@fr\/115511470678859136","error":""},"_links":{"self":[{"href":"https:\/\/www.europesays.com\/fr\/wp-json\/wp\/v2\/posts\/519491","targetHints":{"allow":["GET"]}}],"collection":[{"href":"https:\/\/www.europesays.com\/fr\/wp-json\/wp\/v2\/posts"}],"about":[{"href":"https:\/\/www.europesays.com\/fr\/wp-json\/wp\/v2\/types\/post"}],"author":[{"embeddable":true,"href":"https:\/\/www.europesays.com\/fr\/wp-json\/wp\/v2\/users\/2"}],"replies":[{"embeddable":true,"href":"https:\/\/www.europesays.com\/fr\/wp-json\/wp\/v2\/comments?post=519491"}],"version-history":[{"count":0,"href":"https:\/\/www.europesays.com\/fr\/wp-json\/wp\/v2\/posts\/519491\/revisions"}],"wp:featuredmedia":[{"embeddable":true,"href":"https:\/\/www.europesays.com\/fr\/wp-json\/wp\/v2\/media\/519492"}],"wp:attachment":[{"href":"https:\/\/www.europesays.com\/fr\/wp-json\/wp\/v2\/media?parent=519491"}],"wp:term":[{"taxonomy":"category","embeddable":true,"href":"https:\/\/www.europesays.com\/fr\/wp-json\/wp\/v2\/categories?post=519491"},{"taxonomy":"post_tag","embeddable":true,"href":"https:\/\/www.europesays.com\/fr\/wp-json\/wp\/v2\/tags?post=519491"}],"curies":[{"name":"wp","href":"https:\/\/api.w.org\/{rel}","templated":true}]}}