{"id":519493,"date":"2025-11-08T01:25:13","date_gmt":"2025-11-08T01:25:13","guid":{"rendered":"https:\/\/www.europesays.com\/fr\/519493\/"},"modified":"2025-11-08T01:25:13","modified_gmt":"2025-11-08T01:25:13","slug":"le-gouvernement-se-felicite-dune-victoire-fondamentale-apres-son-ultimatum","status":"publish","type":"post","link":"https:\/\/www.europesays.com\/fr\/519493\/","title":{"rendered":"le gouvernement se f\u00e9licite d\u2019une \u00ab\u00a0victoire fondamentale\u00a0\u00bb apr\u00e8s son ultimatum"},"content":{"rendered":"<p>        <img decoding=\"async\" loading=\"lazy\" src=\"https:\/\/www.europesays.com\/fr\/wp-content\/uploads\/2025\/11\/6205a68_upload-1-ovpkgzxruqxw-afp-20251107-hl-souzounoff-2948255-v1-highres-francesheinbhvnewstore.j.jpeg\"  width=\"728\" height=\"409\" alt=\"L\u2019espace d\u00e9di\u00e9 \u00e0 la premi\u00e8re boutique Shein au 6e \u00e9tage du Bazar de l\u2019H\u00f4tel de Ville (BHV), \u00e0 Paris, le 5\u00a0novembre 2025. \"\/>  <\/p>\n<p>STEPHANE OUZOUNOFF \/ Hans Lucas via AFP<\/p>\n<p>L\u2019espace d\u00e9di\u00e9 \u00e0 la premi\u00e8re boutique Shein au 6e \u00e9tage du Bazar de l\u2019H\u00f4tel de Ville (BHV), \u00e0 Paris, le 5\u00a0novembre 2025. <\/p>\n<p class=\"asset asset-text\">SHEIN &#8211; Le gouvernement se f\u00e9licite d\u2019une \u00ab\u00a0victoire fondamentale\u00a0\u00bb. <a href=\"https:\/\/www.huffingtonpost.fr\/politique\/article\/la-proposition-de-rencontre-du-patron-de-shein-balayee-par-le-ministre-du-commerce_256906.html\" target=\"_blank\" rel=\"noopener\">La plateforme asiatique Shein<\/a> \u00e9chappe pour l\u2019heure \u00e0 une suspension en France, o\u00f9 elle ne vend plus \u00ab\u00a0aucun produit illicite\u00a0\u00bb en ligne mais reste \u00ab\u00a0sous surveillance rapproch\u00e9e des services de l\u2019\u00c9tat\u00a0\u00bb.<\/p>\n<p class=\"asset asset-text\">\u00ab\u00a0Les proc\u00e9dures judiciaires \u00e0 l\u2019encontre de Shein continuent\u00a0\u00bb, a pr\u00e9cis\u00e9 dans un communiqu\u00e9 <a href=\"https:\/\/www.huffingtonpost.fr\/tech-futurs\/article\/face-au-scandale-des-poupees-pedopornographiques-shein-que-peut-faire-le-gouvernement_256708.html\" target=\"_blank\" rel=\"noopener\">le gouvernement fran\u00e7ais<\/a> ce vendredi 7\u00a0novembre, qui engagera \u00e9galement \u00ab\u00a0dans les prochains jours de nouvelles proc\u00e9dures\u00a0\u00bb \u00e0 l\u2019encontre d\u2019autres plateformes o\u00f9 a \u00e9t\u00e9 constat\u00e9e \u00ab\u00a0la vente de produits illicites\u00a0\u00bb.<\/p>\n<p class=\"asset asset-text\">Les pouvoirs publics avaient donn\u00e9 mercredi 48\u00a0heures \u00e0 <a href=\"https:\/\/www.huffingtonpost.fr\/france\/article\/si-vous-avez-commande-sur-shein-vos-colis-risquent-de-ne-pas-arriver-tout-de-suite_256873.html\" target=\"_blank\" rel=\"noopener\">Shein<\/a> pour se mettre en conformit\u00e9 avec la loi apr\u00e8s la d\u00e9couverte sur son site de poup\u00e9es sexuelles d\u2019apparence enfantine et d\u2019armes de cat\u00e9gorie A.<\/p>\n<p class=\"asset asset-text\">Dans un communiqu\u00e9 ce vendredi, le gouvernement annonce avoir \u00ab\u00a0obtenu la suppression par Shein de tous les produits illicites vendus sur sa plateforme\u00a0\u00bb. Ce r\u00e9sultat d\u00e9coule de la d\u00e9cision de la plateforme de suspendre sa \u00ab\u00a0marketplace\u00a0\u00bb o\u00f9 sont propos\u00e9s les produits de vendeurs tiers.<\/p>\n<p class=\"asset asset-text\">La direction de la R\u00e9pression des fraudes a fait le constat qu\u2019il n\u2019y avait \u00ab\u00a0plus aucun produit illicite (objets \u00e0 caract\u00e8re p\u00e9dopornographique, armes blanches, m\u00e9dicaments&#8230;\u00a0etc.) en vente sur Shein\u00a0\u00bb, selon le gouvernement, qui y voit une \u00ab\u00a0victoire fondamentale\u00a0\u00bb pour les consommateurs et l\u2019ordre public.<\/p>\n<p>    Shein est loin d\u2019\u00eatre sortie d\u2019affaires    <\/p>\n<p class=\"asset asset-text\">Un nouveau point de situation est pr\u00e9vu la semaine prochaine \u00e0 la demande du Premier ministre <a href=\"https:\/\/www.huffingtonpost.fr\/politique\/article\/un-budget-par-ordonnances-l-inconnue-a-44-milliards-de-sebastien-lecornu_256752.html\" target=\"_blank\" rel=\"noopener\">S\u00e9bastien Lecornu<\/a>.<\/p>\n<p class=\"asset asset-text\">Mais Shein est loin d\u2019\u00eatre sortie d\u2019affaires. Le minist\u00e8re de l\u2019Int\u00e9rieur a saisi ce vendredi le tribunal judiciaire de Paris dans le but de \u00ab\u00a0faire cesser les graves dommages \u00e0 l\u2019ordre public caus\u00e9s par les d\u00e9faillances r\u00e9p\u00e9t\u00e9es de Shein\u00a0\u00bb, selon le gouvernement.<\/p>\n<p class=\"asset asset-text\">En outre, concernant la vente de poup\u00e9es \u00e0 caract\u00e8re p\u00e9dopornographique, quatre enqu\u00eates confi\u00e9es par le parquet de Paris \u00e0 l\u2019Office mineurs sont en cours, selon la m\u00eame source.<\/p>\n<p class=\"asset asset-text\">La France a \u00e9galement envoy\u00e9 une demande d\u2019enqu\u00eate \u00e0 la Commission europ\u00e9enne \u00ab\u00a0qui a reconnu la gravit\u00e9 de la situation\u00a0\u00bb.<\/p>\n<p class=\"asset asset-text\">Plus g\u00e9n\u00e9ralement, \u00ab\u00a0les autorit\u00e9s suivront activement l\u2019\u00e9volution de la plateforme, en particulier le maintien de toutes les mesures conservatoires prises par Shein\u00a0\u00bb, le gouvernement promettant de prendre \u00ab\u00a0toutes les mesures n\u00e9cessaires pour emp\u00eacher la commercialisation de tout produit illicite\u00a0\u00bb. Les autres plateformes dans le viseur du gouvernement n\u2019ont pas \u00e9t\u00e9 nomm\u00e9es.<\/p>\n","protected":false},"excerpt":{"rendered":"STEPHANE OUZOUNOFF \/ Hans Lucas via AFP L\u2019espace d\u00e9di\u00e9 \u00e0 la premi\u00e8re boutique Shein au 6e \u00e9tage du&hellip;\n","protected":false},"author":2,"featured_media":519494,"comment_status":"","ping_status":"","sticky":false,"template":"","format":"standard","meta":{"footnotes":""},"categories":[4],"tags":[11,1011,27,418,12,316,25,1104],"class_list":{"0":"post-519493","1":"post","2":"type-post","3":"status-publish","4":"format-standard","5":"has-post-thumbnail","7":"category-france","8":"tag-actualites","9":"tag-fr","10":"tag-france","11":"tag-gouvernement","12":"tag-news","13":"tag-politique","14":"tag-republique-francaise","15":"tag-shein"},"share_on_mastodon":{"url":"https:\/\/pubeurope.com\/@fr\/115511475068448693","error":""},"_links":{"self":[{"href":"https:\/\/www.europesays.com\/fr\/wp-json\/wp\/v2\/posts\/519493","targetHints":{"allow":["GET"]}}],"collection":[{"href":"https:\/\/www.europesays.com\/fr\/wp-json\/wp\/v2\/posts"}],"about":[{"href":"https:\/\/www.europesays.com\/fr\/wp-json\/wp\/v2\/types\/post"}],"author":[{"embeddable":true,"href":"https:\/\/www.europesays.com\/fr\/wp-json\/wp\/v2\/users\/2"}],"replies":[{"embeddable":true,"href":"https:\/\/www.europesays.com\/fr\/wp-json\/wp\/v2\/comments?post=519493"}],"version-history":[{"count":0,"href":"https:\/\/www.europesays.com\/fr\/wp-json\/wp\/v2\/posts\/519493\/revisions"}],"wp:featuredmedia":[{"embeddable":true,"href":"https:\/\/www.europesays.com\/fr\/wp-json\/wp\/v2\/media\/519494"}],"wp:attachment":[{"href":"https:\/\/www.europesays.com\/fr\/wp-json\/wp\/v2\/media?parent=519493"}],"wp:term":[{"taxonomy":"category","embeddable":true,"href":"https:\/\/www.europesays.com\/fr\/wp-json\/wp\/v2\/categories?post=519493"},{"taxonomy":"post_tag","embeddable":true,"href":"https:\/\/www.europesays.com\/fr\/wp-json\/wp\/v2\/tags?post=519493"}],"curies":[{"name":"wp","href":"https:\/\/api.w.org\/{rel}","templated":true}]}}