{"id":519495,"date":"2025-11-08T01:26:21","date_gmt":"2025-11-08T01:26:21","guid":{"rendered":"https:\/\/www.europesays.com\/fr\/519495\/"},"modified":"2025-11-08T01:26:21","modified_gmt":"2025-11-08T01:26:21","slug":"verstappen-seulement-6e-des-qualifs-sprint-tout-simplement-nul","status":"publish","type":"post","link":"https:\/\/www.europesays.com\/fr\/519495\/","title":{"rendered":"Verstappen seulement 6e des qualifs sprint\u00a0: \u00ab\u00a0Tout simplement nul\u00a0\u00bb"},"content":{"rendered":"<p><a href=\"https:\/\/fr.motorsport.com\/driver\/max-verstappen\/93029\/\" target=\"_blank\" rel=\"noopener\">Max Verstappen<\/a> tient \u00e0 rester le plus longtemps possible une \u00e9pine dans le pied des pilotes <a href=\"https:\/\/fr.motorsport.com\/team\/mclaren\/609\/\" target=\"_blank\" rel=\"noopener\">McLaren<\/a>, voire mieux, mais le d\u00e9but du Grand Prix de S\u00e3o Paulo n&rsquo;est pas forc\u00e9ment tr\u00e8s rassurant pour Red Bull et le N\u00e9erlandais.<\/p>\n<p>Apr\u00e8s une s\u00e9ance d&rsquo;essais libres \u00e9tonnante lors de laquelle le quadruple champion du monde n&rsquo;a sign\u00e9 aucun tour en pneus mediums avant de faire une tentative avort\u00e9e de chrono en pneus tendres, il n&rsquo;a pas pu faire mieux que le sixi\u00e8me temps lors de la troisi\u00e8me partie des qualifs sprints ce vendredi \u00e0\u00a0Interlagos, devanc\u00e9 entre autres par ses rivaux pour le titre <a href=\"https:\/\/fr.motorsport.com\/driver\/lando-norris\/289708\/\" target=\"_blank\" rel=\"noopener\">Lando Norris<\/a>, auteur de la r\u00e9f\u00e9rence, et <a href=\"https:\/\/fr.motorsport.com\/driver\/oscar-piastri\/835356\/\" target=\"_blank\" rel=\"noopener\">Oscar Piastri<\/a>, troisi\u00e8me.<\/p>\n<p>Au moment de constater son r\u00e9sultat, il a d&rsquo;abord lanc\u00e9 \u00e0 la radio : \u00ab\u00a0La voiture est compl\u00e8tement cass\u00e9e, elle est juste inconduisible.\u00a0\u00bb\u00a0<\/p>\n<p>Puis, pour la cha\u00eene Viaplay, un peu plus \u00e0 froid, il a d\u00e9clar\u00e9 : \u00ab\u00a0C&rsquo;\u00e9tait tout simplement nul. \u00c7a ne marchait pas du tout. Il y avait beaucoup de vibrations et je rebondissais dans tous les sens. En plus de cela, je n&rsquo;avais tout simplement pas d&rsquo;adh\u00e9rence dans les virages lents. La voiture ne tourne pas, je n&rsquo;ai pas de traction, donc oui, \u00e7a s&rsquo;arr\u00eate l\u00e0.\u00a0\u00bb<\/p>\n<blockquote>\n<p>J&rsquo;esp\u00e9rais surtout avoir une meilleure voiture. Vu la fa\u00e7on dont les choses se pr\u00e9sentent actuellement, la pluie ne sera pas une bonne chose non plus.<\/p>\n<\/blockquote>\n<p>La SQ3 s&rsquo;est d\u00e9roul\u00e9e, comme le veut le r\u00e8glement des week-ends sprint, en pneus tendres, quand les SQ1 et 2 ont \u00e9t\u00e9 r\u00e9alis\u00e9es en mediums. Or,\u00a0Verstappen a &#8211; comme la plupart des pilotes &#8211; disput\u00e9 une grande partie des EL1 avec les pneus durs, avant ce court passage sur les tendres lors duquel il avait d\u00e9j\u00e0 pressenti que les choses n&rsquo;iraient pas bien.<\/p>\n<p>\u00ab\u00a0Avec les pneus durs, j&rsquo;ai moins ressenti les probl\u00e8mes, car \u00e0 un moment donn\u00e9, naturellement, on encha\u00eene plusieurs tours. Mais avec le train de pneus tendres [pendant les essais libres], \u00e7a n&rsquo;allait d\u00e9j\u00e0 pas bien. Et \u00e7a a \u00e9t\u00e9 le cas pendant toute les qualifications sprint.\u00a0\u00bb<\/p>\n<p>Pour un pilote qui l&rsquo;a emport\u00e9 en course depuis la 17e place l&rsquo;an pass\u00e9 sur ce m\u00eame circuit, partir sixi\u00e8me n&rsquo;appara\u00eet sans doute pas comme une difficult\u00e9 insurmontable. Toutefois, m\u00eame si les conditions s&rsquo;annoncent dantesques &#8211; et peuvent amener de la pluie &#8211; \u00e0\u00a0Interlagos ce samedi, Verstappen peine \u00e0 croire que ce sera suffisant.<\/p>\n<p>Quand il lui a \u00e9t\u00e9 demand\u00e9 s&rsquo;il esp\u00e9rait la pluie, il a r\u00e9torqu\u00e9 : \u00ab\u00a0Eh bien, j&rsquo;esp\u00e9rais surtout avoir une meilleure voiture. Vu la fa\u00e7on dont les choses se pr\u00e9sentent actuellement, la pluie ne sera pas une bonne chose non plus.\u00a0\u00bb<\/p>\n<p style=\"text-align: right;\">Avec Ronald Vording<\/p>\n<p>Lire aussi :<\/p>\n<p>            Votre avis nous int\u00e9resse !<\/p>\n<p class=\"mt-auto\">Qu&rsquo;aimeriez-vous voir sur Motorsport.com ?<\/p>\n<p>            <a href=\"#\" class=\"ms-link text-link font-bold\">R\u00e9pondez \u00e0 notre enqu\u00eate en 5 minutes.<\/a><\/p>\n<p class=\"mt-1 text-body\">&#8211; L&rsquo;\u00e9quipe Motorsport.com<\/p>\n","protected":false},"excerpt":{"rendered":"Max Verstappen tient \u00e0 rester le plus longtemps possible une \u00e9pine dans le pied des pilotes McLaren, voire&hellip;\n","protected":false},"author":2,"featured_media":519496,"comment_status":"","ping_status":"","sticky":false,"template":"","format":"standard","meta":{"footnotes":""},"categories":[2],"tags":[11,60793,1454,1011,27,60792,2236,12,2255,64050],"class_list":{"0":"post-519495","1":"post","2":"type-post","3":"status-publish","4":"format-standard","5":"has-post-thumbnail","7":"category-actualites","8":"tag-actualites","9":"tag-autu00f3dromo-josu00e9-carlos-pace","10":"tag-formule-1","11":"tag-fr","12":"tag-france","13":"tag-gp-de-su00e3o-paulo","14":"tag-max-verstappen","15":"tag-news","16":"tag-red-bull","17":"tag-verstappen-seulement-6e-des-qualifs-sprintu00a0-tout-simplement-nul"},"share_on_mastodon":{"url":"https:\/\/pubeurope.com\/@fr\/115511478418026086","error":""},"_links":{"self":[{"href":"https:\/\/www.europesays.com\/fr\/wp-json\/wp\/v2\/posts\/519495","targetHints":{"allow":["GET"]}}],"collection":[{"href":"https:\/\/www.europesays.com\/fr\/wp-json\/wp\/v2\/posts"}],"about":[{"href":"https:\/\/www.europesays.com\/fr\/wp-json\/wp\/v2\/types\/post"}],"author":[{"embeddable":true,"href":"https:\/\/www.europesays.com\/fr\/wp-json\/wp\/v2\/users\/2"}],"replies":[{"embeddable":true,"href":"https:\/\/www.europesays.com\/fr\/wp-json\/wp\/v2\/comments?post=519495"}],"version-history":[{"count":0,"href":"https:\/\/www.europesays.com\/fr\/wp-json\/wp\/v2\/posts\/519495\/revisions"}],"wp:featuredmedia":[{"embeddable":true,"href":"https:\/\/www.europesays.com\/fr\/wp-json\/wp\/v2\/media\/519496"}],"wp:attachment":[{"href":"https:\/\/www.europesays.com\/fr\/wp-json\/wp\/v2\/media?parent=519495"}],"wp:term":[{"taxonomy":"category","embeddable":true,"href":"https:\/\/www.europesays.com\/fr\/wp-json\/wp\/v2\/categories?post=519495"},{"taxonomy":"post_tag","embeddable":true,"href":"https:\/\/www.europesays.com\/fr\/wp-json\/wp\/v2\/tags?post=519495"}],"curies":[{"name":"wp","href":"https:\/\/api.w.org\/{rel}","templated":true}]}}