{"id":519511,"date":"2025-11-08T01:37:22","date_gmt":"2025-11-08T01:37:22","guid":{"rendered":"https:\/\/www.europesays.com\/fr\/519511\/"},"modified":"2025-11-08T01:37:22","modified_gmt":"2025-11-08T01:37:22","slug":"lessentiel-de-la-13e-journee-federation-francaise-de-football-fff","status":"publish","type":"post","link":"https:\/\/www.europesays.com\/fr\/519511\/","title":{"rendered":"L&rsquo;essentiel de la 13e journ\u00e9e | F\u00e9d\u00e9ration Fran\u00e7aise de Football (FFF)"},"content":{"rendered":"<p>                                                              <img data-twic-src=\"https:\/\/www.europesays.com\/fr\/wp-content\/uploads\/2025\/11\/7d7c930741c3c93ace8e7f2c5caa9d69.png\" data-credit=\"Philippe LE BRECH \/ APL \/ FFF\" title=\"Philippe LE BRECH \/ APL \/ FFF\" alt=\"Versailles-Valenciennes National 2025-26\" class=\"block\"\/>                                        <\/p>\n<p style=\"font-weight: bold\">Des quatre poursuivants de Rouen, seul Dijon a gagn\u00e9 et revient \u00e0 quatre points. Sochaux et Versailles ont fait match nul alors que Orl\u00e9ans, battu \u00e0 Concarneau , est le perdant de la soir\u00e9e.<\/p>\n<p class=\"light\">Avec cette 13e journ\u00e9e, les cinq \u00e9quipes de t\u00eate ont d\u00e9sormais toutes le m\u00eame nombre de matchs jou\u00e9s (douze). Rouen, exempt, \u00e9tait assur\u00e9 de conserver au moins quatre points d\u2019avance sur ses poursuivants. Seul Dijon l\u2019a emport\u00e9 (\u00e0 Bourg-en-Bresse, 2-1) alors que Sochaux, accroch\u00e9 \u00e0 Fleury (0-0), est d\u00e9sormais troisi\u00e8me, \u00e0 hauteur de Versailles, qui a partag\u00e9 les points avec Valenciennes (1-1, photo principale). Orl\u00e9ans, s\u00e8chement battu par Concarneau (0-3), voit les Thoniers revenir \u00e0 deux points du podium. Caen et le Paris 13 Atletico ne se sont pas d\u00e9partag\u00e9s (0-0). Tr\u00e8s bonnes op\u00e9rations \u00e0 l\u2019ext\u00e9rieur pour Ch\u00e2teauroux (3-0 \u00e0 QRM) et Le Puy (4-1 \u00e0 Aubagne) qui prennent leurs distances avec la zone rouge, alors que les trois derniers ont perdu et d\u00e9crochent.\u00a0<\/p>\n<p class=\"light\" style=\"text-align: center;\"><a href=\"https:\/\/epreuves.fff.fr\/competition\/engagement\/439454-national\/phase\/1\/1\/resultats-et-calendrier\" target=\"_blank\" rel=\"noopener nofollow\"><strong>R\u00e9sultats et classement<\/strong><\/a><\/p>\n<p>\u00a0LES CHIFFRES DE LA JOURN\u00c9E\u00a0<\/p>\n<p><strong>20<\/strong><\/p>\n<p>Buts marqu\u00e9s en huit matches (moyenne 2,50)<\/p>\n<p><strong>5<\/strong><\/p>\n<p>Victoires, dont 3 \u00e0 l&rsquo;ext\u00e9rieur (Dijon, Le Puy, Ch\u00e2teauroux)<\/p>\n<p><strong>3<\/strong><\/p>\n<p>R\u00e9sultats nuls (Caen-Paris 13, Versailles-Valenciennes, Fleury-Sochaux)<\/p>\n<p><strong>20<\/strong><\/p>\n<p>Buts inscrits par Rouen, meilleure attaque<\/p>\n<p><strong>8<\/strong><\/p>\n<p>Buts pris par Rouen, Dijon et Sochaux, meilleures d\u00e9fenses<\/p>\n<p>\u00a0LE FAIT DU JOUR\u00a0<br \/>Le Puy pi\u00e8ge Aubagne Air-Bel (4-1)<\/p>\n<p>Alors qu&rsquo;ils n&rsquo;avaient gagn\u00e9 qu&rsquo;un seul de leurs neuf premiers matchs (\u00e0 Saint-Brieuc), les promus du Puy en ont remport\u00e9 quatre sur les cinq derniers jou\u00e9s (dont deux en Coupe de France). Mais leur large victoire en Provence face \u00e0 Aubagne Air-Bel ne doit rien \u00e0 personne, acquise \u00e0 la mi-temps. Les locaux, qui n&rsquo;avaient conc\u00e9d\u00e9 aucun p\u00e9nalty jusqu&rsquo;alors, en ont subi deux sur deux fautes de leur d\u00e9fenseur Rony Mimb Baheng. Et Cl\u00e9ment Rodrigues s&rsquo;est offert un doubl\u00e9 (7e et 19e) avant que Jocelyn Gromat (24e) et Plamedi Nsingi (44e) n&rsquo;assurent d\u00e9finitivement la victoire. Le beau coup franc direct de Mohamed Hamek (27e, 1-3, vid\u00e9o ci-dessous) tir\u00e9 plein axe \u00e0 dix-sept m\u00e8tres, n&rsquo;aura servi \u00e0 rien. Le Puy a d\u00e9sormais sept points d&rsquo;avance sur le premier rel\u00e9gable.\u00a0<\/p>\n<blockquote class=\"twitter-tweet\">\n<p dir=\"ltr\" lang=\"fr\">Le pied droit \u00ab\u00a0magique\u00a0\u00bb de Mohamed Hamek qui redonne l&rsquo;espoir au <a href=\"https:\/\/twitter.com\/Scaabofficiel?ref_src=twsrc%5Etfw\" rel=\"nofollow noopener\" target=\"_blank\">@Scaabofficiel<\/a>. Premi\u00e8re mi-temps emballante \u00e0 Aubagne. <br \/>1\ufe0f\u20e3 &#8211; 3\ufe0f\u20e3 I 27e<\/p>\n<p>Suivez le match en direct sur notre cha\u00eene YouTube \u00ab\u00a0Championnat National Officiel\u00a0\u00bb !<a href=\"https:\/\/twitter.com\/hashtag\/NationalFFF?src=hash&amp;ref_src=twsrc%5Etfw\" rel=\"nofollow noopener\" target=\"_blank\">#NationalFFF<\/a> <a href=\"https:\/\/t.co\/1HnwHzkBCH\" rel=\"nofollow\">pic.twitter.com\/1HnwHzkBCH<\/a><\/p>\n<p>\u2014 Championnat National (@NationalFFF) <a href=\"https:\/\/twitter.com\/NationalFFF\/status\/1986874417834492093?ref_src=twsrc%5Etfw\" rel=\"nofollow noopener\" target=\"_blank\">November 7, 2025<\/a><\/p><\/blockquote>\n<p>\u00a0LE BUT DU JOUR\u00a0<br \/>Amadou Samoura (US Concarneau)<\/p>\n<p>\u00c0 quelques jours de son 22e anniversaire, le jeune attaquant des Thoniers s&rsquo;est offert un petit cadeau sous la forme d&rsquo;un but de grande classe contre Orl\u00e9ans. \u00c0 la 71e minute, il percute depuis l&rsquo;aile gauche, entre dans la surface, ex\u00e9cute une feinte de corps qui met au sol le d\u00e9fenseur Sidney Obissa et le gardien Corentin Jan avant de placer une frappe au ras du poteau. Concarneau prenait deux buts d&rsquo;avance sur Orl\u00e9ans et l&#8217;emportait finalement 3-0 pour revenir \u00e0 un point de son adversaire du soir. \u00a0<\/p>\n<blockquote class=\"twitter-tweet\">\n<p dir=\"ltr\" lang=\"fr\">Les feintes chaloup\u00e9es de Amadou SAMOURA pour <a href=\"https:\/\/twitter.com\/USConcarneau?ref_src=twsrc%5Etfw\" rel=\"nofollow noopener\" target=\"_blank\">@USConcarneau<\/a> <\/p>\n<p>Suivez le match en direct sur notre cha\u00eene YouTube \u00ab\u00a0Championnat National Officiel\u00a0\u00bb !<a href=\"https:\/\/twitter.com\/hashtag\/NationalFFF?src=hash&amp;ref_src=twsrc%5Etfw\" rel=\"nofollow noopener\" target=\"_blank\">#NationalFFF<\/a> <a href=\"https:\/\/t.co\/ISygNxcmvY\" rel=\"nofollow\">pic.twitter.com\/ISygNxcmvY<\/a><\/p>\n<p>\u2014 Championnat National (@NationalFFF) <a href=\"https:\/\/twitter.com\/NationalFFF\/status\/1986887552146551142?ref_src=twsrc%5Etfw\" rel=\"nofollow noopener\" target=\"_blank\">November 7, 2025<\/a><\/p><\/blockquote>\n<p>\u00a0\u00a0LES GARDIENS DU JOUR\u00a0<br \/>Alexandre Pierre (Sochaux) et Ga\u00ebl Alette (Fleury)<\/p>\n<p>Si Axel Temperton, le gardien du FC Rouen, \u00e9tait le seul du National \u00e0 compter six clean sheets cette saison, il a \u00e9t\u00e9 rejoint par Ga\u00ebl Alette (FC Fleury 91) et Alexandre Pierre (FC Sochaux Montb\u00e9liard). Et comme ceux-l\u00e0 \u00e9taient oppos\u00e9s vendredi soir, leurs \u00e9quipes se sont logiquement s\u00e9par\u00e9es sur un 0-0 \u00e9quitable. C&rsquo;est le premier de la saison pour les Doubistes, qui perdent leur deuxi\u00e8me place, et le troisi\u00e8me pour Fleury, solidement install\u00e9 en milieu de tableau avec 17 points en douze matches.\u00a0<\/p>\n<p>\u00a0<\/p>\n<p>\u00a0LES STATISTIQUES APR\u00c8S 13 JOURN\u00c9ES\u00a0<\/p>\n<p><strong>29<\/strong><\/p>\n<p>Victoires en d\u00e9placement<\/p>\n<p><strong>137<\/strong><\/p>\n<p>Buts marqu\u00e9s \u00e0 domicile<\/p>\n<p><strong>108<\/strong><\/p>\n<p>Buts inscrits \u00e0 l&rsquo;ext\u00e9rieur<\/p>\n<p>\u00a0<\/p>\n<p><img decoding=\"async\" src=\"https:\/\/www.europesays.com\/fr\/wp-content\/uploads\/2025\/11\/9e4012b1fddaa58f363d46e9608113ca.jpg\" alt=\"\"\/><br \/>Le FC Versailles 78 de Romain Basque a fait match nul avec le Valenciennes FC de Ga\u00ebtan Courtet (photo Philippe LE BRECH \/ APL \/ FFF)<\/p>\n<p>\u00a0<\/p>\n<p>La prochaine journ\u00e9e (J14)<\/p>\n<p class=\"light\">&#8211; Vendredi 21 novembre (19h30, en direct sur YouTube National) :<\/p>\n<ul>\n<li class=\"light\">FC Sochaux-Montb\u00e9liard &#8211; Dijon FCO<\/li>\n<li class=\"light\">Valenciennes FC &#8211; Fleury 91 FC<\/li>\n<li class=\"light\">Berrichonne Ch\u00e2teauroux &#8211; Versailles 78 FC<\/li>\n<li class=\"light\">Le Puy F43A &#8211; Quevilly Rouen M\u00e9tropole<\/li>\n<li class=\"light\">US Orl\u00e9ans LF &#8211; SC Aubagne Air Bel<\/li>\n<li class=\"light\">FC Rouen &#8211; US Concarneau<\/li>\n<li class=\"light\">Paris 13 Atl\u00e9tico &#8211; FC Villefranche Beaujolais<\/li>\n<li class=\"light\">SM Caen &#8211; Bourg-en-Bresse P\u00e9ronnas<\/li>\n<\/ul>\n<p class=\"light\">Exempt : Stade Briochin<\/p>\n<p class=\"light\">\u00a0<\/p>\n<p>    <script async src=\"https:\/\/platform.twitter.com\/widgets.js\" charset=\"utf-8\"><\/script><\/p>\n","protected":false},"excerpt":{"rendered":"Des quatre poursuivants de Rouen, seul Dijon a gagn\u00e9 et revient \u00e0 quatre points. Sochaux et Versailles ont&hellip;\n","protected":false},"author":2,"featured_media":519512,"comment_status":"","ping_status":"","sticky":false,"template":"","format":"standard","meta":{"footnotes":""},"categories":[9587],"tags":[1111,11,1777,674,85,1011,27,12,5161,25,9590],"class_list":{"0":"post-519511","1":"post","2":"type-post","3":"status-publish","4":"format-standard","5":"has-post-thumbnail","7":"category-rouen","8":"tag-actu","9":"tag-actualites","10":"tag-eu","11":"tag-europe","12":"tag-fff","13":"tag-fr","14":"tag-france","15":"tag-news","16":"tag-normandie","17":"tag-republique-francaise","18":"tag-rouen"},"share_on_mastodon":{"url":"https:\/\/pubeurope.com\/@fr\/115511522259934012","error":""},"_links":{"self":[{"href":"https:\/\/www.europesays.com\/fr\/wp-json\/wp\/v2\/posts\/519511","targetHints":{"allow":["GET"]}}],"collection":[{"href":"https:\/\/www.europesays.com\/fr\/wp-json\/wp\/v2\/posts"}],"about":[{"href":"https:\/\/www.europesays.com\/fr\/wp-json\/wp\/v2\/types\/post"}],"author":[{"embeddable":true,"href":"https:\/\/www.europesays.com\/fr\/wp-json\/wp\/v2\/users\/2"}],"replies":[{"embeddable":true,"href":"https:\/\/www.europesays.com\/fr\/wp-json\/wp\/v2\/comments?post=519511"}],"version-history":[{"count":0,"href":"https:\/\/www.europesays.com\/fr\/wp-json\/wp\/v2\/posts\/519511\/revisions"}],"wp:featuredmedia":[{"embeddable":true,"href":"https:\/\/www.europesays.com\/fr\/wp-json\/wp\/v2\/media\/519512"}],"wp:attachment":[{"href":"https:\/\/www.europesays.com\/fr\/wp-json\/wp\/v2\/media?parent=519511"}],"wp:term":[{"taxonomy":"category","embeddable":true,"href":"https:\/\/www.europesays.com\/fr\/wp-json\/wp\/v2\/categories?post=519511"},{"taxonomy":"post_tag","embeddable":true,"href":"https:\/\/www.europesays.com\/fr\/wp-json\/wp\/v2\/tags?post=519511"}],"curies":[{"name":"wp","href":"https:\/\/api.w.org\/{rel}","templated":true}]}}