{"id":519515,"date":"2025-11-08T01:39:11","date_gmt":"2025-11-08T01:39:11","guid":{"rendered":"https:\/\/www.europesays.com\/fr\/519515\/"},"modified":"2025-11-08T01:39:11","modified_gmt":"2025-11-08T01:39:11","slug":"nevers-vannes-les-deux-seuls-talonneurs-aptes-du-rcv-sortent-sur-blessure-a-neuf-jours-du-choc-contre-grenoble","status":"publish","type":"post","link":"https:\/\/www.europesays.com\/fr\/519515\/","title":{"rendered":"Nevers &#8211; Vannes : les deux seuls talonneurs aptes du RCV sortent sur blessure \u00e0 neuf jours du choc contre Grenoble"},"content":{"rendered":"<p>Pro D2 (10e journ\u00e9e). USON Nevers &#8211; RC Vannes : 22-13<\/p>\n<p>Le <a href=\"https:\/\/www.letelegramme.fr\/sports\/rugby\/rc-vannes\/\" target=\"_blank\" rel=\"noopener\">RC Vannes<\/a> n\u2019avait pas besoin de \u00e7a. D\u00e9j\u00e0 en difficult\u00e9 au poste de talonneur apr\u00e8s la grave blessure au genou de Cyril Blanchard \u00e0 Colomiers, le club morbihannais a vu ses deux seuls sp\u00e9cialistes du poste restants sortir sur blessure, ce vendredi, \u00e0 Nevers.<\/p>\n<p>\u00ab Il y a une petite l\u00e9sion au mollet pour Dave (Cherry) et une entorse de la cheville pour Th\u00e9o (B\u00e9ziat), confiait Jean-No\u00ebl Spitzer \u00e0 l\u2019issue de la rencontre. On verra plus tard, ce n\u2019est pas en urgence comme \u00e7a qu\u2019on fait les diagnostics. \ufeff\u00bb<\/p>\n<p>L\u2019international \u00e9cossais est sorti \u00e0 la mi-temps et son rempla\u00e7ant a \u00e9t\u00e9 contraint de l\u2019imiter seulement 25 minutes apr\u00e8s son entr\u00e9e en jeu. Le bilan est pr\u00e9occupant \u00e0 neuf jours du choc de Pro D2 contre Grenoble dans un Roazhon Park \u00e0 guichets ferm\u00e9s.<\/p>\n<p>\u00ab \u00c7a peut \u00eatre un souci mais on s\u2019adaptera \u00bb<\/p>\n<p>Dans le scenario catastrophe, le RCV pourrait \u00eatre priv\u00e9 de ses trois talonneurs de l\u2019effectif professionnels. \u00ab \u00c7a peut \u00eatre un souci mais on s\u2019adaptera, explique l\u2019entra\u00eeneur breton. On a un jeune en espoir (Tom Sarthou), on a un premi\u00e8re ligne qui pourra certainement y passer si \u00e7a devient compliqu\u00e9. \u00bb<\/p>\n<p>M\u00eame s\u2019il pr\u00e9f\u00e8re ne pas imaginer cette \u00e9ventualit\u00e9. \u00ab Mais pour moi ils vont jouer, il n\u2019y a pas de fracture. \u00bb Les dirigeants vannetais, qui \u00e9taient d\u00e9j\u00e0 \u00e0 la recherche d\u2019un joueur apr\u00e8s la blessure de Blanchard, vont poursuivre leur recherche de la perle rare. Et surtout esp\u00e9rer que ses deux joueurs r\u00e9cup\u00e8rent \u00e0 temps.<\/p>\n","protected":false},"excerpt":{"rendered":"Pro D2 (10e journ\u00e9e). USON Nevers &#8211; RC Vannes : 22-13 Le RC Vannes n\u2019avait pas besoin de&hellip;\n","protected":false},"author":2,"featured_media":519516,"comment_status":"","ping_status":"","sticky":false,"template":"","format":"standard","meta":{"footnotes":""},"categories":[9566],"tags":[1111,11,2430,3166,1777,674,1011,27,2731,12,2308,3164,3167,25,479,60,3165],"class_list":{"0":"post-519515","1":"post","2":"type-post","3":"status-publish","4":"format-standard","5":"has-post-thumbnail","7":"category-grenoble","8":"tag-actu","9":"tag-actualites","10":"tag-auvergne-rhone-alpes","11":"tag-en-continu-sports","12":"tag-eu","13":"tag-europe","14":"tag-fr","15":"tag-france","16":"tag-grenoble","17":"tag-news","18":"tag-pro-d2","19":"tag-rc-vannes","20":"tag-rcv","21":"tag-republique-francaise","22":"tag-rugby","23":"tag-sports","24":"tag-vannes"},"share_on_mastodon":{"url":"https:\/\/pubeurope.com\/@fr\/115511529596506497","error":""},"_links":{"self":[{"href":"https:\/\/www.europesays.com\/fr\/wp-json\/wp\/v2\/posts\/519515","targetHints":{"allow":["GET"]}}],"collection":[{"href":"https:\/\/www.europesays.com\/fr\/wp-json\/wp\/v2\/posts"}],"about":[{"href":"https:\/\/www.europesays.com\/fr\/wp-json\/wp\/v2\/types\/post"}],"author":[{"embeddable":true,"href":"https:\/\/www.europesays.com\/fr\/wp-json\/wp\/v2\/users\/2"}],"replies":[{"embeddable":true,"href":"https:\/\/www.europesays.com\/fr\/wp-json\/wp\/v2\/comments?post=519515"}],"version-history":[{"count":0,"href":"https:\/\/www.europesays.com\/fr\/wp-json\/wp\/v2\/posts\/519515\/revisions"}],"wp:featuredmedia":[{"embeddable":true,"href":"https:\/\/www.europesays.com\/fr\/wp-json\/wp\/v2\/media\/519516"}],"wp:attachment":[{"href":"https:\/\/www.europesays.com\/fr\/wp-json\/wp\/v2\/media?parent=519515"}],"wp:term":[{"taxonomy":"category","embeddable":true,"href":"https:\/\/www.europesays.com\/fr\/wp-json\/wp\/v2\/categories?post=519515"},{"taxonomy":"post_tag","embeddable":true,"href":"https:\/\/www.europesays.com\/fr\/wp-json\/wp\/v2\/tags?post=519515"}],"curies":[{"name":"wp","href":"https:\/\/api.w.org\/{rel}","templated":true}]}}