{"id":519522,"date":"2025-11-08T01:43:22","date_gmt":"2025-11-08T01:43:22","guid":{"rendered":"https:\/\/www.europesays.com\/fr\/519522\/"},"modified":"2025-11-08T01:43:22","modified_gmt":"2025-11-08T01:43:22","slug":"ligue-1-le-match-entre-strasbourg-et-le-psg-programme","status":"publish","type":"post","link":"https:\/\/www.europesays.com\/fr\/519522\/","title":{"rendered":"Ligue 1 \u2013 Le match entre Strasbourg et le PSG programm\u00e9 &#8211;"},"content":{"rendered":"<p><img width=\"600\" height=\"300\" src=\"https:\/\/www.europesays.com\/fr\/wp-content\/uploads\/2025\/11\/RCSAPSG.png\" class=\"attachment-jannah-image-post size-jannah-image-post wp-post-image\" alt=\"RCSAPSG\" is_main_img=\"1\" decoding=\"async\" fetchpriority=\"high\"  \/><\/p>\n<p>La saison 2025-2026 bat son plein. Ce vendredi soir, la<br \/>\nprogrammation de la 20e journ\u00e9e de Ligue 1, durant laquelle le PSG<br \/>\nse d\u00e9placera \u00e0 Strasbourg, a \u00e9t\u00e9 d\u00e9voil\u00e9e.<\/p>\n<p>Le 17 octobre dernier, le <strong>PSG<\/strong> recevait<br \/>\n<strong>Strasbourg<\/strong> dans le cadre de la huiti\u00e8me journ\u00e9e de<br \/>\n<strong><a href=\"https:\/\/canal-supporters.com\/les-premiers-matches-de-lannee-2026-du-psg-en-ligue-1-programmes\/\" title=\"\" rel=\"nofollow noopener\" target=\"_blank\">Ligue 1<\/a><\/strong>. Dans un match totalement fou, les<br \/>\ndeux \u00e9quipes se sont quitt\u00e9es sur un match nul prolifique (3-3). Le<br \/>\n<strong>PSG<\/strong> avait rapidement ouvert le score par<br \/>\nl\u2019interm\u00e9diaire de <strong>Bradley Barcola<\/strong> avant de voir<br \/>\n<strong>Strasbourg<\/strong> marquer trois fois. Les Parisiens n\u2019ont<br \/>\npas l\u00e2ch\u00e9 et ont r\u00e9ussi \u00e0 arracher le match nul gr\u00e2ce \u00e0 des<br \/>\nr\u00e9alisations de <strong>Gon\u00e7alo Ramos<\/strong>, sur penalty, et<br \/>\n<strong><a href=\"https:\/\/canal-supporters.com\/edf-espoirs-senny-mayulu-convoque-par-gerald-baticle\/\" title=\"\" rel=\"nofollow noopener\" target=\"_blank\">Senny Mayulu<\/a><\/strong>.\u00a0<\/p>\n<p>A lire aussi : <a href=\"https:\/\/canal-supporters.com\/les-supporters-du-psg-prives-de-deplacement-a-lyon\/\" title=\"\" rel=\"nofollow noopener\" target=\"_blank\">Les supporters du PSG priv\u00e9s de d\u00e9placement \u00e0 Lyon<\/a><\/p>\n<p><a href=\"https:\/\/x.com\/CanalSupporters\" target=\"_blank\" rel=\"noopener nofollow\" title=\"\">canalsupporters.com<\/a><\/p>\n<p>En cl\u00f4ture de la<br \/>\n20e journ\u00e9e<\/p>\n<p>Trois mois seulement apr\u00e8s cet affrontement au <strong>Parc des<br \/>\nPrinces<\/strong>, les deux \u00e9quipes vont se retrouver \u00e0 <strong>la<br \/>\nMeinau<\/strong> pour le compte de la 20e journ\u00e9e de <strong>Ligue<br \/>\n1<\/strong>. Ce vendredi soir, cette rencontre a <a href=\"https:\/\/ligue1.com\/fr\/articles\/l1_article_3610-programmation-tv-j20-1\" target=\"_blank\" rel=\"noopener nofollow\" title=\"\">\u00e9t\u00e9 programm\u00e9e<\/a>. Elle se<br \/>\njouera le dimanche 1er f\u00e9vrier \u00e0 20h45. Ce choc sera diffus\u00e9 sur<br \/>\nLigue 1 +. Autre choc lors de cette 20e journ\u00e9e de<br \/>\nchampionnat, la rencontre entre l\u2019<strong>Olympique<br \/>\nLyonnais<\/strong> et le <strong>LOSC<\/strong>.\u00a0<\/p>\n<p>Le programme de<br \/>\nla 20e journ\u00e9e de Ligue 1<\/p>\n<ul class=\"wp-block-list\">\n<li><strong>Vendredi 30 janvier 2026 \u00e0 20h45\u00a0sur Ligue<br \/>\n1+<\/strong><\/p>\n<\/li>\n<\/ul>\n<ul class=\"wp-block-list\">\n<li><strong>Samedi 31 janvier 2026 \u00e0 17h00 sur<\/strong><br \/>\n<strong>beIN SPORTS 1<\/strong><\/p>\n<ul class=\"wp-block-list\">\n<li>Paris FC \u2013 Olympique de Marseille<\/li>\n<\/ul>\n<\/li>\n<li><strong>Samedi 31 janvier 2026 \u00e0 19h00 sur Ligue<br \/>\n1+<\/strong><\/p>\n<\/li>\n<li><strong>Samedi 31 janvier 2026 \u00e0 21h05 sur Ligue<br \/>\n1+\u00a0<\/strong><\/p>\n<ul class=\"wp-block-list\">\n<li>AS Monaco \u2013 Stade Rennais FC<\/li>\n<\/ul>\n<\/li>\n<li><strong>Dimanche 1er f\u00e9vrier 2026 \u00e0 15h00 sur Ligue<br \/>\n1+<\/strong><\/p>\n<ul class=\"wp-block-list\">\n<li>Olympique Lyonnais \u2013 LOSC Lille<\/li>\n<\/ul>\n<\/li>\n<li><strong>Dimanche 1er f\u00e9vrier 2026 \u00e0 17h15 sur Ligue<br \/>\n1+<\/strong><\/p>\n<ul class=\"wp-block-list\">\n<li>OGC Nice \u2013 Stade Brestois 29<\/li>\n<li>Toulouse FC \u2013 AJ Auxerre<\/li>\n<li>Angers SCO \u2013 FC Metz<\/li>\n<\/ul>\n<\/li>\n<li><strong>Dimanche 1er f\u00e9vrier 2026 \u00e0 20h45 sur Ligue<br \/>\n1+<\/strong><\/p>\n<ul class=\"wp-block-list\">\n<li><strong>RC Strasbourg Alsace \u2013 Paris Saint-Germain\u00a0<\/strong><\/li>\n<\/ul>\n<\/li>\n<\/ul>\n","protected":false},"excerpt":{"rendered":"La saison 2025-2026 bat son plein. Ce vendredi soir, la programmation de la 20e journ\u00e9e de Ligue 1,&hellip;\n","protected":false},"author":2,"featured_media":519523,"comment_status":"","ping_status":"","sticky":false,"template":"","format":"standard","meta":{"footnotes":""},"categories":[2820],"tags":[64051,64052,1111,11,81,787,1777,674,1011,27,775,66,1611,12,626,91,92,3551,93,11174,11175,25,640,11176],"class_list":{"0":"post-519522","1":"post","2":"type-post","3":"status-publish","4":"format-standard","5":"has-post-thumbnail","7":"category-strasbourg","8":"tag-20e-journee","9":"tag-20e-journee-de-ligue-1","10":"tag-actu","11":"tag-actualites","12":"tag-canal-supporters","13":"tag-cs","14":"tag-eu","15":"tag-europe","16":"tag-fr","17":"tag-france","18":"tag-grand-est","19":"tag-ligue-1","20":"tag-ligue-1-macdonalds","21":"tag-news","22":"tag-paris","23":"tag-paris-saint-germain","24":"tag-paris-sg","25":"tag-programmation","26":"tag-psg","27":"tag-rcsa-psg","28":"tag-rcsapsg","29":"tag-republique-francaise","30":"tag-strasbourg","31":"tag-strasbourg-psg"},"share_on_mastodon":{"url":"https:\/\/pubeurope.com\/@fr\/115511545941709208","error":""},"_links":{"self":[{"href":"https:\/\/www.europesays.com\/fr\/wp-json\/wp\/v2\/posts\/519522","targetHints":{"allow":["GET"]}}],"collection":[{"href":"https:\/\/www.europesays.com\/fr\/wp-json\/wp\/v2\/posts"}],"about":[{"href":"https:\/\/www.europesays.com\/fr\/wp-json\/wp\/v2\/types\/post"}],"author":[{"embeddable":true,"href":"https:\/\/www.europesays.com\/fr\/wp-json\/wp\/v2\/users\/2"}],"replies":[{"embeddable":true,"href":"https:\/\/www.europesays.com\/fr\/wp-json\/wp\/v2\/comments?post=519522"}],"version-history":[{"count":0,"href":"https:\/\/www.europesays.com\/fr\/wp-json\/wp\/v2\/posts\/519522\/revisions"}],"wp:featuredmedia":[{"embeddable":true,"href":"https:\/\/www.europesays.com\/fr\/wp-json\/wp\/v2\/media\/519523"}],"wp:attachment":[{"href":"https:\/\/www.europesays.com\/fr\/wp-json\/wp\/v2\/media?parent=519522"}],"wp:term":[{"taxonomy":"category","embeddable":true,"href":"https:\/\/www.europesays.com\/fr\/wp-json\/wp\/v2\/categories?post=519522"},{"taxonomy":"post_tag","embeddable":true,"href":"https:\/\/www.europesays.com\/fr\/wp-json\/wp\/v2\/tags?post=519522"}],"curies":[{"name":"wp","href":"https:\/\/api.w.org\/{rel}","templated":true}]}}