{"id":519524,"date":"2025-11-08T01:44:16","date_gmt":"2025-11-08T01:44:16","guid":{"rendered":"https:\/\/www.europesays.com\/fr\/519524\/"},"modified":"2025-11-08T01:44:16","modified_gmt":"2025-11-08T01:44:16","slug":"pres-de-nice-les-douaniers-ont-le-nez-creux-un-detail-sur-la-moquette-de-cette-voiture-les-fait-tiquer","status":"publish","type":"post","link":"https:\/\/www.europesays.com\/fr\/519524\/","title":{"rendered":"Pr\u00e8s de Nice. Les douaniers ont le nez creux, un d\u00e9tail sur la moquette de cette voiture les fait tiquer"},"content":{"rendered":"<p>            Par<br \/>\n        <strong><br \/>\n            <a href=\"https:\/\/actu.fr\/auteur\/arthur-frand\" title=\"Consulter tous les articles de Arthur Frand\" target=\"_blank\" rel=\"noopener\">Arthur Frand<\/a><br \/>\n        <\/strong><\/p>\n<p>        Publi\u00e9 le<\/p>\n<p>            7 nov. 2025 \u00e0 12h08        <\/p>\n<p>Une sacr\u00e9e d\u00e9couverte. Dimanche 2\u00a0novembre 2025, les agents de la brigade des douanes de Menton, pr\u00e8s de <a href=\"https:\/\/actu.fr\/nice\/\" target=\"_blank\" rel=\"noopener\">Nice<\/a> dans les <a href=\"https:\/\/actu.fr\/provence-alpes-cote-d-azur\/alpes-maritimes_06\" target=\"_blank\" rel=\"noopener\">Alpes-Maritimes<\/a>, ont <strong>proc\u00e9d\u00e9 \u00e0 un contr\u00f4le de routine<\/strong> au p\u00e9age de la Turbie. Intrigu\u00e9s par une voiture espagnole, ils ont d\u00e9cid\u00e9 d\u2019approfondir leurs recherches et sont tomb\u00e9s sur une <strong>cargaison spectaculaire<\/strong>. De la r\u00e9sine de cannabis, en grande quantit\u00e9, \u00e9tait malicieusement cach\u00e9e dans ce v\u00e9hicule. <strong>En grosse quantit\u00e9<\/strong>.<\/p>\n<p>Le chien marque, des cachettes am\u00e9nag\u00e9es<\/p>\n<p class=\" wall-content\">Comme c\u2019est le cas parfois, ce dimanche 9\u00a0novembre, les agents de la brigade des douanes de Menton \u00e9taient post\u00e9s <strong>au p\u00e9age de la Turbie<\/strong>, point de passage central pour se rendre en Italie.<\/p>\n<p>    <a href=\"https:\/\/www.google.com\/maps\/embed?pb=!1m18!1m12!1m3!1d2882.399320291128!2d7.375663877346316!3d43.74380387109778!2m3!1f0!2f0!3f0!3m2!1i1024!2i768!4f13.1!3m3!1m2!1s0x12cdc326c4749f0f%3A0x354f256b1d020021!2sP%C3%A9age%20de%20La%20Turbie!5e0!3m2!1sfr!2sfr!4v1762513680578!5m2!1sfr!2sfr\" title=\"Ouvrie le lien\" target=\"_blank\" rel=\"noopener\">Cliquez ici pour visualiser le contenu<\/a><\/p>\n<p class=\" wall-content\">Ils ont d\u00e9cid\u00e9 de s\u00e9lectionner un v\u00e9hicule immatricul\u00e9 en plaques espagnoles. Le conducteur indique alors venir d\u2019Espagne et se doit aller \u00e0 Rome en Italie. Celui-ci laisse perplexe les agents de la brigade de douane. C\u2019est un ma\u00eetre de chien anti-stup\u00e9fiants qui <strong>flaire l\u2019entourloupe<\/strong>.<\/p>\n<p class=\" wall-content\">\u00ab\u2009Le chien effectue un marquage net au niveau des porti\u00e8res du v\u00e9hicule. En ouvrant, L\u2019attention des agents est attir\u00e9e par un d\u00e9tail. Ils constatent quelques anomalies au niveau de la moquette et d\u00e9couvrent en dessous une <strong>cache am\u00e9nag\u00e9e<\/strong> s\u2019av\u00e9rant contenir de nombreux sachets de r\u00e9sine de cannabis. Ils d\u00e9couvrent par ailleurs des sachets dissimul\u00e9s dans des cavit\u00e9s d\u2019une porti\u00e8re\u2009\u00bb, explique la direction r\u00e9gionale des douanes dans un communiqu\u00e9.<\/p>\n<p class=\" wall-content\">Au total, <strong>81,44\u00a0kg de marchandise<\/strong> illicite sont saisis.<\/p>\n<p>    <img   decoding=\"async\" loading=\"lazy\" src=\"https:\/\/www.europesays.com\/fr\/wp-content\/uploads\/2025\/11\/douanes-menton-portieres-960x640.jpg\" alt=\"douanes\" width=\"960\" height=\"640\"\/><br \/>\n    La r\u00e9sine de cannabis \u00e9tait notamment dissimul\u00e9e dans la porti\u00e8re d\u2019une voiture. (\u00a9Direction r\u00e9gionale des douanes)<\/p>\n<p>Votre r\u00e9gion, votre actu !<\/p>\n<p>Recevez chaque jour les infos qui comptent pour vous.<\/p>\n<p>\t<a href=\"https:\/\/actu.fr\/newsletter\" class=\"ac-btn ac-btn--corner ac-btn--medium ac-btn--blue800\" target=\"_blank\" rel=\"noopener\">S&rsquo;incrire<\/a><br \/>\nUn deuxi\u00e8me v\u00e9hicule espagnol intercept\u00e9 le lendemain<\/p>\n<p class=\" wall-content\">Mais ce n\u2019est pas tout. Le lendemain, les agents de cette m\u00eame brigade se positionnent au m\u00eame endroit, au p\u00e9age de la Turbie et font <strong>une nouvelle d\u00e9couverte<\/strong>.<\/p>\n<p class=\" wall-content\">\u00ab\u2009Ils interceptent un autre v\u00e9hicule immatricul\u00e9 en plaques espagnoles avec un couple \u00e0 bord. Lors du contr\u00f4le approfondi du v\u00e9hicule, ils d\u00e9couvrent comme dans celui de la veille des anomalies au niveau de la moquette c\u00f4t\u00e9 passager avec en dessous une cache am\u00e9nag\u00e9e ainsi qu\u2019une cache dans une porti\u00e8re. Plus de<strong> 37\u00a0kg de r\u00e9sine<\/strong> de cannabis sont saisis\u2009\u00bb, d\u00e9taille la direction r\u00e9gionale des douanes. Au total, en deux jours, 120 kg de r\u00e9sine de cannabis ont ainsi \u00e9t\u00e9 saisies.<\/p>\n<p>Prison et interdiction d\u00e9finitive de territoire<\/p>\n<p class=\" wall-content\">Le conducteur de ce deuxi\u00e8me v\u00e9hicule a reconnu avoir accept\u00e9 de transporter des stup\u00e9fiants contre r\u00e9mun\u00e9ration.<\/p>\n<p class=\" wall-content\">Les trois individus, le premier chauffeur et le couple, ont <strong>\u00e9t\u00e9 jug\u00e9s en comparution imm\u00e9diate<\/strong> le mercredi 5\u00a0novembre 2025\u2009:<\/p>\n<p class=\" wall-content\">L\u2019homme ayant transport\u00e9 plus de 80 kg de r\u00e9sine de cannabis, et d\u00e9j\u00e0 d\u00e9favorablement connu des autorit\u00e9s espagnoles, a \u00e9t\u00e9 condamn\u00e9 \u00e0 deux ans d\u2019emprisonnement, \u00e0 une interdiction du territoire d\u00e9finitive et \u00e0 une amende douani\u00e8re de 651\u2009620 euros<br \/>L\u2019individu ayant transport\u00e9 plus de 37 kg de r\u00e9sine de cannabis a \u00e9t\u00e9 condamn\u00e9 \u00e0 un an<br \/>d\u2019emprisonnement, \u00e0 une interdiction du territoire fran\u00e7ais de 10\u00a0ans et \u00e0 une amende douani\u00e8re de 298\u2009472\u00a0euros. La passag\u00e8re qui \u00e9tait dans ce v\u00e9hicule a elle \u00e9t\u00e9 relax\u00e9e.<\/p>\n<p class=\" wall-content\">Personnalisez votre actualit\u00e9 en ajoutant vos villes et m\u00e9dias en favori avec <a href=\"https:\/\/moncompte.actu.fr\" title=\"D\u00e9couvez Mon Actu\" rel=\"nofollow noopener\" data-trk=\"{&quot;cta&quot;:{&quot;action&quot;:&quot;https:\\\/\\\/moncompte.actu.fr&quot;,&quot;category&quot;:&quot;mon compte&quot;,&quot;from&quot;:&quot;article footer&quot;,&quot;name&quot;:&quot;Mon actu&quot;,&quot;type&quot;:&quot;cta&quot;}}\" target=\"_blank\">Mon Actu<\/a>.<\/p>\n","protected":false},"excerpt":{"rendered":"Par Arthur Frand Publi\u00e9 le 7 nov. 2025 \u00e0 12h08 Une sacr\u00e9e d\u00e9couverte. Dimanche 2\u00a0novembre 2025, les agents&hellip;\n","protected":false},"author":2,"featured_media":519525,"comment_status":"","ping_status":"","sticky":false,"template":"","format":"standard","meta":{"footnotes":""},"categories":[2819],"tags":[1111,11,1052,1777,674,1011,27,12,2401,1072,882,25,104],"class_list":{"0":"post-519524","1":"post","2":"type-post","3":"status-publish","4":"format-standard","5":"has-post-thumbnail","7":"category-nice","8":"tag-actu","9":"tag-actualites","10":"tag-drogue","11":"tag-eu","12":"tag-europe","13":"tag-fr","14":"tag-france","15":"tag-news","16":"tag-nice","17":"tag-police","18":"tag-provence-alpes-cote-dazur","19":"tag-republique-francaise","20":"tag-societe"},"share_on_mastodon":{"url":"https:\/\/pubeurope.com\/@fr\/115511549369650720","error":""},"_links":{"self":[{"href":"https:\/\/www.europesays.com\/fr\/wp-json\/wp\/v2\/posts\/519524","targetHints":{"allow":["GET"]}}],"collection":[{"href":"https:\/\/www.europesays.com\/fr\/wp-json\/wp\/v2\/posts"}],"about":[{"href":"https:\/\/www.europesays.com\/fr\/wp-json\/wp\/v2\/types\/post"}],"author":[{"embeddable":true,"href":"https:\/\/www.europesays.com\/fr\/wp-json\/wp\/v2\/users\/2"}],"replies":[{"embeddable":true,"href":"https:\/\/www.europesays.com\/fr\/wp-json\/wp\/v2\/comments?post=519524"}],"version-history":[{"count":0,"href":"https:\/\/www.europesays.com\/fr\/wp-json\/wp\/v2\/posts\/519524\/revisions"}],"wp:featuredmedia":[{"embeddable":true,"href":"https:\/\/www.europesays.com\/fr\/wp-json\/wp\/v2\/media\/519525"}],"wp:attachment":[{"href":"https:\/\/www.europesays.com\/fr\/wp-json\/wp\/v2\/media?parent=519524"}],"wp:term":[{"taxonomy":"category","embeddable":true,"href":"https:\/\/www.europesays.com\/fr\/wp-json\/wp\/v2\/categories?post=519524"},{"taxonomy":"post_tag","embeddable":true,"href":"https:\/\/www.europesays.com\/fr\/wp-json\/wp\/v2\/tags?post=519524"}],"curies":[{"name":"wp","href":"https:\/\/api.w.org\/{rel}","templated":true}]}}