{"id":519535,"date":"2025-11-08T01:51:17","date_gmt":"2025-11-08T01:51:17","guid":{"rendered":"https:\/\/www.europesays.com\/fr\/519535\/"},"modified":"2025-11-08T01:51:17","modified_gmt":"2025-11-08T01:51:17","slug":"palomano-ce-nouveau-parc-ou-les-enfants-jouent-a-faire-les-grands","status":"publish","type":"post","link":"https:\/\/www.europesays.com\/fr\/519535\/","title":{"rendered":"Palomano, ce nouveau parc o\u00f9 les enfants \u00ab\u00a0jouent \u00e0 faire les grands\u00a0\u00bb"},"content":{"rendered":"<p><strong>\u00c0 Toulouse, un nouveau parc immersif fait r\u00eaver les enfants : Palomano, une mini-ville \u00e0 leur hauteur o\u00f9 ils jouent \u00e0 \u00eatre pompier, pilote ou m\u00e9decin. Inspir\u00e9 de la p\u00e9dagogie Montessori, ce lieu ludique invite petits et grands \u00e0 partager deux heures d\u2019imagination et de complicit\u00e9.<\/strong><\/p>\n<p><img fetchpriority=\"high\" decoding=\"async\" width=\"1200\" height=\"900\" src=\"https:\/\/www.europesays.com\/fr\/wp-content\/uploads\/2025\/11\/Palofeu.jpeg\" alt=\"Les enfants \u00ab jouent \u00e0 faire les grands \u00bb \u00e0 Palomano Toulouse.\"  \/><\/p>\n<p>Les enfants \u00ab jouent \u00e0 faire les grands \u00bb \u00e0 Palomano Toulouse. \u00a9S\u00e9verine Sarrat\/JT<\/p>\n<p>Jouer \u00e0 la marchande ou au docteur. Se prendre pour un pompier ou un pilote d\u2019avion. Autant de <strong>jeux d\u2019imitation<\/strong> auxquels vous vous \u00eates forc\u00e9ment amus\u00e9 lorsque vous \u00e9tiez petit et, pour ceux qui ont des enfants, auxquels vos t\u00eates blondes s\u2019adonnent r\u00e9guli\u00e8rement. Et quoi de mieux que de pouvoir le faire dans un endroit pr\u00e9vu \u00e0 cet effet, o\u00f9 <strong>les d\u00e9cors et les accessoires<\/strong> permettent aux plus jeunes (de 18 mois \u00e0 10 ans) de s\u2019immerger totalement dans leur imaginaire. En effet, loin <a href=\"https:\/\/www.lejournaltoulousain.fr\/occitanie\/haute-garonne\/toulouse\/nouveau-parc-accrobranche-ouvert-toulouse-271961\/\" target=\"_blank\" rel=\"noopener\">des parcs de loisirs traditionnels<\/a>, un <strong>espace de jeux d\u2019un nouveau genre <\/strong>vient d\u2019ouvrir \u00e0 Toulouse : il s\u2019agit d\u2019<strong>une mini-ville \u00e0 hauteur d\u2019enfants nomm\u00e9e Palomano.<\/strong><\/p>\n<p>Situ\u00e9 sur l\u2019avenue de Grande-Bretagne, cet espace ludo-\u00e9ducatif, <strong>inspir\u00e9 de <a href=\"https:\/\/fr.wikipedia.org\/wiki\/P%C3%A9dagogie_Montessori\" target=\"_blank\" rel=\"noopener\">la p\u00e9dagogie Montessori<\/a>,<\/strong> est enti\u00e8rement consacr\u00e9 aux jeux d\u2019imitation, tant appr\u00e9ci\u00e9s par vos prog\u00e9nitures. Sur <strong>une surface de 560 m\u00b2<\/strong>, se d\u00e9ploient sept univers : l\u2019a\u00e9roport, la caserne de pompiers, le commissariat, le v\u00e9t\u00e9rinaire-dentiste, le coiffeur-barber, le restaurant et le supermarch\u00e9. Un espace plus calme, o\u00f9 se trouvent les livres et les poup\u00e9es, a \u00e9galement \u00e9t\u00e9 am\u00e9nag\u00e9, ainsi que deux salles d\u00e9di\u00e9es aux anniversaires. L\u00e0, les enfants disposent de <strong>deux heures pour \u00e9voluer, \u00e0 leur guise, dans les diff\u00e9rents mondes<\/strong> et se mettre dans la peau d\u2019un soldat du feu, d\u2019un policier, d\u2019un serveur ou d\u2019un p\u00e8re ou d\u2019une m\u00e8re de famille allant faire ses courses\u2026 Bref, \u00ab jouer \u00e0 faire les grands \u00bb. Pour les y aider,<strong> de multiples d\u00e9guisements, accessoires et ustensiles sont disponibles<\/strong> gratuitement sur place.<\/p>\n<p>Un moment de partage entre enfants et parents<\/p>\n<p>\u00ab L\u2019id\u00e9e est qu\u2019<strong>enfants et parents partagent un moment privil\u00e9gi\u00e9<\/strong> \u00bb, explique Am\u00e9lia Chevallier, l\u2019une des cog\u00e9rante de Palomano. Car, ici, pas de zone parents, o\u00f9 les adultes attendent patiemment que leurs bambins aient fini de jouer. A la diff\u00e9rence des parcs de loisirs ou de jeux classiques, adultes et enfants \u00e9voluent ensemble : \u00ab Nous ne sommes pas un endroit o\u00f9 les petits viennent se d\u00e9fouler pendant que les plus grands regardent. Au contraire, nous souhaitons qu\u2019ils <strong>cr\u00e9ent du lien, qu\u2019ils profitent en famille<\/strong> \u00bb, pr\u00e9cise la fondatrice du lieu. D\u2019ailleurs, elle attend prochainement l\u2019arriv\u00e9e de d\u00e9guisements pour les grands ! <\/p>\n<p>C\u2019est cet objectif qu\u2019elle recherche, tout comme son associ\u00e9e L\u00e9a Ringot-Anderhalt. Toutes deux \u00e9taient \u00e9ducatrices de jeunes enfants avant de se lancer, en franchise, dans l\u2019entrepreneuriat et <strong>ouvrir, en octobre dernier, Palomano<\/strong>. Avec d\u00e9j\u00e0 huit parcs de la m\u00eame enseigne install\u00e9s dans toute la France, <strong>la marque conna\u00eet un vif succ\u00e8s<\/strong>. C\u2019est d\u2019ailleurs en se rendant, avec sa fille, dans l\u2019un d\u2019entre eux qu\u2019Am\u00e9lia Chevallier a eu une r\u00e9v\u00e9lation : \u00ab Avec L\u00e9a, nous travaillions depuis sept ans dans une Maison d\u2019assistantes maternelles (MAM) et nous aspirions \u00e0 autre chose. La d\u00e9couverte de ce lieu nous a s\u00e9duites \u00bb, t\u00e9moigne-t-elle. Et c\u2019est en d\u00e9couvrant les fondateurs de Palomano dans <a href=\"https:\/\/www.m6.fr\/qui-veut-etre-mon-associe--p_15951\" target=\"_blank\" rel=\"noopener\">l\u2019\u00e9mission \u201cQui veut \u00eatre mon associ\u00e9 ?\u201d, diffus\u00e9e sur M6<\/a> en 2024, qu\u2019elles se d\u00e9cident.<\/p>\n<p>Deux heures au paradis des enfants<\/p>\n<p><img loading=\"lazy\" decoding=\"async\" width=\"1200\" height=\"865\" src=\"https:\/\/www.europesays.com\/fr\/wp-content\/uploads\/2025\/11\/palomarket.jpg\" alt=\"palomarket\"  \/><\/p>\n<p>Et si vous alliez faire les courses avec vos enfants ? \u00a9Palomano<\/p>\n<p>Leur franchise, qui n\u2019a ouvert ses portes \u00e0 Toulouse qu\u2019il y a un mois, a d\u00e9j\u00e0 trouv\u00e9 son public. \u00ab Nous accueillons aussi bien les scolaires et les assistantes maternelles, que le grand public \u00bb, explique Am\u00e9lia Chevallier. Avec <strong>une capacit\u00e9 d\u2019accueil de 180 personnes<\/strong>, \u00ab nous \u00e9tions complets durant toutes les vacances de la Toussaint, et nous le sommes tous les week-ends \u00bb, pr\u00e9cise-t-elle ravie. Et elle n\u2019est pas la seule semble-t-il : \u00ab Les retours de nos clients sont positifs dans 98% des cas ! \u00bb Ces derniers vantent <strong>la qualit\u00e9 des jeux et des d\u00e9cors<\/strong>, quasiment tous en bois, et <strong>la possibilit\u00e9 de jouer et d\u2019\u00e9voluer avec leurs enfants <\/strong>dans les diff\u00e9rents univers. <\/p>\n<p>Quant \u00e0<strong> la propret\u00e9, \u00ab elle doit \u00eatre irr\u00e9prochable ! \u00bb<\/strong> Pour cela, Palomano fait appel \u00e0 des int\u00e9rimaires, tout comme pour l\u2019accueil et<strong> les animations. Ces derni\u00e8res sont organis\u00e9es tous les week-ends <\/strong>par des com\u00e9diens. Pin-pon, le chef des pompiers, peut par exemple proposer aux enfants un entra\u00eenement en musique, ou un enqu\u00eateur peut les embarquer dans une chasse au tr\u00e9sor impromptue. \u00ab Des animations qui ont lieu toutes les heures, les samedis et dimanches \u00bb, d\u00e9crit Am\u00e9lia Chevallier. De m\u00eame, <strong>des \u00e9v\u00e9nements particuliers sont planifi\u00e9s \u00e0 Halloween, No\u00ebl, P\u00e2ques ou \u00e0 la Saint-Valentin.<\/strong><\/p>\n<p><img loading=\"lazy\" decoding=\"async\" width=\"1200\" height=\"809\" src=\"https:\/\/www.europesays.com\/fr\/wp-content\/uploads\/2025\/11\/Palodentiste.jpg\" alt=\"Palodentiste\"  \/><\/p>\n<p>Ou chez le dentiste ? \u00a9Palomano<\/p>\n<p>Et si le bruit ambiant est le seul b\u00e9mol que les clients ont soulev\u00e9, mais qui reste inh\u00e9rent \u00e0 tout parc o\u00f9 la concentration d\u2019enfants est importante, la cog\u00e9rante de Palomano rassure : \u00ab Nous allons mener des \u00e9tudes acoustiques pour l\u2019att\u00e9nuer le plus possible ! \u00bb Autre projet : le d\u00e9veloppement d\u2019un partenariat avec l\u2019h\u00f4pital des enfants, situ\u00e9 juste derri\u00e8re le parc, afin que les petits malades puissent aussi en profiter. Car ici, <strong>tout est fait et pens\u00e9 pour les plus jeunes<\/strong> qui, pour une fois, donnent les instructions \u00e0 leurs parents. \u00ab Ils finissent d\u2019ailleurs r\u00e9guli\u00e8rement dans la prison du commissariat ! \u00bb s\u2019amuse Am\u00e9lia Chevallier. <\/p>\n<p class=\"has-text-align-right\">Infos pratiques : Palomano Purpan, 334 avenue de Grande-Bretagne \u00e0 Toulouse. Ouvert les mercredis, samedis et dimanches de 9h20 \u00e0 19h, les mardis et vendredis de 14h40 \u00e0 19h et tous les jours durant les vacances scolaires de 9h20 \u00e0 19h. Tarifs : 15\u20ac par enfant et 7\u20ac par adulte. R\u00e9servations <a href=\"https:\/\/palomano.qweekle.com\/shop\/palomano-toulouse\" target=\"_blank\" rel=\"noopener\">en ligne<\/a> ou au 05.61.30.97.15.<\/p>\n","protected":false},"excerpt":{"rendered":"\u00c0 Toulouse, un nouveau parc immersif fait r\u00eaver les enfants : Palomano, une mini-ville \u00e0 leur hauteur o\u00f9&hellip;\n","protected":false},"author":2,"featured_media":519536,"comment_status":"","ping_status":"","sticky":false,"template":"","format":"standard","meta":{"footnotes":""},"categories":[2816],"tags":[1111,11,64053,1777,674,1011,27,12,2680,61101,25,2312],"class_list":{"0":"post-519535","1":"post","2":"type-post","3":"status-publish","4":"format-standard","5":"has-post-thumbnail","7":"category-toulouse","8":"tag-actu","9":"tag-actualites","10":"tag-ce-nouveau-parc-ou00f9-les-enfants-jouent-u00e0-faire-les-grands","11":"tag-eu","12":"tag-europe","13":"tag-fr","14":"tag-france","15":"tag-news","16":"tag-occitanie","17":"tag-palomano","18":"tag-republique-francaise","19":"tag-toulouse"},"share_on_mastodon":{"url":"https:\/\/pubeurope.com\/@fr\/115511577562219899","error":""},"_links":{"self":[{"href":"https:\/\/www.europesays.com\/fr\/wp-json\/wp\/v2\/posts\/519535","targetHints":{"allow":["GET"]}}],"collection":[{"href":"https:\/\/www.europesays.com\/fr\/wp-json\/wp\/v2\/posts"}],"about":[{"href":"https:\/\/www.europesays.com\/fr\/wp-json\/wp\/v2\/types\/post"}],"author":[{"embeddable":true,"href":"https:\/\/www.europesays.com\/fr\/wp-json\/wp\/v2\/users\/2"}],"replies":[{"embeddable":true,"href":"https:\/\/www.europesays.com\/fr\/wp-json\/wp\/v2\/comments?post=519535"}],"version-history":[{"count":0,"href":"https:\/\/www.europesays.com\/fr\/wp-json\/wp\/v2\/posts\/519535\/revisions"}],"wp:featuredmedia":[{"embeddable":true,"href":"https:\/\/www.europesays.com\/fr\/wp-json\/wp\/v2\/media\/519536"}],"wp:attachment":[{"href":"https:\/\/www.europesays.com\/fr\/wp-json\/wp\/v2\/media?parent=519535"}],"wp:term":[{"taxonomy":"category","embeddable":true,"href":"https:\/\/www.europesays.com\/fr\/wp-json\/wp\/v2\/categories?post=519535"},{"taxonomy":"post_tag","embeddable":true,"href":"https:\/\/www.europesays.com\/fr\/wp-json\/wp\/v2\/tags?post=519535"}],"curies":[{"name":"wp","href":"https:\/\/api.w.org\/{rel}","templated":true}]}}