{"id":519543,"date":"2025-11-08T01:56:14","date_gmt":"2025-11-08T01:56:14","guid":{"rendered":"https:\/\/www.europesays.com\/fr\/519543\/"},"modified":"2025-11-08T01:56:14","modified_gmt":"2025-11-08T01:56:14","slug":"martine-vassal-devant-au-1er-tour-selon-un-sondage-ifop-benoit-payan-vainqueur-au-2e-tour","status":"publish","type":"post","link":"https:\/\/www.europesays.com\/fr\/519543\/","title":{"rendered":"Martine Vassal devant au 1er tour selon un sondage Ifop, Beno\u00eet Payan vainqueur au 2e tour"},"content":{"rendered":"<p>L\u2019heure du rebond pour Martine Vassal\u00a0? Dans un sondage Ifop command\u00e9 par Les Amis de Martine Vassal, que La Provence a pu consulter*, la pr\u00e9sidente de la M\u00e9tropole et du D\u00e9partement se retrouverait avantageusement en t\u00eate au 1er tour des municipales de mars\u00a02026, avec 29% des intentions de vote.<\/p>\n<p>Soit deux points de plus par rapport <a href=\"https:\/\/www.laprovence.com\/article\/politique\/1239748472185915\/info-la-provence-sondage-ifop-municipales-2026-a-marseille-martine-vassal-et-benoit-payan-au-coude-a-coude\" target=\"_blank\" rel=\"noopener\">\u00e0 la pr\u00e9c\u00e9dente \u00e9tude Ifop<\/a> de juin d\u00e9j\u00e0 command\u00e9e par son micro-parti. Beno\u00eet Payan (DVG) est cr\u00e9dit\u00e9 de 26%, Franck Allisio (RN) de 23%. \u00ab\u00a0Cette enqu\u00eate montre une tripolarisation \u00e0 Marseille\u00a0: Martine Vassal, Beno\u00eet Payan et Franck Allisio progressent par rapport aux r\u00e9sultats des municipales de mars\u00a02020\u00a0\u00bb, estime Fr\u00e9d\u00e9ric Dabi, directeur g\u00e9n\u00e9ral de l\u2019Ifop.<\/p>\n<p>La strat\u00e9gie de Vassal valid\u00e9e\u00a0?<\/p>\n<p>Mi-septembre, Martine Vassal avait <a href=\"https:\/\/www.laprovence.com\/article\/politique\/3096758331152114\/municipales-2026-a-marseille-martine-vassal-precipite-son-entree-en-campagne\" target=\"_blank\" rel=\"noopener\">pr\u00e9cipit\u00e9 son entr\u00e9e en campagne<\/a>. Une p\u00e9riode marqu\u00e9e par les investigations men\u00e9es par le parquet,<a href=\"https:\/\/www.laprovence.com\/article\/politique\/6617205270711914\/municipales-2026-a-marseille-la-campagne-de-martine-vassal-percutee-par-une-serie-de-perquisitions\" target=\"_blank\" rel=\"noopener\"> avec perquisitions \u00e0 la clef<\/a>, sur de possibles d\u00e9tournements de fonds publics. Deux mois plus tard, la candidate d\u2019union de la droite et du centre voit sa strat\u00e9gie d\u2019un feu nourri contre le sortant Beno\u00eet Payan (DVG) valid\u00e9e par les r\u00e9sultats de ce sondage. Depuis l\u2019annonce de sa candidature officielle, Martine Vassal a \u00e9gren\u00e9 les \u00e9l\u00e9ments de consolidation de sa candidature d\u2019union de la droite et du centre (investitures de LR et Horizons, soutien local de Renaissance) tout en menant une campagne ax\u00e9e sur la th\u00e9matique s\u00e9curitaire. \u00ab\u00a0Martine Vassal sort en t\u00eate chez les plus de 65\u00a0ans, c\u2019est int\u00e9ressant pour elle, dit Fr\u00e9d\u00e9ric Dabi. Beno\u00eet Payan, lui, est premier chez les plus de 35\u00a0ans.\u00a0\u00bb<\/p>\n<p>D\u00e9tail qui a son importance\u00a0: les 700 personnes sond\u00e9es ont \u00e9t\u00e9 appel\u00e9es par l\u2019Ifop du 28\u00a0octobre au 3\u00a0novembre, au sortir de la pol\u00e9mique sur l\u2019annulation de la projection du film Sacr\u00e9-C\u0153ur \u00e0 la Buzine par Beno\u00eet Payan, finalement d\u00e9savou\u00e9 par la justice. Une s\u00e9quence sur laquelle avaient <a href=\"https:\/\/www.laprovence.com\/article\/politique\/211523643797214\/la-droite-denonce-la-deprogrammation-du-film-religieux-sacre-coeur-par-la-ville-de-marseille\" target=\"_blank\" rel=\"noopener\">all\u00e8grement surf\u00e9 Martine Vassal et ses \u00e9quipes<\/a>. \u00ab\u00a0Martine Vassal consolide son avance au 1er tour par rapport au sondage de cet \u00e9t\u00e9, se r\u00e9jouit son porte-parole de campagne, Romain Simmarano (Renaissance). \u00c7a veut dire que l\u2019union de la droite, du centre et des \u00e9cologistes raisonnables est la seule alternative possible pour donner un destin \u00e0 cette ville.\u00a0\u00bb<\/p>\n<p>Payan se maintient<\/p>\n<p>Derri\u00e8re Martine Vassal, Beno\u00eet Payan, test\u00e9 avec le soutien du PS et du PCF, appara\u00eet comme son principal challenger\u00a0: il ressort au 1er tour \u00e0 26% s\u2019il devait affronter deux listes concurrentes \u00e0 gauche. Un score stable par rapport \u00e0 juin (-1). Pour le directeur g\u00e9n\u00e9ral de l\u2019Ifop, \u00ab\u00a0le maire sortant n\u2019est pas en t\u00eate mais il peut esp\u00e9rer capitaliser sur son alliance avec EELV. M\u00eame si les municipales sont l\u2019\u00e9lection o\u00f9 les \u00e9tiquettes de partis politiques comptent traditionnellement le moins\u00a0\u00bb.<\/p>\n<p>L\u2019\u00e9tude comporte toutefois un biais\u00a0: Beno\u00eet Payan est pr\u00e9sent\u00e9 sans le soutien des Ecologistes-EELV, qui ont pourtant vot\u00e9 \u00e0 une large majorit\u00e9, le 14\u00a0octobre, <a href=\"https:\/\/www.laprovence.com\/article\/elections\/2494112942444214\/municipales-2026-a-marseille-les-ecologistes-prets-a-continuer-avec-le-printemps-marseillais\" target=\"_blank\" rel=\"noopener\">une alliance avec le Printemps marseillais<\/a>. Au contraire, S\u00e9bastien Barles, pourtant suspendu par EELV en juillet, est sond\u00e9 comme candidat des \u00e9cologistes. Une nuance que justifie Fr\u00e9d\u00e9ric Dabi\u00a0: \u00ab\u00a0Beno\u00eet Payan est test\u00e9 avec l\u2019\u00e9tiquette de la majorit\u00e9 municipale, qui comprend des \u00e9cologistes.\u00a0\u00bb<\/p>\n<p>Joint par La Provence, Beno\u00eet Payan &#8211; qui n\u2019est pas officiellement candidat &#8211; observe avec circonspection cette enqu\u00eate\u00a0: \u00ab\u00a0Je n\u2019ai jamais comment\u00e9 les sondages. Je remarque toutefois que pour Martine Vassal, c\u2019est beaucoup d\u2019argent d\u00e9pens\u00e9 pour me voir, \u00e0 la fin, \u00eatre maire de Marseille. Et puis, une \u00e9lection, ce n\u2019est pas un sondage\u2026\u00a0\u00bb<\/p>\n<p>Sous la seule \u00e9tiquette LFI, <a href=\"https:\/\/www.laprovence.com\/article\/elections\/1990768482896214\/municipales-2026-a-marseille-sebastien-barles-et-le-collectif-vai-sallient-a-lfi\" target=\"_blank\" rel=\"noopener\">S\u00e9bastien Delogu glanerait<\/a> 13% des voix, en repli par rapport \u00e0 juin\u00a02025 (-2). \u00ab\u00a0Il ne serait choisi que par 40% de l\u2019\u00e9lectorat de Jean-Luc M\u00e9lenchon en\u00a02022, contre un tiers qui irait \u00e0 Beno\u00eet Payan\u00a0\u00bb, ajoute Fr\u00e9d\u00e9ric Dabi. Hedi Bounouar, directeur de campagne de LFI pour ces municipales, se r\u00e9f\u00e8re \u00e0 la victoire r\u00e9cente surprise de Zohran Mamdani aux \u00c9tats-Unis\u00a0: \u00ab\u00a0Il y a une personnalit\u00e9 politique qui a commenc\u00e9 \u00e0 1% dans les sondages \u00e0 New York, et qui a finalement remport\u00e9 l\u2019\u00e9lection. Ce sont les \u00e9lections qui font les \u00e9lus, pas les sondages.\u00a0\u00bb<\/p>\n<p>Allisio\u00a0: l\u2019effet Ravier sans bonus<\/p>\n<p>La surprise la plus importante de ce sondage r\u00e9side toutefois dans le score de Franck Allisio. S\u2019il a obtenu <a href=\"https:\/\/www.laprovence.com\/article\/elections\/1521213403814315\/exclusif-municipales-2026-a-marseille-stephane-ravier-passe-son-tour-et-soutient-le-rn-franck-allisio\" target=\"_blank\" rel=\"noopener\">le ralliement du s\u00e9nateur St\u00e9phane Ravier<\/a> (ex-RN, ex-Reconqu\u00eate) le 2\u00a0octobre dernier, le d\u00e9put\u00e9 de Vitrolles ne capitalise pas davantage qu\u2019un report m\u00e9canique des voix. Avec 23% des intentions de vote, le candidat du RN serait au m\u00eame niveau que l\u2019addition des scores obtenus lors de la pr\u00e9c\u00e9dente \u00e9tude command\u00e9e par les Amis de Martine Vassal en juin.<\/p>\n<p>Un score d\u00e9cevant de nature \u00e0 remettre en cause la strat\u00e9gie d\u2019ouverture \u00e0 d\u2019anciens LR et macronistes du candidat d\u2019extr\u00eame droite\u00a0? \u00ab\u00a0On est en d\u00e9but de campagne, le RN peut encore progresser. On est dans une p\u00e9riode d\u2019attente li\u00e9e \u00e0 la situation nationale qui paralyse l\u2019int\u00e9r\u00eat des Fran\u00e7ais pour les municipales\u00a0\u00bb, analyse Fr\u00e9d\u00e9ric Dabi.<\/p>\n<p>Parti \u00e0 la p\u00eache aux \u00e9lecteurs du centre-droit d\u00e9laiss\u00e9s par Martine Vassal, <a href=\"https:\/\/www.laprovence.com\/article\/politique\/3076091261920214\/municipales-2026-le-divers-droit-frederic-collart-oui-je-suis-candidat-a-marseille\" target=\"_blank\" rel=\"noopener\">Fr\u00e9d\u00e9ric Collart (DVD)<\/a> ne parvient toujours pas \u00e0 enclencher une dynamique favorable\u00a0: le professeur de m\u00e9decine reste englu\u00e9 \u00e0 3% des voix. Ce qui pourrait nourrir sa r\u00e9flexion sur l\u2019opportunit\u00e9 de continuer ou non une aventure solitaire. \u00ab\u00a0Il a un probl\u00e8me de notori\u00e9t\u00e9 et d\u2019espace puisque Martine Vassal incarne le bloc central. 49% des \u00e9lecteurs d\u2019Emmanuel Macron voteraient pour elle\u00a0\u00bb, juge Fr\u00e9d\u00e9ric Dabi.<\/p>\n<p>La triangulaire pour Payan<\/p>\n<p>Au deuxi\u00e8me tour, dans une triangulaire avec Martine Vassal (DVD) et Franck Allisio (RN), o\u00f9 Beno\u00eet Payan profiterait de l\u2019absence d\u2019une liste insoumise, le maire sortant serait cr\u00e9dit\u00e9 de 39% des suffrages, en l\u00e9ger recul par rapport \u00e0 juin (-2). Mais toujours devant Martine Vassal\u00a0: la candidate de droite perdrait \u00e9galement deux points, \u00e0 34%. Franck Allisio progresserait de 23 \u00e0 27%, sans toutefois \u00eatre en mesure de disputer la victoire finale.<\/p>\n<p>\u00ab\u00a0L\u2019analyse d\u2019un second tour est fragile parce qu\u2019il manque une donn\u00e9e essentielle\u00a0: la connaissance des r\u00e9sultats du 1er tour, pr\u00e9vient le directeur g\u00e9n\u00e9ral de l\u2019Ifop. Avec ce sondage \u00e0 quatre mois du scrutin, on est sur quelque chose de statique alors que le second tour, c\u2019est une dynamique.\u00a0\u00bb<\/p>\n<p>A contrario, la conqu\u00eate de la mairie de Marseille par Beno\u00eet Payan passerait obligatoirement par le maintien de Martine Vassal, qui figerait l\u2019\u00e9lectorat de droite pour l\u2019emp\u00eacher de fuir vers le RN. \u00ab\u00a0Il serait en t\u00eate dans une hypoth\u00e8se sans LFI, qui soit se serait d\u00e9sist\u00e9, soit se serait alli\u00e9 avec Beno\u00eet Payan. Personne ne doit penser qu\u2019on laisserait passer un tel coup de canif dans le pacte r\u00e9publicain, tonne Romain Simmarano. Parce que ce pacte r\u00e9publicain, pour notre part, nous le respecterons.\u00a0\u00bb<\/p>\n<p>\u00ab\u00a0On constate une vraie incertitude, comme en\u00a02020 finalement\u00a0\u00bb, conclut Fr\u00e9d\u00e9ric Dabi.<\/p>\n<p><strong>* Sondage Ifop pour Les Amis de Martine Vassal men\u00e9 aupr\u00e8s d\u2019un \u00e9chantillon de 700 personnes inscrites sur les listes \u00e9lectorales, repr\u00e9sentatif de la population marseillaise \u00e2g\u00e9e de 18\u00a0ans et plus, selon la m\u00e9thode des quotas. Les interviews ont \u00e9t\u00e9 men\u00e9es par t\u00e9l\u00e9phone du 28\u00a0octobre au 3\u00a0novembre\u00a02025.<\/strong>&#13;\n<\/p>\n<p><strong>Modifi\u00e9 \u00e0 19h avec les r\u00e9actions \u00e0 la suite de la publication du sondage.<\/strong><\/p>\n","protected":false},"excerpt":{"rendered":"L\u2019heure du rebond pour Martine Vassal\u00a0? Dans un sondage Ifop command\u00e9 par Les Amis de Martine Vassal, que&hellip;\n","protected":false},"author":2,"featured_media":519544,"comment_status":"","ping_status":"","sticky":false,"template":"","format":"standard","meta":{"footnotes":""},"categories":[2814],"tags":[15467,17,1111,11,13413,5949,1777,674,1011,27,884,10203,3434,12,882,25,3584,14243],"class_list":{"0":"post-519543","1":"post","2":"type-post","3":"status-publish","4":"format-standard","5":"has-post-thumbnail","7":"category-marseille","8":"tag-1er","9":"tag-17","10":"tag-actu","11":"tag-actualites","12":"tag-devant","13":"tag-elections","14":"tag-eu","15":"tag-europe","16":"tag-fr","17":"tag-france","18":"tag-marseille","19":"tag-martine","20":"tag-municipales-2026","21":"tag-news","22":"tag-provence-alpes-cote-dazur","23":"tag-republique-francaise","24":"tag-tour","25":"tag-vassal"},"share_on_mastodon":{"url":"https:\/\/pubeurope.com\/@fr\/115511596392306993","error":""},"_links":{"self":[{"href":"https:\/\/www.europesays.com\/fr\/wp-json\/wp\/v2\/posts\/519543","targetHints":{"allow":["GET"]}}],"collection":[{"href":"https:\/\/www.europesays.com\/fr\/wp-json\/wp\/v2\/posts"}],"about":[{"href":"https:\/\/www.europesays.com\/fr\/wp-json\/wp\/v2\/types\/post"}],"author":[{"embeddable":true,"href":"https:\/\/www.europesays.com\/fr\/wp-json\/wp\/v2\/users\/2"}],"replies":[{"embeddable":true,"href":"https:\/\/www.europesays.com\/fr\/wp-json\/wp\/v2\/comments?post=519543"}],"version-history":[{"count":0,"href":"https:\/\/www.europesays.com\/fr\/wp-json\/wp\/v2\/posts\/519543\/revisions"}],"wp:featuredmedia":[{"embeddable":true,"href":"https:\/\/www.europesays.com\/fr\/wp-json\/wp\/v2\/media\/519544"}],"wp:attachment":[{"href":"https:\/\/www.europesays.com\/fr\/wp-json\/wp\/v2\/media?parent=519543"}],"wp:term":[{"taxonomy":"category","embeddable":true,"href":"https:\/\/www.europesays.com\/fr\/wp-json\/wp\/v2\/categories?post=519543"},{"taxonomy":"post_tag","embeddable":true,"href":"https:\/\/www.europesays.com\/fr\/wp-json\/wp\/v2\/tags?post=519543"}],"curies":[{"name":"wp","href":"https:\/\/api.w.org\/{rel}","templated":true}]}}