{"id":51955,"date":"2025-04-25T14:31:08","date_gmt":"2025-04-25T14:31:08","guid":{"rendered":"https:\/\/www.europesays.com\/fr\/51955\/"},"modified":"2025-04-25T14:31:08","modified_gmt":"2025-04-25T14:31:08","slug":"un-ancien-enqueteur-de-la-police-a-bastia-mis-en-examen-et-incarcere","status":"publish","type":"post","link":"https:\/\/www.europesays.com\/fr\/51955\/","title":{"rendered":"un ancien enqu\u00eateur de la police \u00e0 Bastia mis en examen et incarc\u00e9r\u00e9"},"content":{"rendered":"<p>La nouvelle est pass\u00e9e sous les radars, signe de la sensibilit\u00e9 du dossier et du caract\u00e8re in\u00e9dit des faits soup\u00e7onn\u00e9s. Selon des informations de Corse-Matin, confirm\u00e9es par le parquet de Marseille, un ancien membre du service de police judiciaire du commissariat de Bastia a \u00e9t\u00e9 <strong>mis en examen et plac\u00e9 en d\u00e9tention provisoire<\/strong> dans le cadre de l&rsquo;enqu\u00eate sur <strong>l&rsquo;assassinat de David Costa-Dolesi. <\/strong>Il est poursuivi pour \u00ab\u00a0assassinat en bande organis\u00e9e et association de malfaiteurs\u00a0\u00bb.<\/p>\n<p>L&rsquo;homicide avait \u00e9t\u00e9 commis le 17 octobre 2023, en plein jour, au c\u0153ur de la citadelle de Bastia, un quartier touristique de la ville.<\/p>\n<p>Officier de police judiciaire et enqu\u00eateur exp\u00e9riment\u00e9,<strong> <\/strong><strong>Christophe Demailly<\/strong> a \u00e9t\u00e9 plac\u00e9 en garde \u00e0 vue au d\u00e9but du mois d&rsquo;avril, avant d&rsquo;\u00eatre incarc\u00e9r\u00e9 dans un centre p\u00e9nitentiaire sur le continent. \u00c0 ce stade, aucune information n&rsquo;a filtr\u00e9 sur le r\u00f4le qu&rsquo;il est soup\u00e7onn\u00e9 d&rsquo;avoir jou\u00e9 dans ce dossier. C&rsquo;est dire l&rsquo;opacit\u00e9 qui r\u00e8gne autour de cette affaire sensible.<\/p>\n<p>L&rsquo;enqu\u00eate est entre les mains de la juridiction interr\u00e9gionale sp\u00e9cialis\u00e9e (Jirs) de Marseille, comp\u00e9tente en mati\u00e8re de lutte contre la criminalit\u00e9 organis\u00e9e. Ce fonctionnaire de police est le seul mis en examen, \u00e0 ce stade, dans cette instruction. Le mis en cause \u00e9tait en poste \u00e0 Bastia au moment des faits, avant d&rsquo;\u00eatre mut\u00e9 sur le continent. Selon nos informations, il \u00e9tait en arr\u00eat maladie au moment de son arrestation. Son avocat n&rsquo;a pu \u00eatre joint par nos soins. A ce stade, le mis en cause b\u00e9n\u00e9ficie de la pr\u00e9somption d&rsquo;innocence.<\/p>\n<p>Deux tireurs \u00e0 pied<\/p>\n<p>Le mardi 17 octobre 2023, David Costa-Dolesi, 41 ans, avait \u00e9t\u00e9 la cible de tirs d&rsquo;arme \u00e0 feu aux alentours de 16 h 20 alors qu&rsquo;il s&rsquo;appr\u00eatait \u00e0 entrer dans un caf\u00e9 situ\u00e9 sur une place de ce quartier du centre historique de Bastia. Selon nos informations, deux hommes v\u00eatus d&rsquo;un blouson sombre, capuche sur la t\u00eate et dont le visage \u00e9tait masqu\u00e9, ont fait feu \u00e0 plusieurs reprises sur la victime. Les assaillants ont d&rsquo;abord p\u00e9n\u00e9tr\u00e9 dans l&rsquo;\u00e9tablissement, avant de tirer sur le quadrag\u00e9naire, quelques secondes plus tard, au moment o\u00f9 celui-ci franchissait le pas de la porte du commerce.<\/p>\n<p>David Costa<\/p>\n<p>-Dolesi est d\u00e9c\u00e9d\u00e9 une heure plus tard. Selon une source proche de l&rsquo;enqu\u00eate, il aurait \u00e9t\u00e9 atteint de plusieurs balles sur le haut du corps, vraisemblablement tir\u00e9es avec des armes de poing.<\/p>\n<p>Les tireurs ont pris la fuite \u00e0 pied par les ruelles de la citadelle.<\/p>\n<p>Cet homicide pourrait s&rsquo;inscrire dans le cadre d&rsquo;un r\u00e8glement de comptes au sein du banditisme.<\/p>\n<p>David Costa-Dolesi avait \u00e9t\u00e9 mis en cause dans l&rsquo;enqu\u00eate sur un r\u00e9seau de machines \u00e0 sous, entre 2017 et 2019, dans la r\u00e9gion bastiaise et en Plaine orientale. Il avait \u00e9t\u00e9 condamn\u00e9, en juillet 2023, par le tribunal correctionnel de Bastia \u00e0 une peine de cinq ans de prison ferme et \u00e0 une amende de 30 000 euros. Faisant l&rsquo;objet d&rsquo;un mandat de d\u00e9p\u00f4t diff\u00e9r\u00e9, il devait purger cette peine \u00e0 partir du 8 novembre 2023.<\/p>\n<p>En 2015, il avait \u00e9t\u00e9 condamn\u00e9 par le tribunal correctionnel de Marseille \u00e0 trois ans d&#8217;emprisonnement pour association de malfaiteurs.<\/p>\n<p>Il apparaissait \u00e9galement dans un fichier de la police judiciaire, datant de 2023, r\u00e9pertoriant 25 bandes criminelles op\u00e9rant dans l&rsquo;\u00eele.<\/p>\n","protected":false},"excerpt":{"rendered":"La nouvelle est pass\u00e9e sous les radars, signe de la sensibilit\u00e9 du dossier et du caract\u00e8re in\u00e9dit des&hellip;\n","protected":false},"author":2,"featured_media":51956,"comment_status":"","ping_status":"","sticky":false,"template":"","format":"standard","meta":{"footnotes":""},"categories":[2],"tags":[17,11,4255,6744,1102,2512,14494,8842,14495,274,1011,27,1922,12,25],"class_list":{"0":"post-51955","1":"post","2":"type-post","3":"status-publish","4":"format-standard","5":"has-post-thumbnail","7":"category-actualites","8":"tag-17","9":"tag-actualites","10":"tag-ancien","11":"tag-assassinat","12":"tag-breakingnews","13":"tag-corse-matin","14":"tag-costa-dolesi","15":"tag-david","16":"tag-enqueteur","17":"tag-faits-divers-justice","18":"tag-fr","19":"tag-france","20":"tag-info","21":"tag-news","22":"tag-republique-francaise"},"share_on_mastodon":{"url":"https:\/\/pubeurope.com\/@fr\/114399090157624655","error":""},"_links":{"self":[{"href":"https:\/\/www.europesays.com\/fr\/wp-json\/wp\/v2\/posts\/51955","targetHints":{"allow":["GET"]}}],"collection":[{"href":"https:\/\/www.europesays.com\/fr\/wp-json\/wp\/v2\/posts"}],"about":[{"href":"https:\/\/www.europesays.com\/fr\/wp-json\/wp\/v2\/types\/post"}],"author":[{"embeddable":true,"href":"https:\/\/www.europesays.com\/fr\/wp-json\/wp\/v2\/users\/2"}],"replies":[{"embeddable":true,"href":"https:\/\/www.europesays.com\/fr\/wp-json\/wp\/v2\/comments?post=51955"}],"version-history":[{"count":0,"href":"https:\/\/www.europesays.com\/fr\/wp-json\/wp\/v2\/posts\/51955\/revisions"}],"wp:featuredmedia":[{"embeddable":true,"href":"https:\/\/www.europesays.com\/fr\/wp-json\/wp\/v2\/media\/51956"}],"wp:attachment":[{"href":"https:\/\/www.europesays.com\/fr\/wp-json\/wp\/v2\/media?parent=51955"}],"wp:term":[{"taxonomy":"category","embeddable":true,"href":"https:\/\/www.europesays.com\/fr\/wp-json\/wp\/v2\/categories?post=51955"},{"taxonomy":"post_tag","embeddable":true,"href":"https:\/\/www.europesays.com\/fr\/wp-json\/wp\/v2\/tags?post=51955"}],"curies":[{"name":"wp","href":"https:\/\/api.w.org\/{rel}","templated":true}]}}