{"id":519553,"date":"2025-11-08T02:06:39","date_gmt":"2025-11-08T02:06:39","guid":{"rendered":"https:\/\/www.europesays.com\/fr\/519553\/"},"modified":"2025-11-08T02:06:39","modified_gmt":"2025-11-08T02:06:39","slug":"le-rectorat-suspend-trois-enseignants-de-maternelle","status":"publish","type":"post","link":"https:\/\/www.europesays.com\/fr\/519553\/","title":{"rendered":"le rectorat suspend trois enseignants de maternelle"},"content":{"rendered":"<p>            Par<br \/>\n        <strong><br \/>\n            <a href=\"https:\/\/actu.fr\/auteur\/redaction-paris\" title=\"Consulter tous les articles de R\u00e9daction Paris\" target=\"_blank\" rel=\"noopener\">R\u00e9daction Paris<\/a><br \/>\n        <\/strong><\/p>\n<p>        Publi\u00e9 le<\/p>\n<p>            7 nov. 2025 \u00e0 17h18        <\/p>\n<p>\u00ab\u2009Depuis la rentr\u00e9e scolaire, <a href=\"https:\/\/actu.fr\/tag\/academie-de-paris\" target=\"_blank\" rel=\"noopener\">l\u2019acad\u00e9mie de Paris<\/a> a proc\u00e9d\u00e9 \u00e0 la <strong>suspension de trois professeurs<\/strong> des \u00e9coles \u00e0 la suite de plaintes portant sur des faits pr\u00e9sum\u00e9s de <a href=\"https:\/\/actu.fr\/tag\/violences-sexuelles\" target=\"_blank\" rel=\"noopener\">violences sexuelles<\/a> sur des enfants\u2009\u00bb, a indiqu\u00e9 le rectorat de Paris dans un communiqu\u00e9.<\/p>\n<p>10e, 19e et 20e<\/p>\n<p class=\" wall-content\">Trois enseignants d\u2019\u00e9coles maternelles parisiennes ont \u00e9t\u00e9 suspendus ces derni\u00e8res semaines apr\u00e8s des <strong>soup\u00e7ons de \u00ab\u2009violences sexuelles\u2009\u00bb<\/strong>, a indiqu\u00e9 vendredi 7 novembre 2025 le rectorat de Paris, confirmant des informations du journal <a href=\"https:\/\/www.leparisien.fr\/paris-75\/comment-cest-possible-trois-enseignants-de-maternelle-suspendus-dans-des-affaires-dagression-sexuelle-a-paris-06-11-2025-62VUUXO2Q5DLVL3HCALRTQ2W4I.php\" target=\"_blank\" rel=\"noopener\">Le Parisien<\/a>.<\/p>\n<p class=\" wall-content\">Ces affaires concernent des \u00e9coles maternelles des 10e, 19e et 20e arrondissements. \u00c0 <strong>l\u2019\u00e9cole Aqueduc<\/strong> dans le 10e arrondissement, un signalement de parents concernant un enseignant a \u00e9t\u00e9 fait le 14\u00a0octobre, a pr\u00e9cis\u00e9 le rectorat \u00e0 l\u2019AFP.<\/p>\n<p class=\" wall-content\">L\u2019enseignant a \u00e9t\u00e9 suspendu le jour-m\u00eame et un signalement \u00e0 la procureure de la R\u00e9publique a \u00e9t\u00e9 fait. Une <strong>r\u00e9union avec les parents<\/strong> s\u2019est tenue le 16\u00a0octobre et une cellule psychologique a \u00e9t\u00e9 mise en place.<\/p>\n<p class=\" wall-content\">Dans le 20e arrondissement, une enseignante de <strong>l\u2019\u00e9cole Grands-Champs<\/strong> a \u00e9t\u00e9 suspendue le 30\u00a0septembre, \u00e0 la suite d\u2019un signalement d\u2019un parent re\u00e7u par la directrice. Un signalement a aussi \u00e9t\u00e9 fait \u00e0 la procureure, les parents r\u00e9unis et une cellule d\u2019\u00e9coute mise en place.<\/p>\n<p class=\" wall-content\">Selon Le Parisien, cette enseignante serait soup\u00e7onn\u00e9e d\u2019avoir fait <strong>entrer \u00e0 plusieurs reprises son compagnon<\/strong> au sein de l\u2019\u00e9cole, et celui-ci serait accus\u00e9 d\u2019avoir agress\u00e9 sexuellement un enfant. Le rectorat a pr\u00e9cis\u00e9 qu\u2019une enqu\u00eate administrative \u00e9tait en cours pour \u00ab\u2009comprendre ce qui s\u2019est pass\u00e9 pour qu\u2019une personne ext\u00e9rieure ait pu entrer dans l\u2019\u00e9cole\u2009\u00bb.<\/p>\n<p class=\" wall-content\">Enfin, \u00e0 <strong>l\u2019\u00e9cole Fessart<\/strong> (19e), un signalement concernant un enseignant a \u00e9t\u00e9 re\u00e7u le 24 octobre, pendant les vacances scolaires, a indiqu\u00e9 le rectorat. Sa suspension a pris effet \u00e0 la rentr\u00e9e. La rectrice a \u00e9galement fait un signalement \u00e0 la procureure de Paris et les parents ont \u00e9t\u00e9 r\u00e9unis.<\/p>\n<p>Votre r\u00e9gion, votre actu !<\/p>\n<p>Recevez chaque jour les infos qui comptent pour vous.<\/p>\n<p>\t<a href=\"https:\/\/actu.fr\/newsletter\" class=\"ac-btn ac-btn--corner ac-btn--medium ac-btn--blue800\" target=\"_blank\" rel=\"noopener\">S&rsquo;incrire<\/a><br \/>\n\u00ab\u00a0Ma d\u00e9termination est totale\u00a0\u00bb<\/p>\n<p class=\" wall-content\">\u00ab\u2009Au-del\u00e0 des mesures qui ont \u00e9t\u00e9 prises dans ces trois situations [\u2026], <strong>ma d\u00e9termination est totale<\/strong> pour pr\u00e9venir et pour agir contre les violences faites aux enfants\u2009\u00bb, a soulign\u00e9 aupr\u00e8s de l\u2019AFP la rectrice de Paris, Julie Benetti.<\/p>\n<p class=\" wall-content\">Elle a pr\u00e9cis\u00e9 avoir demand\u00e9 que la formation \u00e0 l\u2019\u00c9ducation affective et relationnelle (Evar) soit \u00ab\u2009d\u00e9ploy\u00e9e en priorit\u00e9 dans ces \u00e9coles\u2009\u00bb, et que sa mise en \u0153uvre cette ann\u00e9e soit \u00ab\u2009un levier\u2009\u00bb pour lutter contre les violences.<\/p>\n<p class=\" wall-content\">La rectrice a aussi annonc\u00e9 qu\u2019une \u00ab\u2009formation sp\u00e9cifique \u00e0 la s\u00e9curit\u00e9 physique et affective des enfants\u2009\u00bb serait \u00ab\u2009d\u00e9ploy\u00e9e cette ann\u00e9e\u2009\u00bb pour les directeurs d\u2019\u00e9coles parisiens. Interrog\u00e9 par l\u2019AFP lors d\u2019un d\u00e9placement dans la capitale vendredi, le ministre de l\u2019\u00c9ducation nationale, \u00c9douard Geffray, a soulign\u00e9 la n\u00e9cessit\u00e9 \u00ab\u2009cat\u00e9gorique\u2009\u00bb de \u00ab\u2009<strong>prot\u00e9ger les enfants<\/strong> dont on a la charge\u2009\u00bb et de faire preuve d\u2019une \u00ab\u2009vigilance accrue\u2009\u00bb.<\/p>\n<p class=\" wall-content\">Avec AFP.<\/p>\n<p class=\" wall-content\">Personnalisez votre actualit\u00e9 en ajoutant vos villes et m\u00e9dias en favori avec <a href=\"https:\/\/moncompte.actu.fr\" title=\"D\u00e9couvez Mon Actu\" rel=\"nofollow noopener\" data-trk=\"{&quot;cta&quot;:{&quot;action&quot;:&quot;https:\\\/\\\/moncompte.actu.fr&quot;,&quot;category&quot;:&quot;mon compte&quot;,&quot;from&quot;:&quot;article footer&quot;,&quot;name&quot;:&quot;Mon actu&quot;,&quot;type&quot;:&quot;cta&quot;}}\" target=\"_blank\">Mon Actu<\/a>.<\/p>\n","protected":false},"excerpt":{"rendered":"Par R\u00e9daction Paris Publi\u00e9 le 7 nov. 2025 \u00e0 17h18 \u00ab\u2009Depuis la rentr\u00e9e scolaire, l\u2019acad\u00e9mie de Paris a&hellip;\n","protected":false},"author":2,"featured_media":519554,"comment_status":"","ping_status":"","sticky":false,"template":"","format":"standard","meta":{"footnotes":""},"categories":[1888],"tags":[1111,1928,11,1927,4019,1719,1777,674,118,1011,27,12,1926,626,1925,25,799],"class_list":{"0":"post-519553","1":"post","2":"type-post","3":"status-publish","4":"format-standard","5":"has-post-thumbnail","7":"category-paris","8":"tag-actu","9":"tag-actu-paris","10":"tag-actualites","11":"tag-actualites-paris","12":"tag-ecoles","13":"tag-enfants","14":"tag-eu","15":"tag-europe","16":"tag-faits-divers","17":"tag-fr","18":"tag-france","19":"tag-news","20":"tag-news-paris","21":"tag-paris","22":"tag-paris-news","23":"tag-republique-francaise","24":"tag-violences-sexuelles"},"share_on_mastodon":{"url":"https:\/\/pubeurope.com\/@fr\/115511635783770130","error":""},"_links":{"self":[{"href":"https:\/\/www.europesays.com\/fr\/wp-json\/wp\/v2\/posts\/519553","targetHints":{"allow":["GET"]}}],"collection":[{"href":"https:\/\/www.europesays.com\/fr\/wp-json\/wp\/v2\/posts"}],"about":[{"href":"https:\/\/www.europesays.com\/fr\/wp-json\/wp\/v2\/types\/post"}],"author":[{"embeddable":true,"href":"https:\/\/www.europesays.com\/fr\/wp-json\/wp\/v2\/users\/2"}],"replies":[{"embeddable":true,"href":"https:\/\/www.europesays.com\/fr\/wp-json\/wp\/v2\/comments?post=519553"}],"version-history":[{"count":0,"href":"https:\/\/www.europesays.com\/fr\/wp-json\/wp\/v2\/posts\/519553\/revisions"}],"wp:featuredmedia":[{"embeddable":true,"href":"https:\/\/www.europesays.com\/fr\/wp-json\/wp\/v2\/media\/519554"}],"wp:attachment":[{"href":"https:\/\/www.europesays.com\/fr\/wp-json\/wp\/v2\/media?parent=519553"}],"wp:term":[{"taxonomy":"category","embeddable":true,"href":"https:\/\/www.europesays.com\/fr\/wp-json\/wp\/v2\/categories?post=519553"},{"taxonomy":"post_tag","embeddable":true,"href":"https:\/\/www.europesays.com\/fr\/wp-json\/wp\/v2\/tags?post=519553"}],"curies":[{"name":"wp","href":"https:\/\/api.w.org\/{rel}","templated":true}]}}