{"id":519555,"date":"2025-11-08T02:07:30","date_gmt":"2025-11-08T02:07:30","guid":{"rendered":"https:\/\/www.europesays.com\/fr\/519555\/"},"modified":"2025-11-08T02:07:30","modified_gmt":"2025-11-08T02:07:30","slug":"trois-enseignants-de-maternelle-a-paris-suspendus","status":"publish","type":"post","link":"https:\/\/www.europesays.com\/fr\/519555\/","title":{"rendered":"trois enseignants de maternelle \u00e0 Paris suspendus"},"content":{"rendered":"<p>\n    Ces affaires concernent des \u00e9coles maternelles des Xe, XIXe et XXe arrondissements.<\/p>\n<p class=\"fig-paragraph\">Trois enseignants d&rsquo;\u00e9coles maternelles parisiennes ont \u00e9t\u00e9 suspendus ces derni\u00e8res semaines apr\u00e8s des soup\u00e7ons de \u00abviolences sexuelles\u00bb, a indiqu\u00e9 vendredi 7 novembre le rectorat de\u00a0<a href=\"https:\/\/www.lefigaro.fr\/tag\/paris\" target=\"_blank\" rel=\"sponsored noopener\" data-gtm-custom-categorie=\"navigation\" data-gtm-custom-action=\"crossclick\" data-gtm-custom-label=\"Contextuel\" data-gtm-event=\"customEventSPE\">Paris<\/a>, confirmant des informations du journal Le Parisien. \u00abDepuis la rentr\u00e9e scolaire, l&rsquo;acad\u00e9mie de Paris a proc\u00e9d\u00e9 \u00e0 la suspension de trois professeurs des \u00e9coles \u00e0 la suite de plaintes portant sur des faits pr\u00e9sum\u00e9s de\u00a0<a href=\"https:\/\/www.lefigaro.fr\/tag\/violences-sexuelles\" target=\"_blank\" rel=\"sponsored noopener\" data-gtm-custom-categorie=\"navigation\" data-gtm-custom-action=\"crossclick\" data-gtm-custom-label=\"Contextuel\" data-gtm-event=\"customEventSPE\">violences sexuelles<\/a> \u00a0sur des enfants\u00bb, a indiqu\u00e9 le rectorat dans un communiqu\u00e9.<\/p>\n<p>Enqu\u00eate administrative en cours<\/p>\n<p class=\"fig-paragraph\">Ces affaires concernent des \u00e9coles maternelles des Xe, XIXe et XXe arrondissements. \u00c0 l&rsquo;\u00e9cole Aqueduc dans le Xe arrondissement, un signalement de parents concernant un enseignant a \u00e9t\u00e9 fait le 14 octobre, a pr\u00e9cis\u00e9 le rectorat \u00e0 l&rsquo;AFP. L&rsquo;enseignant a \u00e9t\u00e9 suspendu le jour m\u00eame et un signalement \u00e0 la procureure de la R\u00e9publique a \u00e9t\u00e9 fait. Une r\u00e9union avec les parents s&rsquo;est tenue le 16 octobre et une cellule psychologique a \u00e9t\u00e9 mise en place. Dans le XXe arrondissement, une enseignante de l&rsquo;\u00e9cole Grands-Champs a \u00e9t\u00e9 suspendue le 30 septembre, \u00e0 la suite d&rsquo;un signalement d&rsquo;un parent re\u00e7u par la directrice. Un signalement a aussi \u00e9t\u00e9 fait \u00e0 la procureur, les parents r\u00e9unis et une cellule d&rsquo;\u00e9coute mise en place.<\/p>\n<p>                                    <a class=\"fig-a11y-skip a11y-hidden\" href=\"#fig-a11y-skip-main-inarticle\"><br \/>\n        Passer la publicit\u00e9<br \/>\n    <\/a><\/p>\n<p class=\"fig-paragraph\">Selon Le Parisien, cette enseignante serait soup\u00e7onn\u00e9e d&rsquo;avoir fait entrer \u00e0 plusieurs reprises son compagnon au sein de l&rsquo;\u00e9cole, et celui-ci serait accus\u00e9 d&rsquo;avoir agress\u00e9 sexuellement un enfant. Le rectorat a pr\u00e9cis\u00e9 qu&rsquo;une enqu\u00eate administrative \u00e9tait en cours pour \u00abcomprendre ce qui s&rsquo;est pass\u00e9 pour qu&rsquo;une personne ext\u00e9rieure ait pu entrer dans l&rsquo;\u00e9cole\u00bb. Enfin, \u00e0 l&rsquo;\u00e9cole Fessart (XIXe), un signalement concernant un enseignant a \u00e9t\u00e9 re\u00e7u le 24 octobre, pendant les vacances scolaires, a indiqu\u00e9 le rectorat. Sa suspension a pris effet au retour des vacances. La rectrice a \u00e9galement fait un signalement \u00e0 la procureure de Paris et les parents ont \u00e9t\u00e9 r\u00e9unis.<\/p>\n<p class=\"fig-paragraph\">\u00abAu-del\u00e0 des mesures qui ont \u00e9t\u00e9 prises dans ces trois situations (&#8230;), ma d\u00e9termination est totale pour pr\u00e9venir et pour agir contre les violences faites aux enfants\u00bb, a soulign\u00e9 aupr\u00e8s de l&rsquo;AFP la rectrice de Paris, Julie Benetti. Elle a pr\u00e9cis\u00e9 avoir demand\u00e9 que la formation \u00e0 l&rsquo;\u00c9ducation affective et relationnelle (Evar) soit \u00abd\u00e9ploy\u00e9e en priorit\u00e9 dans ces \u00e9coles\u00bb, et que sa mise en \u0153uvre cette ann\u00e9e soit \u00abun levier\u00bb pour lutter contre les violences. La rectrice a aussi annonc\u00e9 qu&rsquo;une \u00abformation sp\u00e9cifique \u00e0 la s\u00e9curit\u00e9 physique et affective des enfants\u00bb serait \u00abd\u00e9ploy\u00e9e cette ann\u00e9e\u00bb pour les directeurs d&rsquo;\u00e9coles parisiens. Interrog\u00e9 par l&rsquo;AFP lors d&rsquo;un d\u00e9placement dans la capitale vendredi, le ministre de l&rsquo;\u00c9ducation nationale, \u00c9douard Geffray, a soulign\u00e9 la n\u00e9cessit\u00e9 \u00abcat\u00e9gorique\u00bb de \u00abprot\u00e9ger les enfants dont on a la charge\u00bb et de faire preuve d&rsquo;une \u00abvigilance accrue\u00bb.<\/p>\n","protected":false},"excerpt":{"rendered":"Ces affaires concernent des \u00e9coles maternelles des Xe, XIXe et XXe arrondissements. Trois enseignants d&rsquo;\u00e9coles maternelles parisiennes ont&hellip;\n","protected":false},"author":2,"featured_media":519556,"comment_status":"","ping_status":"","sticky":false,"template":"","format":"standard","meta":{"footnotes":""},"categories":[1888],"tags":[1111,1928,11,1927,1267,6688,11271,1777,674,1011,27,12,1926,626,1925,25],"class_list":{"0":"post-519555","1":"post","2":"type-post","3":"status-publish","4":"format-standard","5":"has-post-thumbnail","7":"category-paris","8":"tag-actu","9":"tag-actu-paris","10":"tag-actualites","11":"tag-actualites-paris","12":"tag-agression-sexuelle","13":"tag-ecole-maternelle","14":"tag-enseignants","15":"tag-eu","16":"tag-europe","17":"tag-fr","18":"tag-france","19":"tag-news","20":"tag-news-paris","21":"tag-paris","22":"tag-paris-news","23":"tag-republique-francaise"},"share_on_mastodon":{"url":"https:\/\/pubeurope.com\/@fr\/115511639643229977","error":""},"_links":{"self":[{"href":"https:\/\/www.europesays.com\/fr\/wp-json\/wp\/v2\/posts\/519555","targetHints":{"allow":["GET"]}}],"collection":[{"href":"https:\/\/www.europesays.com\/fr\/wp-json\/wp\/v2\/posts"}],"about":[{"href":"https:\/\/www.europesays.com\/fr\/wp-json\/wp\/v2\/types\/post"}],"author":[{"embeddable":true,"href":"https:\/\/www.europesays.com\/fr\/wp-json\/wp\/v2\/users\/2"}],"replies":[{"embeddable":true,"href":"https:\/\/www.europesays.com\/fr\/wp-json\/wp\/v2\/comments?post=519555"}],"version-history":[{"count":0,"href":"https:\/\/www.europesays.com\/fr\/wp-json\/wp\/v2\/posts\/519555\/revisions"}],"wp:featuredmedia":[{"embeddable":true,"href":"https:\/\/www.europesays.com\/fr\/wp-json\/wp\/v2\/media\/519556"}],"wp:attachment":[{"href":"https:\/\/www.europesays.com\/fr\/wp-json\/wp\/v2\/media?parent=519555"}],"wp:term":[{"taxonomy":"category","embeddable":true,"href":"https:\/\/www.europesays.com\/fr\/wp-json\/wp\/v2\/categories?post=519555"},{"taxonomy":"post_tag","embeddable":true,"href":"https:\/\/www.europesays.com\/fr\/wp-json\/wp\/v2\/tags?post=519555"}],"curies":[{"name":"wp","href":"https:\/\/api.w.org\/{rel}","templated":true}]}}